{"id":50884,"date":"2025-10-01T21:37:11","date_gmt":"2025-10-01T21:37:11","guid":{"rendered":"https:\/\/www.europesays.com\/fi\/50884\/"},"modified":"2025-10-01T21:37:11","modified_gmt":"2025-10-01T21:37:11","slug":"digita-tekee-taajuusmuutostoita-jyvaskylan-radio-ja-tv-asemalla-keskiviikkona-1-10-katkos-osaan-tv-lahetyksista-ja-muutostoiden-jalkeen-tehtava-tarvittaessa-kanavahaku","status":"publish","type":"post","link":"https:\/\/www.europesays.com\/fi\/50884\/","title":{"rendered":"Digita tekee taajuusmuutost\u00f6it\u00e4 Jyv\u00e4skyl\u00e4n radio- ja tv-asemalla keskiviikkona 1.10. \u2013 katkos osaan tv-l\u00e4hetyksist\u00e4 ja muutost\u00f6iden j\u00e4lkeen teht\u00e4v\u00e4 tarvittaessa kanavahaku"},"content":{"rendered":"<p>\t\t\t\t\t\t<img loading=\"lazy\" width=\"1024\" height=\"576\" class=\"single-to-date-page__main-section__img single-to-date-page__main-section__img__web\" alt=\"\" decoding=\"async\" src=\"https:\/\/www.europesays.com\/fi\/wp-content\/uploads\/2025\/10\/Masto_lahikuva.jpg\"  data- data-lazy=\"\"\/>\t\t\t\t\t\t<img width=\"1024\" height=\"576\" class=\"single-to-date-page__main-section__img single-to-date-page__main-section__img__mobile\" alt=\"\" decoding=\"async\" fetchpriority=\"high\" src=\"https:\/\/www.europesays.com\/fi\/wp-content\/uploads\/2025\/10\/Masto_lahikuva.jpg\"  data- data-lazy=\"\"\/>\t\t\t\t\t<\/p>\n<p class=\"single-to-date-page__main-sectio__date\">\n<p>\t\t\t\t\t\t\t<strong><br \/>\n\t\t\t\t\t\t\tJulkaistu:\t\t\t\t\t\t\t30.9.2025\t\t\t\t\t\t\t<\/strong><\/p>\n<p><strong>Digita tekee taajuusmuutost\u00f6it\u00e4 Jyv\u00e4skyl\u00e4n radio- ja tv-asemalla huomenna keskiviikkona 1.10.2025. Muutoksista aiheutuu noin 30 minuutin katkos B-kanavanipussa l\u00e4hetett\u00e4ville tv-kanaville (Yle TV 1 HD, Yle TV 2 HD, Yle Teema &amp; Fem HD, MTV3 HD, Nelonen HD ja onniTV HD) klo 11.00\u201312.30 v\u00e4lisen\u00e4 aikana. Katkos vaikuttaa my\u00f6s seuraavilla t\u00e4ytel\u00e4hetinasemilla: Joutsa (Lankia), Jyv\u00e4skyl\u00e4 (Vaajakoski) J\u00e4ms\u00e4 (Halli, Kaipola, Matkosvuori), J\u00e4ms\u00e4nkoski, Korpilahti (Vaarunvuori), Keuruu (Haapam\u00e4ki, H\u00e4nt\u00e4m\u00e4ki), Laukaa (Vihtavuori), Luhanka, Pieks\u00e4m\u00e4ki (Halkokumpu), Saarij\u00e4rvi (L\u00e4hdekuja, Mahlu) ja \u00c4\u00e4nekoski (Konginkangas).<\/strong><\/p>\n<p>Jyv\u00e4skyl\u00e4n p\u00e4\u00e4l\u00e4hetysaseman lis\u00e4ksi my\u00f6s seuraavien t\u00e4ytel\u00e4hetinasemien B-kanavanipun taajuus muuttuu: Jyv\u00e4skyl\u00e4 (Vaajakoski), J\u00e4ms\u00e4 J\u00e4ms\u00e4nkoski, Korpilahti (Vaarunvuori), Laukaa ja Laukaa Vihtavuori. P\u00e4ivitetyt taajuudet voi katsoa <a href=\"https:\/\/www.digita.fi\/antennitv\/vapaat-kanavat-ja-vastaanotto\/hyodyllista-tietoa-tvsta\/taajuudet\/\" rel=\"nofollow noopener\" target=\"_blank\">digita.fi-sivulta<\/a>. Taajuusmuutost\u00f6iden peittoalueen voi katsoa Digitan nettisivuilla olevasta <a href=\"https:\/\/www.digita.fi\/verkkojen-saatavuus\/antennitvn-kartta-ja-saatavuus\/\" rel=\"nofollow noopener\" target=\"_blank\">karttapalvelusta<\/a>. Taajuusmuutoksessa otetaan k\u00e4ytt\u00f6\u00f6n HD-siirtym\u00e4n my\u00f6t\u00e4 vapautuneita, samalla asemalla aiemmin k\u00e4yt\u00f6ss\u00e4 olleita, hyv\u00e4ksi havaittuja radiotaajuuksia.<\/p>\n<p>Muutost\u00f6iden j\u00e4lkeen antenni-tv-kotitalouksissa tulee tarvittaessa tehd\u00e4 kanavahaku.\u200b Digita tiedottaa viestint\u00e4kanavissaan ja l\u00e4hett\u00e4\u00e4 tiedotteen medialle, kun muutosty\u00f6t ovat p\u00e4\u00e4ttyneet ja kanavahaun voi tehd\u00e4.<\/p>\n<p><strong>Ohjeistus kanavahakuun<\/strong><\/p>\n<p>Useimmat vastaanottimet etsiv\u00e4t kanavat automaattisesti. Kuluttajan kannattaa tehd\u00e4 kanavahaku, jos vastaanotossa on haasteita. Jotkin vanhemmista vastaanottimista saattavat vaatia tehdasasetusten palauttamisen ennen kanavahaun tekemist\u00e4. Ohjeet kanavien viritykseen l\u00f6ytyv\u00e4t laitteen k\u00e4ytt\u00f6oppaasta sek\u00e4 <a href=\"https:\/\/www.digita.fi\/antennitv\/vapaat-kanavat-ja-vastaanotto\/hyodyllista-tietoa-tvsta\/tv-kanavahaku\/\" rel=\"nofollow noopener\" target=\"_blank\">digita.fi-<\/a>sivustolta.<\/p>\n<p>My\u00f6s Digitan kuluttajapalvelun Digita Infon tekniset asiantuntijat auttavat antenni-tv-vastaanottoon liittyviss\u00e4 kysymyksiss\u00e4. Digita Info palvelee maanantaista perjantaihin klo 8\u201320 puh. 020 411 7676 tai info@digita.fi. Digita Infoon soittaminen maksaa normaalin puheluhinnan verran. Hinnat voivat vaihdella hieman liittym\u00e4tyypin mukaan (mpm\/pvm). Palveluun jonotus on maksullinen.<\/p>\n<p><a href=\"https:\/\/www.digita.fi\/app\/uploads\/2025\/09\/Jyvaskyla.png\" rel=\"nofollow noopener\" target=\"_blank\"><img loading=\"lazy\" decoding=\"async\" class=\"wp-image-48170 size-medium\" src=\"https:\/\/www.europesays.com\/fi\/wp-content\/uploads\/2025\/10\/Jyvaskyla-300x226.png\" alt=\"\" width=\"300\" height=\"226\"  \/><\/a><\/p>\n<p>Jyv\u00e4skyl\u00e4n peittoalue, klikkaa saadaksesi tarkemman kuvan.<br \/>Digita\/Viestint\u00e4<\/p>\n","protected":false},"excerpt":{"rendered":"Julkaistu: 30.9.2025 Digita tekee taajuusmuutost\u00f6it\u00e4 Jyv\u00e4skyl\u00e4n radio- ja tv-asemalla huomenna keskiviikkona 1.10.2025. Muutoksista aiheutuu noin 30 minuutin katkos&hellip;\n","protected":false},"author":2,"featured_media":50885,"comment_status":"","ping_status":"","sticky":false,"template":"","format":"standard","meta":{"footnotes":""},"categories":[132],"tags":[137,33,31,30,195,47,32,109],"class_list":{"0":"post-50884","1":"post","2":"type-post","3":"status-publish","4":"format-standard","5":"has-post-thumbnail","7":"category-musiikki","8":"tag-entertainment","9":"tag-fi","10":"tag-finland","11":"tag-finnish","12":"tag-music","13":"tag-musiikki","14":"tag-suomi","15":"tag-viihde"},"share_on_mastodon":{"url":"","error":""},"_links":{"self":[{"href":"https:\/\/www.europesays.com\/fi\/wp-json\/wp\/v2\/posts\/50884","targetHints":{"allow":["GET"]}}],"collection":[{"href":"https:\/\/www.europesays.com\/fi\/wp-json\/wp\/v2\/posts"}],"about":[{"href":"https:\/\/www.europesays.com\/fi\/wp-json\/wp\/v2\/types\/post"}],"author":[{"embeddable":true,"href":"https:\/\/www.europesays.com\/fi\/wp-json\/wp\/v2\/users\/2"}],"replies":[{"embeddable":true,"href":"https:\/\/www.europesays.com\/fi\/wp-json\/wp\/v2\/comments?post=50884"}],"version-history":[{"count":0,"href":"https:\/\/www.europesays.com\/fi\/wp-json\/wp\/v2\/posts\/50884\/revisions"}],"wp:featuredmedia":[{"embeddable":true,"href":"https:\/\/www.europesays.com\/fi\/wp-json\/wp\/v2\/media\/50885"}],"wp:attachment":[{"href":"https:\/\/www.europesays.com\/fi\/wp-json\/wp\/v2\/media?parent=50884"}],"wp:term":[{"taxonomy":"category","embeddable":true,"href":"https:\/\/www.europesays.com\/fi\/wp-json\/wp\/v2\/categories?post=50884"},{"taxonomy":"post_tag","embeddable":true,"href":"https:\/\/www.europesays.com\/fi\/wp-json\/wp\/v2\/tags?post=50884"}],"curies":[{"name":"wp","href":"https:\/\/api.w.org\/{rel}","templated":true}]}}