{"id":50888,"date":"2025-10-01T21:41:09","date_gmt":"2025-10-01T21:41:09","guid":{"rendered":"https:\/\/www.europesays.com\/fi\/50888\/"},"modified":"2025-10-01T21:41:09","modified_gmt":"2025-10-01T21:41:09","slug":"ttkssa-kisaava-marko-anttila-liikuttava-perhepaljastus","status":"publish","type":"post","link":"https:\/\/www.europesays.com\/fi\/50888\/","title":{"rendered":"TTK:ssa kisaava Marko Anttila: Liikuttava perhepaljastus!"},"content":{"rendered":"<p>            ATTE KAJOVA\n        <\/p>\n<p class=\"subtitle \">Perhe on ollut kultaleijonan vankka tuki tanssikisan aikana.<\/p>\n<p class=\"article-content article-content-width !bg-background\">Kiekkot\u00e4hti , 40, on loistanut kuluvana syksyn\u00e4 aivan uuden lajin parissa. H\u00e4n kisailee parhaillaan Tanssii t\u00e4htien kanssa -ohjelmassa opettajaparinsa  kanssa.<\/p>\n<p class=\"font-weight-bold m-font-weight-bold article-content article-content-width !bg-background\">Marko kertoo vuoden 2023 arkistovideolla urastaan:<\/p>\n<p class=\"article-content article-content-width !bg-background\">Vaikka kultaleijonan viikot ovatkin t\u00e4yttyneet tanssitreeneist\u00e4, on h\u00e4n ehtinyt viett\u00e4m\u00e4\u00e4n my\u00f6s hieman vapaa-aikaa.  tapasi Markon Kyll\u00e4 is\u00e4 osaa Lapissa -elokuvan kutsuvierasensi-illassa 30. syyskuuta.\u00a0<\/p>\n<p>        <a itemprop=\"url\" href=\"https:\/\/www.seiska.fi\/katso\/ttk-marko-anttila-ja-kia-lehmuskoski-vaikeuksissa\/1942507\" rel=\"nofollow noopener\" target=\"_blank\"><\/p>\n<p>\nMarko Anttila ja Kia Lehmuskoski\n<\/p>\n<p class=\"section-date\">\n        <strong class=\"article-section\" data-section=\"katso\"><br \/>\n            katso<br \/>\n        <\/strong><br \/>\n        26.9. 13:15\n    <\/p>\n<p>TTK: Marko Anttila ja Kia Lehmuskoski vaikeuksissa\n    <\/p>\n<p itemprop=\"description\" class=\"subtitle \">\n    Tanssii t\u00e4htien kanssa -t\u00e4htiparin viikko ei ole ollut helppo.\n<\/p>\n<p>        <\/a><\/p>\n<p class=\"article-content article-content-width !bg-background\">\u2013 Treenit ovat menneet hikisesti, Marko kertoo iloisesti.<\/p>\n<p class=\"article-content article-content-width !bg-background\">\u2013 T\u00e4m\u00e4 on mukavaa vaihtelua, saa v\u00e4h\u00e4n muuta ajateltavaa.\u00a0<\/p>\n<p>                <img decoding=\"async\" src=\"https:\/\/www.europesays.com\/fi\/wp-content\/uploads\/2025\/10\/1948489.webp\" width=\"576\" height=\"720\" alt=\"Marko on ehtinyt syksyll\u00e4 ty\u00f6skentelem\u00e4\u00e4n my\u00f6s Ilves -joukkueen parissa.\" loading=\"lazy\" \/>            <\/p>\n<p>\n            Marko on ehtinyt syksyll\u00e4 ty\u00f6skentelem\u00e4\u00e4n my\u00f6s Ilves -joukkueen parissa.<br \/>\n            ATTE KAJOVA\n        <\/p>\n<p>Vaimo ja tyt\u00e4r kannustavat<\/p>\n<p class=\"article-content article-content-width !bg-background\">Marko on nauttinut t\u00e4h\u00e4nastisesta tanssitaipaleestaan suuresti. Projekti kuitenkin vaatii paljon, my\u00f6s kotijoukoilta. Ex-j\u00e4\u00e4kiekkoilija on saanut hurjasti tukea vaimoltaan  sek\u00e4 pariskunnan alakouluik\u00e4iselt\u00e4 tytt\u00e4relt\u00e4.\u00a0<\/p>\n<p>        <a itemprop=\"url\" href=\"https:\/\/www.seiska.fi\/kotimaa\/marko-anttilan-kauhunhetket-karjui-kurkku-suorana\/1931518\" rel=\"nofollow noopener\" target=\"_blank\"><\/p>\n<p>\nMarko-M\u00f6rk\u00f6n kauhunhetket\n<\/p>\n<p class=\"section-date\">\n        <strong class=\"article-section\" data-section=\"kotimaa\"><br \/>\n            kotimaa<br \/>\n        <\/strong><br \/>\n        15.9. 17:30\n    <\/p>\n<p>Marko Anttilan kauhunhetket \u2013 karjui kurkku suorana\n    <\/p>\n<p itemprop=\"description\" class=\"subtitle \">\n    M\u00f6rk\u00f6 kertoo Seiskalle joutuneensa kohtaamaan pahimmat pelkonsa.\n<\/p>\n<p>        <\/a><\/p>\n<p class=\"article-content article-content-width !bg-background\">\u2013 He ovat auttaneet paljon, kiitos siit\u00e4 heille. Olen viikot Helsingiss\u00e4 ja he py\u00f6ritt\u00e4v\u00e4t kotipalettia Tampereella, Marko selitt\u00e4\u00e4.\u00a0<\/p>\n<p>Kiitollinen is\u00e4<\/p>\n<p class=\"article-content article-content-width !bg-background\">Sek\u00e4 Heidi-vaimo ett\u00e4 tyt\u00e4r ovat innokkaita tanssijoita. Kotoa onkin tullut runsaasti neuvoja, kuinka Marko voisi loistaa parketilla viel\u00e4 kirkkaammin. J\u00e4lkikasvulta saatu palaute on ollut t\u00e4h\u00e4n menness\u00e4 pelk\u00e4st\u00e4\u00e4n my\u00f6nteist\u00e4.\u00a0<\/p>\n<p>                <img decoding=\"async\" src=\"https:\/\/www.europesays.com\/fi\/wp-content\/uploads\/2025\/10\/1948497.webp\" width=\"576\" height=\"720\" alt=\"Marko ja Kia esittelev\u00e4t taitojaan j\u00e4lleen ensi sunnuntaina.\" loading=\"lazy\" \/>            <\/p>\n<p>\n            Marko ja Kia esittelev\u00e4t taitojaan j\u00e4lleen ensi sunnuntaina.<br \/>\n            Timo Korhonen\n        <\/p>\n<p class=\"article-content article-content-width !bg-background\">\u2013 H\u00e4n on ollut seuraamassa jokaista live\u00e4 paikan p\u00e4\u00e4ll\u00e4, Marko paljastaa jatkaen:<\/p>\n<p class=\"article-content article-content-width !bg-background\">\u2013 Se on ollut my\u00f6s itselleni iso asia, ett\u00e4 olemme p\u00e4\u00e4sseet viett\u00e4m\u00e4\u00e4n aikaa yhdess\u00e4.<\/p>\n<p>        <a itemprop=\"url\" href=\"https:\/\/www.seiska.fi\/urheilu\/marko-anttila-tunnustaa-karun-kaanteen-ttk-kulisseissa\/1930125\" rel=\"nofollow noopener\" target=\"_blank\"><\/p>\n<p>\nNyt puhuu M\u00f6rk\u00f6\n<\/p>\n<p class=\"section-date\">\n        <strong class=\"article-section\" data-section=\"urheilu\"><br \/>\n            urheilu<br \/>\n        <\/strong><br \/>\n        14.9. 07:30\n    <\/p>\n<p>Marko Anttila tunnustaa karun k\u00e4\u00e4nteen TTK-kulisseissa\n    <\/p>\n<p itemprop=\"description\" class=\"subtitle \">\n    Kia Lehmuskosken kanssa tv-parketilla s\u00e4v\u00e4ytt\u00e4nyt M\u00f6rk\u00f6 tunnustaa karut tosiasiat.\n<\/p>\n<p>        <\/a><\/p>\n","protected":false},"excerpt":{"rendered":"ATTE KAJOVA Perhe on ollut kultaleijonan vankka tuki tanssikisan aikana. Kiekkot\u00e4hti , 40, on loistanut kuluvana syksyn\u00e4 aivan&hellip;\n","protected":false},"author":2,"featured_media":50889,"comment_status":"","ping_status":"","sticky":false,"template":"","format":"standard","meta":{"footnotes":""},"categories":[130],"tags":[137,33,31,30,12601,1143,12602,2430,1127,2429,5355,32,903,12600,3489,1700,6137,109],"class_list":{"0":"post-50888","1":"post","2":"type-post","3":"status-publish","4":"format-standard","5":"has-post-thumbnail","7":"category-viihde","8":"tag-entertainment","9":"tag-fi","10":"tag-finland","11":"tag-finnish","12":"tag-heidi-anttila","13":"tag-jaakiekko","14":"tag-kannustus","15":"tag-kia-lehmuskoski","16":"tag-lapsi","17":"tag-marko-anttila","18":"tag-paljastus","19":"tag-suomi","20":"tag-tanssii-tahtien-kanssa","21":"tag-tuki","22":"tag-tytar","23":"tag-urheilulaji","24":"tag-vaimo","25":"tag-viihde"},"share_on_mastodon":{"url":"","error":""},"_links":{"self":[{"href":"https:\/\/www.europesays.com\/fi\/wp-json\/wp\/v2\/posts\/50888","targetHints":{"allow":["GET"]}}],"collection":[{"href":"https:\/\/www.europesays.com\/fi\/wp-json\/wp\/v2\/posts"}],"about":[{"href":"https:\/\/www.europesays.com\/fi\/wp-json\/wp\/v2\/types\/post"}],"author":[{"embeddable":true,"href":"https:\/\/www.europesays.com\/fi\/wp-json\/wp\/v2\/users\/2"}],"replies":[{"embeddable":true,"href":"https:\/\/www.europesays.com\/fi\/wp-json\/wp\/v2\/comments?post=50888"}],"version-history":[{"count":0,"href":"https:\/\/www.europesays.com\/fi\/wp-json\/wp\/v2\/posts\/50888\/revisions"}],"wp:featuredmedia":[{"embeddable":true,"href":"https:\/\/www.europesays.com\/fi\/wp-json\/wp\/v2\/media\/50889"}],"wp:attachment":[{"href":"https:\/\/www.europesays.com\/fi\/wp-json\/wp\/v2\/media?parent=50888"}],"wp:term":[{"taxonomy":"category","embeddable":true,"href":"https:\/\/www.europesays.com\/fi\/wp-json\/wp\/v2\/categories?post=50888"},{"taxonomy":"post_tag","embeddable":true,"href":"https:\/\/www.europesays.com\/fi\/wp-json\/wp\/v2\/tags?post=50888"}],"curies":[{"name":"wp","href":"https:\/\/api.w.org\/{rel}","templated":true}]}}