{"id":50894,"date":"2025-10-01T21:45:12","date_gmt":"2025-10-01T21:45:12","guid":{"rendered":"https:\/\/www.europesays.com\/fi\/50894\/"},"modified":"2025-10-01T21:45:12","modified_gmt":"2025-10-01T21:45:12","slug":"donald-trump-jakoi-sosiaalisessa-mediassa-tekoalykuvan-youtuben-korvausshekista","status":"publish","type":"post","link":"https:\/\/www.europesays.com\/fi\/50894\/","title":{"rendered":"Donald Trump jakoi sosiaalisessa mediassa teko\u00e4lykuvan YouTuben korvausshekist\u00e4"},"content":{"rendered":"<p>Presidentin viesti jakaa mielipiteit\u00e4.<\/p>\n<p>1.10. 22:02<\/p>\n<p class=\"article-body mb-nof-24 px-nof-16\">Yhdysvaltain presidentti <a class=\"article-personlink\" href=\"https:\/\/www.is.fi\/haku\/?query=Donald%20Trump\" rel=\"nofollow noopener\" target=\"_blank\">Donald Trump<\/a> on jakanut sosiaalisen median kanavissaan huomiota her\u00e4tt\u00e4v\u00e4n kuvan. Mit\u00e4 suurimmalla todenn\u00e4k\u00f6isyydell\u00e4 teko\u00e4lyll\u00e4 laaditussa kuvassa presidentti ottaa vastaan 24,5 miljoonan dollarin (20,9 ,miljoonan euron) shekin teko\u00e4lyll\u00e4 luodulta hahmolta.<\/p>\n<p class=\"article-body mb-nof-24 px-nof-16\">Shekin maksajaksi on merkitty YouTube. Kyseess\u00e4 on viittaus korvauksiin, jotka Trump sai YouTuben emoyhti\u00f6 Alphabetilta oikeusjutun sovittelusta.<\/p>\n<p class=\"article-body mb-nof-24 px-nof-16\"><a class=\"article-genericlink\" href=\"https:\/\/variety.com\/2025\/digital\/news\/trump-celebrates-youtube-settlement-meme-tech-exec-24-5-million-check-1236534721\/\" rel=\"nofollow noopener\" target=\"_blank\">Varietyn<\/a> mukaan hahmo muistuttaa YouTuben toimitusjohtaja <a class=\"article-personlink\" href=\"https:\/\/www.is.fi\/haku\/?query=Neal%20Mohania\" rel=\"nofollow noopener\" target=\"_blank\">Neal Mohania<\/a>.<\/p>\n<p class=\"article-body mb-nof-24 px-nof-16\">YouTube esti tammikuussa 2021 Trumpia lataamasta uutta sis\u00e4lt\u00f6\u00e4 palveluun, koska pelk\u00e4si sen lietsovan v\u00e4kivaltaa. Trumpin kannattajat olivat vallanneet Yhdysvaltain kongressitalon Capitol-kukkulalla noin viikkoa aikaisemmin.<\/p>\n<p class=\"article-body mb-nof-24 px-nof-16\">Lue lis\u00e4\u00e4: <a class=\"article-genericlink\" href=\"https:\/\/www.is.fi\/digitoday\/art-2000007736055.html\" rel=\"nofollow noopener\" target=\"_blank\">Youtube esti Trumpilta palvelun k\u00e4yt\u00f6n v\u00e4hint\u00e4\u00e4n viikoksi<\/a><\/p>\n<p class=\"article-body mb-nof-24 px-nof-16\">X:ss\u00e4 eli entisess\u00e4 Twitteriss\u00e4 Trump jakoi pelk\u00e4n kuvan. Omassa <a class=\"article-genericlink\" href=\"https:\/\/truthsocial.com\/@realDonaldTrump\/posts\/115291190758865206\" rel=\"nofollow noopener\" target=\"_blank\">Truth Social<\/a> -palvelussaan h\u00e4n lis\u00e4si kuvaan oheistekstin:<\/p>\n<p class=\"article-body mb-nof-24 px-nof-16\">\u2013 YouTube ANTAUTUU. Maksaa presidentti Trumpille 24,5 MILJOONAA laittomasta kiellosta. T\u00e4m\u00e4 MASSIIVINEN voitto todistaa, ett\u00e4 teknologiaj\u00e4ttien sensuurilla on seurauksensa. Jokainen luvattomasti estetty patriootti ansaitsee oikeutta! Trump taisteli sananvapauden puolesta ja VOITTI!<\/p>\n<p class=\"article-body mb-nof-24 px-nof-16\">Varietyn mukaan 24,5 miljoonasta dollarista 22 miljoonaa menee Washingtonin National Mall -puistoprojektiin ja Valkoisen talon tanssisalin rakentamiseen. Loput 2,5 miljoonaa menev\u00e4t tapauksen muille kantajille.<\/p>\n<p class=\"article-body mb-nof-24 px-nof-16\">Presidentillinen viestint\u00e4 on her\u00e4tt\u00e4nyt ihmisiss\u00e4 vahvoja reaktioita.<\/p>\n<p class=\"article-body mb-nof-24 px-nof-16\">Moni juhlii Trumpin voittoa teknologiaj\u00e4teist\u00e4. Toiset pit\u00e4v\u00e4t kuvaa huomion ohjaamisena pois Epstein-tiedostoista, joiden ymp\u00e4rill\u00e4 vellova kohu on Trumpille merkitt\u00e4v\u00e4 poliittinen rasite. Jotkut taas paheksuvat presidentin henkil\u00f6kohtaista voitontavoittelua monista ongelmista k\u00e4rsiviss\u00e4 Yhdysvalloissa.<\/p>\n","protected":false},"excerpt":{"rendered":"Presidentin viesti jakaa mielipiteit\u00e4. 1.10. 22:02 Yhdysvaltain presidentti Donald Trump on jakanut sosiaalisen median kanavissaan huomiota her\u00e4tt\u00e4v\u00e4n kuvan.&hellip;\n","protected":false},"author":2,"featured_media":50895,"comment_status":"","ping_status":"","sticky":false,"template":"","format":"standard","meta":{"footnotes":""},"categories":[14],"tags":[22,23,26,27,33,31,30,17,34,24,25,28,29,15,18,21,32,19,20,56,16,59,60,61],"class_list":{"0":"post-50894","1":"post","2":"type-post","3":"status-publish","4":"format-standard","5":"has-post-thumbnail","7":"category-ulkomaat","8":"tag-breaking-news","9":"tag-breakingnews","10":"tag-featured-news","11":"tag-featurednews","12":"tag-fi","13":"tag-finland","14":"tag-finnish","15":"tag-headlines","16":"tag-ilta-sanomat","17":"tag-latest-news","18":"tag-latestnews","19":"tag-main-news","20":"tag-mainnews","21":"tag-news","22":"tag-otsikot","23":"tag-paauutiset","24":"tag-suomi","25":"tag-top-stories","26":"tag-topstories","27":"tag-ulkomaat","28":"tag-uutiset","29":"tag-world","30":"tag-world-news","31":"tag-worldnews"},"share_on_mastodon":{"url":"","error":""},"_links":{"self":[{"href":"https:\/\/www.europesays.com\/fi\/wp-json\/wp\/v2\/posts\/50894","targetHints":{"allow":["GET"]}}],"collection":[{"href":"https:\/\/www.europesays.com\/fi\/wp-json\/wp\/v2\/posts"}],"about":[{"href":"https:\/\/www.europesays.com\/fi\/wp-json\/wp\/v2\/types\/post"}],"author":[{"embeddable":true,"href":"https:\/\/www.europesays.com\/fi\/wp-json\/wp\/v2\/users\/2"}],"replies":[{"embeddable":true,"href":"https:\/\/www.europesays.com\/fi\/wp-json\/wp\/v2\/comments?post=50894"}],"version-history":[{"count":0,"href":"https:\/\/www.europesays.com\/fi\/wp-json\/wp\/v2\/posts\/50894\/revisions"}],"wp:featuredmedia":[{"embeddable":true,"href":"https:\/\/www.europesays.com\/fi\/wp-json\/wp\/v2\/media\/50895"}],"wp:attachment":[{"href":"https:\/\/www.europesays.com\/fi\/wp-json\/wp\/v2\/media?parent=50894"}],"wp:term":[{"taxonomy":"category","embeddable":true,"href":"https:\/\/www.europesays.com\/fi\/wp-json\/wp\/v2\/categories?post=50894"},{"taxonomy":"post_tag","embeddable":true,"href":"https:\/\/www.europesays.com\/fi\/wp-json\/wp\/v2\/tags?post=50894"}],"curies":[{"name":"wp","href":"https:\/\/api.w.org\/{rel}","templated":true}]}}