{"id":50896,"date":"2025-10-01T21:46:07","date_gmt":"2025-10-01T21:46:07","guid":{"rendered":"https:\/\/www.europesays.com\/fi\/50896\/"},"modified":"2025-10-01T21:46:07","modified_gmt":"2025-10-01T21:46:07","slug":"hu-linnanmaen-viereista-huumevessaa-vaaditaan-purettavaksi-ilta-sanomat","status":"publish","type":"post","link":"https:\/\/www.europesays.com\/fi\/50896\/","title":{"rendered":"HU: Linnanm\u00e4en viereist\u00e4 huumevessaa vaaditaan purettavaksi &#8211; Ilta-Sanomat"},"content":{"rendered":"<ol>\n<li><a href=\"https:\/\/news.google.com\/rss\/articles\/CBMiXEFVX3lxTE52ZFFuUjhOeklIUWtMUDR1TWR4TkNGcG5PblhCdVcxeTB6RC1pekkzaGNpNHdWUnU3cDFHT1lnRC1TWXZReTc0ZWVrSEhOZGlQUWMzM3lnQ1RadmRM?oc=5\" target=\"_blank\" rel=\"nofollow noopener\">HU: Linnanm\u00e4en viereist\u00e4 huumevessaa vaaditaan purettavaksi<\/a>&nbsp;&nbsp;Ilta-Sanomat<\/li>\n<li><a href=\"https:\/\/news.google.com\/rss\/articles\/CBMiXEFVX3lxTE43X3htMnNCbW1tZEV0REFwTE1ZdTV0SWdISzRZRDdWLXlpcXlDSUlvWGxyc2J1cnhxSk9KZmUwTXV1TWFoazNPdTlfbVpyR3NVcnlPLXg0aXd4RjZJ?oc=5\" target=\"_blank\" rel=\"nofollow noopener\">Poliisi takavarikoinut enn\u00e4tysm\u00e4\u00e4r\u00e4n t\u00e4t\u00e4 huumetta \u2013 peukku ei ole syrj\u00e4ytt\u00e4nyt<\/a>&nbsp;&nbsp;Ilta-Sanomat<\/li>\n<li><a href=\"https:\/\/news.google.com\/rss\/articles\/CBMie0FVX3lxTE0tOTQzZWtDSHZjQkRBeUY0Z2lrcnBaYWpJZ3hta2NOWUtpTDU4UVBKN3pJOHRSTWVsZVZPQzRCcFZOcldQc3M4UVVSRGpWX1BhU2xIaGNXX0UxUHV3d3FWWXdneEdMZ1VJalNKcTV4bV92YkRmak5FdDEyRQ?oc=5\" target=\"_blank\" rel=\"nofollow noopener\">Kriisi p\u00e4\u00e4ll\u00e4 Helsingiss\u00e4 \u2013 Nyt alkoivat j\u00e4re\u00e4t toimet<\/a>&nbsp;&nbsp;Iltalehti<\/li>\n<li><a href=\"https:\/\/news.google.com\/rss\/articles\/CBMiYEFVX3lxTFBSdzFWZlB3TEN6dmUzdjFhYlppbWtIZjdlOUVBQUtXblhWYUJfeS0xbmdGVG1UWGFreENhSGhqTFVzUEJIbG1UVmlWVlM0R1o1Z3RrVTBhZUxrNjBrV0VGNg?oc=5\" target=\"_blank\" rel=\"nofollow noopener\">Helsinginkadun &#8221;huumevessaa&#8221; ei suljeta<\/a>&nbsp;&nbsp;Helsingin Uutiset<\/li>\n<li><a href=\"https:\/\/news.google.com\/rss\/articles\/CBMiWEFVX3lxTFA3RG12ci1XLXFvVjBFaUhYeVBjemxaaHYtVFNFQ1o3R3hLeUQwdGpqZm1rOUpSMkI5TDdJRVQ2TWZLaFZKQkdGLUFVVU4yRU1ZOWxFSXlDZ2I?oc=5\" target=\"_blank\" rel=\"nofollow noopener\">&#8221;Huumevessalle&#8221; halutaan v\u00e4lit\u00f6n purku Helsingiss\u00e4 \u2013 &#8221;Kukaan ei k\u00e4yt\u00e4 k\u00e4ym\u00e4l\u00e4n\u00e4&#8221;<\/a>&nbsp;&nbsp;L\u00e4nsiv\u00e4yl\u00e4<\/li>\n<\/ol>\n","protected":false},"excerpt":{"rendered":"HU: Linnanm\u00e4en viereist\u00e4 huumevessaa vaaditaan purettavaksi&nbsp;&nbsp;Ilta-Sanomat Poliisi takavarikoinut enn\u00e4tysm\u00e4\u00e4r\u00e4n t\u00e4t\u00e4 huumetta \u2013 peukku ei ole syrj\u00e4ytt\u00e4nyt&nbsp;&nbsp;Ilta-Sanomat Kriisi p\u00e4\u00e4ll\u00e4&hellip;\n","protected":false},"author":2,"featured_media":50897,"comment_status":"","ping_status":"","sticky":false,"template":"","format":"standard","meta":{"footnotes":""},"categories":[12],"tags":[22,23,26,27,33,31,30,17,34,24,25,28,29,15,18,21,32,19,20,16],"class_list":{"0":"post-50896","1":"post","2":"type-post","3":"status-publish","4":"format-standard","5":"has-post-thumbnail","7":"category-suomi","8":"tag-breaking-news","9":"tag-breakingnews","10":"tag-featured-news","11":"tag-featurednews","12":"tag-fi","13":"tag-finland","14":"tag-finnish","15":"tag-headlines","16":"tag-ilta-sanomat","17":"tag-latest-news","18":"tag-latestnews","19":"tag-main-news","20":"tag-mainnews","21":"tag-news","22":"tag-otsikot","23":"tag-paauutiset","24":"tag-suomi","25":"tag-top-stories","26":"tag-topstories","27":"tag-uutiset"},"share_on_mastodon":{"url":"","error":""},"_links":{"self":[{"href":"https:\/\/www.europesays.com\/fi\/wp-json\/wp\/v2\/posts\/50896","targetHints":{"allow":["GET"]}}],"collection":[{"href":"https:\/\/www.europesays.com\/fi\/wp-json\/wp\/v2\/posts"}],"about":[{"href":"https:\/\/www.europesays.com\/fi\/wp-json\/wp\/v2\/types\/post"}],"author":[{"embeddable":true,"href":"https:\/\/www.europesays.com\/fi\/wp-json\/wp\/v2\/users\/2"}],"replies":[{"embeddable":true,"href":"https:\/\/www.europesays.com\/fi\/wp-json\/wp\/v2\/comments?post=50896"}],"version-history":[{"count":0,"href":"https:\/\/www.europesays.com\/fi\/wp-json\/wp\/v2\/posts\/50896\/revisions"}],"wp:featuredmedia":[{"embeddable":true,"href":"https:\/\/www.europesays.com\/fi\/wp-json\/wp\/v2\/media\/50897"}],"wp:attachment":[{"href":"https:\/\/www.europesays.com\/fi\/wp-json\/wp\/v2\/media?parent=50896"}],"wp:term":[{"taxonomy":"category","embeddable":true,"href":"https:\/\/www.europesays.com\/fi\/wp-json\/wp\/v2\/categories?post=50896"},{"taxonomy":"post_tag","embeddable":true,"href":"https:\/\/www.europesays.com\/fi\/wp-json\/wp\/v2\/tags?post=50896"}],"curies":[{"name":"wp","href":"https:\/\/api.w.org\/{rel}","templated":true}]}}