{"id":50916,"date":"2025-10-01T22:25:10","date_gmt":"2025-10-01T22:25:10","guid":{"rendered":"https:\/\/www.europesays.com\/fi\/50916\/"},"modified":"2025-10-01T22:25:10","modified_gmt":"2025-10-01T22:25:10","slug":"ohhoh-herttuatar-meghan-markle-sai-yllatyskehut","status":"publish","type":"post","link":"https:\/\/www.europesays.com\/fi\/50916\/","title":{"rendered":"Ohhoh! Herttuatar Meghan Markle sai yll\u00e4tyskehut"},"content":{"rendered":"<p class=\"article-content article-content-width !bg-background\">Sussexin herttuatar <a alt=\"Haku\" class=\"text-primary-red font-extrabold\" href=\"https:\/\/www.seiska.fi\/haku?q=Meghan\" rel=\"nofollow noopener\" target=\"_blank\">Meghan<\/a> <a alt=\"Haku\" class=\"text-primary-red font-extrabold\" href=\"https:\/\/www.seiska.fi\/haku?q=Markle\" rel=\"nofollow noopener\" target=\"_blank\">Markle<\/a> on ollut siippansa prinssi <a alt=\"Haku\" class=\"text-primary-red font-extrabold\" href=\"https:\/\/www.seiska.fi\/haku?q=Harryn\" rel=\"nofollow noopener\" target=\"_blank\">Harryn<\/a> kanssa melkoisessa alam\u00e4ess\u00e4 jo pidemm\u00e4n aikaa.<\/p>\n<p class=\"article-content article-content-width !bg-background\">Video: Kuka on Euroopan rikkain kuninkaallinen?\u00a0\u00a0<\/p>\n<p class=\"article-content article-content-width !bg-background\">Pariskunnan sopimus Netflixin kanssa kuivui kasaan, ja uskottavan uran luominen on sekin kohdannut vastatuulta.\u00a0\u00a0<\/p>\n<p>                <img decoding=\"async\" src=\"https:\/\/www.europesays.com\/fi\/wp-content\/uploads\/2025\/10\/1946980.webp\" width=\"576\" height=\"500\" alt=\"Harryn ja Meghanin kuvioissa on ty\u00f6st\u00e4mist\u00e4.\" loading=\"lazy\" \/>            <\/p>\n<p>\n            Harryn ja Meghanin kuvioissa on ty\u00f6st\u00e4mist\u00e4.<br \/>\n            AOP\n        <\/p>\n<p class=\"article-content article-content-width !bg-background\">Lis\u00e4ksi briteill\u00e4 ei ole lainkaan ik\u00e4v\u00e4 kiukuttelevia kruunup\u00e4it\u00e4, eik\u00e4 parin kuuluisuus Yhdysvalloissa ved\u00e4 vertoja paikallisille Hollywood-t\u00e4hdille.<\/p>\n<p>Luottoyst\u00e4v\u00e4 apuun<\/p>\n<p class=\"article-content article-content-width !bg-background\">Ik\u00e4v\u00e4\u00e4 palautetta on tullut my\u00f6s Meghanin entisilt\u00e4 alaisilta, joten luottoyst\u00e4v\u00e4n kehut tulivat nyt tarpeeseen.<\/p>\n<p class=\"article-content article-content-width !bg-background\">Meghan ja\u00a0<a href=\"https:\/\/www.hellomagazine.com\/royalty\/723147\/meghan-markles-best-friend-kelly-mckee-zajfen-makes-rare-comment-about-the-duchess\/\" target=\"_blank\" rel=\"nofollow noopener\">Kelly McKee Zajfen<\/a>\u00a0ovat olleet yst\u00e4vi\u00e4 jo kaksi vuosikymment\u00e4. Parivaljakko tapasi Meghanin ensimm\u00e4isen aviomiehen kautta. Yst\u00e4vyys syveni entisest\u00e4\u00e4n, kun Kelly menetti lapsensa koronaviirukselle.<\/p>\n<p>                <img decoding=\"async\" src=\"https:\/\/www.europesays.com\/fi\/wp-content\/uploads\/2025\/10\/1946982.webp\" width=\"576\" height=\"672\" alt=\"Kelly ja Meghan eiv\u00e4t pid\u00e4 yst\u00e4vyytt\u00e4\u00e4n vakan alla.\" loading=\"lazy\" \/>            <\/p>\n<p>\n            Kelly ja Meghan eiv\u00e4t pid\u00e4 yst\u00e4vyytt\u00e4\u00e4n vakan alla.<br \/>\n            AOP\n        <\/p>\n<p class=\"article-content article-content-width !bg-background\">Yst\u00e4vyksi\u00e4 yhdist\u00e4\u00e4 my\u00f6s Los Angelesissa sijaitsevan sairaalan tueksi teht\u00e4v\u00e4 hyv\u00e4ntekev\u00e4isyysty\u00f6.<\/p>\n<p class=\"article-content article-content-width !bg-background\">Kaksikko kuvattiin viimeksi yhdess\u00e4 sairaalassa vuonna 2024 j\u00e4rjestetyss\u00e4 gaalassa.\u00a0<\/p>\n<p class=\"article-content article-content-width !bg-background\">Nyt Kelly on intoutunut hehkuttamaan Meghanin haukuttua kokkisarjaa Instagram-tilill\u00e4\u00e4n.\u00a0\u00a0<\/p>\n<p class=\"article-content article-content-width !bg-background\">Meghan sai yst\u00e4v\u00e4lt\u00e4\u00e4n ylist\u00e4v\u00e4t arviot livel\u00e4hetyksess\u00e4, jossa my\u00f6s Meghan nousi aiheeksi.<\/p>\n<p class=\"article-content article-content-width !bg-background\">\u2013 Olen tuntenut h\u00e4net l\u00e4hes 20 vuotta! Meghan oli my\u00f6s h\u00e4iss\u00e4ni 15 vuotta sitten ja h\u00e4n on aivan mielet\u00f6n tyyppi! Hoivaava, hauska, rakastava ihminen. H\u00e4n on ollut vierell\u00e4ni varsinkin <a alt=\"Haku\" class=\"text-primary-red font-extrabold\" href=\"https:\/\/www.seiska.fi\/haku?q=Georgien\" rel=\"nofollow noopener\" target=\"_blank\">Georgien<\/a> kuoleman j\u00e4lkeen. Vaalin yst\u00e4vyytt\u00e4mme todella paljon, Kelly hehkutti seuraajilleen.<\/p>\n","protected":false},"excerpt":{"rendered":"Sussexin herttuatar Meghan Markle on ollut siippansa prinssi Harryn kanssa melkoisessa alam\u00e4ess\u00e4 jo pidemm\u00e4n aikaa. Video: Kuka on&hellip;\n","protected":false},"author":2,"featured_media":50917,"comment_status":"","ping_status":"","sticky":false,"template":"","format":"standard","meta":{"footnotes":""},"categories":[136],"tags":[407,4257,137,33,31,30,408,212,1440,1384,32,6657,109],"class_list":{"0":"post-50916","1":"post","2":"type-post","3":"status-publish","4":"format-standard","5":"has-post-thumbnail","7":"category-julkkikset","8":"tag-celebrities","9":"tag-englannin-kuninkaallinen-perhe","10":"tag-entertainment","11":"tag-fi","12":"tag-finland","13":"tag-finnish","14":"tag-julkkikset","15":"tag-lifestyle","16":"tag-meghan","17":"tag-meghan-markle","18":"tag-suomi","19":"tag-sussexin-herttuatar-meghan","20":"tag-viihde"},"share_on_mastodon":{"url":"","error":""},"_links":{"self":[{"href":"https:\/\/www.europesays.com\/fi\/wp-json\/wp\/v2\/posts\/50916","targetHints":{"allow":["GET"]}}],"collection":[{"href":"https:\/\/www.europesays.com\/fi\/wp-json\/wp\/v2\/posts"}],"about":[{"href":"https:\/\/www.europesays.com\/fi\/wp-json\/wp\/v2\/types\/post"}],"author":[{"embeddable":true,"href":"https:\/\/www.europesays.com\/fi\/wp-json\/wp\/v2\/users\/2"}],"replies":[{"embeddable":true,"href":"https:\/\/www.europesays.com\/fi\/wp-json\/wp\/v2\/comments?post=50916"}],"version-history":[{"count":0,"href":"https:\/\/www.europesays.com\/fi\/wp-json\/wp\/v2\/posts\/50916\/revisions"}],"wp:featuredmedia":[{"embeddable":true,"href":"https:\/\/www.europesays.com\/fi\/wp-json\/wp\/v2\/media\/50917"}],"wp:attachment":[{"href":"https:\/\/www.europesays.com\/fi\/wp-json\/wp\/v2\/media?parent=50916"}],"wp:term":[{"taxonomy":"category","embeddable":true,"href":"https:\/\/www.europesays.com\/fi\/wp-json\/wp\/v2\/categories?post=50916"},{"taxonomy":"post_tag","embeddable":true,"href":"https:\/\/www.europesays.com\/fi\/wp-json\/wp\/v2\/tags?post=50916"}],"curies":[{"name":"wp","href":"https:\/\/api.w.org\/{rel}","templated":true}]}}