{"id":50918,"date":"2025-10-01T22:28:08","date_gmt":"2025-10-01T22:28:08","guid":{"rendered":"https:\/\/www.europesays.com\/fi\/50918\/"},"modified":"2025-10-01T22:28:08","modified_gmt":"2025-10-01T22:28:08","slug":"tinze-ja-valtteri-palin-ovat-tehneet-kovia-lupauksia-ttkssa","status":"publish","type":"post","link":"https:\/\/www.europesays.com\/fi\/50918\/","title":{"rendered":"Tinze ja Valtteri Palin ovat tehneet kovia lupauksia TTK:ssa"},"content":{"rendered":"<p><strong class=\"typography-bold\">Tinze ja Valtteri Palin tanssivat samballaan jatkoon nelj\u00e4nness\u00e4 TTK:n suorassa l\u00e4hetyksess\u00e4.<\/strong><\/p>\n<p><a class=\"underline\" data-testid=\"internal-link\" role=\"link\" data-sentry-element=\"Link\" data-sentry-component=\"InternalLink\" data-sentry-source-file=\"InternalLink.tsx\" href=\"https:\/\/www.mtvuutiset.fi\/aihe\/tanssii-tahtien-kanssa\/2839810\" rel=\"nofollow noopener\" target=\"_blank\">Tanssii T\u00e4htien Kanssa<\/a> -ohjelman nelj\u00e4nness\u00e4 jaksossa teemana oli lattari-ilta, ja suoran l\u00e4hetyksen p\u00e4\u00e4tt\u00e4neiden twerkkaaja <a class=\"underline\" data-testid=\"internal-link\" role=\"link\" data-sentry-element=\"Link\" data-sentry-component=\"InternalLink\" data-sentry-source-file=\"InternalLink.tsx\" href=\"https:\/\/www.mtvuutiset.fi\/aihe\/tinze\/7948756\" rel=\"nofollow noopener\" target=\"_blank\"><strong class=\"typography-bold\">Tia-Maria &#8221;Tinze&#8221; Sokan<\/strong><\/a><strong class=\"typography-bold\"> <\/strong>ja t\u00e4htiopettaja <a class=\"underline\" data-testid=\"internal-link\" role=\"link\" data-sentry-element=\"Link\" data-sentry-component=\"InternalLink\" data-sentry-source-file=\"InternalLink.tsx\" href=\"https:\/\/www.mtvuutiset.fi\/aihe\/valtteri-palin\/8730162\" rel=\"nofollow noopener\" target=\"_blank\"><strong class=\"typography-bold\">Valtteri Palinin<\/strong><\/a><strong class=\"typography-bold\"> <\/strong>tanssi oli samba.<\/p>\n<p>Illan viimeisen\u00e4 esiintymisess\u00e4 on omat haasteensa. Tinze kuvaili MTV Uutisille suoran l\u00e4hetyksen p\u00e4\u00e4tteeksi, ett\u00e4 pitk\u00e4 p\u00e4iv\u00e4 on &#8221;aikamoista vuoristorataa&#8221; monin tavoin. Suoran l\u00e4hetyksen alussa on aina energisen innostunut, ja tunne pit\u00e4isi pysty\u00e4 pit\u00e4m\u00e4\u00e4n yll\u00e4 viel\u00e4 pari tuntia siit\u00e4 eteenp\u00e4in.<\/p>\n<p>\u2013 Jotenkin nautin siit\u00e4 kaikista eniten, kun kerran p\u00e4\u00e4simme aloittamaan koko homman, niin se oli mielest\u00e4ni aivan ihanaa, koska sitten pystyi nauttimaan my\u00f6s muiden esiintymisist\u00e4.\u00a0<\/p>\n<p>\u2013 Toisaalta oli my\u00f6s ihanaa p\u00e4\u00e4tt\u00e4\u00e4 t\u00e4m\u00e4 ilta, kyll\u00e4h\u00e4n se tuntuu my\u00f6s semmoiselta kunnialta olla se, joka p\u00e4\u00e4see lopettamaan. Viel\u00e4 nyt, kun tiedettiin, ett\u00e4 kamuja on messiss\u00e4 ja tulee tavalla tai toisella se spektaakkeli, niin kyll\u00e4 se tuntui hyv\u00e4lt\u00e4.\u00a0<\/p>\n<p>Lue lis\u00e4\u00e4: <a class=\"underline\" data-testid=\"internal-link\" role=\"link\" data-sentry-element=\"Link\" data-sentry-component=\"InternalLink\" data-sentry-source-file=\"InternalLink.tsx\" href=\"https:\/\/www.mtvuutiset.fi\/artikkeli\/jorma-uotiselta-viiltavan-rehellinen-arvio-minna-kuukan-tanssista\/9230830\" rel=\"nofollow noopener\" target=\"_blank\">Jorma Uotiselta viilt\u00e4v\u00e4n rehellinen arvio Minna Kuukan tanssista<\/a><\/p>\n<p>Palin kertoi, ett\u00e4 energiatasojen yll\u00e4pitoon laitetaan l\u00e4hetyksen kuluessa aikaa. T\u00e4htipari tekee omat l\u00e4mmittelyns\u00e4 sek\u00e4 kehoilleen ett\u00e4 mielilleen.\u00a0<\/p>\n<p>\u2013 K\u00e4yd\u00e4\u00e4n l\u00e4pi meid\u00e4n tanssi sill\u00e4 lailla tallustellen, niin kuin sanomme. Olemme yhdess\u00e4 ja valmistaudumme, Palin pohtii.\u00a0<\/p>\n<p>\u2013 Sitten se j\u00e4nnitys alkaa sielt\u00e4 kuitenkin tulla, kun ne biisit siit\u00e4 menev\u00e4t aika nopeaa tahtia kuitenkin, niin kyll\u00e4 sielt\u00e4 se energia yht\u00e4kki\u00e4 tulee takaisin. Adrenaliini l\u00f6ytyy. Olemme tosi paljon kaksistaan aina ennen tuota live\u00e4 ja k\u00e4ymme l\u00e4pi, oikein sparraamme toisiamme, ett\u00e4 nyt menn\u00e4\u00e4n ja hyv\u00e4 tulee, Tinze komppaa.<\/p>\n<p>Lue my\u00f6s: <a class=\"underline\" data-testid=\"internal-link\" role=\"link\" data-sentry-element=\"Link\" data-sentry-component=\"InternalLink\" data-sentry-source-file=\"InternalLink.tsx\" href=\"https:\/\/www.mtvuutiset.fi\/artikkeli\/ttk-n-parinvaihtoviikko-lahestyy-talla-kertaa-katsojilla-on-iso-rooli\/9231110\" rel=\"nofollow noopener\" target=\"_blank\">TTK:n parinvaihtoviikko l\u00e4hestyy \u2013 t\u00e4ll\u00e4 kertaa katsojilla on iso rooli<\/a><\/p>\n<p>Sambaesityksess\u00e4 p\u00e4\u00e4stiin my\u00f6s n\u00e4kem\u00e4\u00e4n hieman sellaista &#8221;pyrst\u00f6nliikett\u00e4&#8221;, joka Tinzelle on h\u00e4nen ty\u00f6ss\u00e4\u00e4n twerkkaajana ominaista. Se tuntui hyv\u00e4lt\u00e4, omalta maaper\u00e4lt\u00e4.\u00a0<\/p>\n<p>\u2013 Mutta sitten, kun ne samba-askeleet sielt\u00e4 l\u00e4htee, niin ajatteli, ett\u00e4 noniin, nyt pit\u00e4isi taas keskitty\u00e4, ett\u00e4 ollaan sambaamassa eik\u00e4 tekem\u00e4ss\u00e4 mit\u00e4\u00e4n minulle muuten tosi tuttua juttua.\u00a0<\/p>\n<p>Kauden alkuun Tinze ja Palin lupailivat, ett\u00e4 mik\u00e4li he menev\u00e4t pitk\u00e4lle TTK:ssa, tultaisiin jossain esityksess\u00e4 n\u00e4kem\u00e4\u00e4n todellista twerkkausta \u2013 kummankin toimesta. Muitakin lupauksia t\u00e4htipari on heitellyt ilmoille, varsinkin koskien sit\u00e4, mik\u00e4li pari p\u00e4\u00e4see finaaliin.\u00a0<\/p>\n<p>\u2013 Ollaan luvattu kauheasti, ett\u00e4 meill\u00e4 on oikein twerkkispektaakkeli silloin. Ja jossain ollaan my\u00f6s v\u00e4h\u00e4n lirvautettu, ett\u00e4 sin\u00e4 v\u00e4rj\u00e4\u00e4t punaiseksi hiukset, Tinze totesi Palinille.\u00a0<\/p>\n<p>Tulevana sunnuntaina pyrst\u00f6\u00e4 ei liiemmin p\u00e4\u00e4se heiluttelemaan, sill\u00e4 luvassa on vakiotanssijakso, jonka teemana on tanssijaiset.\u00a0<\/p>\n<p>\u2013 Hyvin eri tyyppist\u00e4 tanssia luvassa ensi viikolla, niin nyt pit\u00e4isi taas sitten rauhoittua ja menn\u00e4 omalle ep\u00e4mukavuusalueelle, Tinze summasi.\u00a0<\/p>\n<p><strong class=\"typography-bold\">Tanssii T\u00e4htien Kanssa sunnuntaisin klo 19.30 <\/strong><a class=\"underline\" data-testid=\"external-link\" href=\"https:\/\/www.mtv.fi\/sarja\/tanssii-tahtien-kanssa-3608?utm_medium=internal&amp;utm_source=mtvuutiset\" rel=\"noopener noreferrer nofollow\" data-sentry-component=\"ExternalLink\" data-sentry-source-file=\"ExternalLink.tsx\" target=\"_blank\"><strong class=\"typography-bold\">MTV Katsomossa<\/strong><\/a><strong class=\"typography-bold\"> ja MTV3-kanavalla.<\/strong><\/p>\n","protected":false},"excerpt":{"rendered":"Tinze ja Valtteri Palin tanssivat samballaan jatkoon nelj\u00e4nness\u00e4 TTK:n suorassa l\u00e4hetyksess\u00e4. Tanssii T\u00e4htien Kanssa -ohjelman nelj\u00e4nness\u00e4 jaksossa teemana&hellip;\n","protected":false},"author":2,"featured_media":50919,"comment_status":"","ping_status":"","sticky":false,"template":"","format":"standard","meta":{"footnotes":""},"categories":[133],"tags":[137,33,31,30,32,206,156,109],"class_list":{"0":"post-50918","1":"post","2":"type-post","3":"status-publish","4":"format-standard","5":"has-post-thumbnail","7":"category-televisiot","8":"tag-entertainment","9":"tag-fi","10":"tag-finland","11":"tag-finnish","12":"tag-suomi","13":"tag-televisiot","14":"tag-tv","15":"tag-viihde"},"share_on_mastodon":{"url":"","error":""},"_links":{"self":[{"href":"https:\/\/www.europesays.com\/fi\/wp-json\/wp\/v2\/posts\/50918","targetHints":{"allow":["GET"]}}],"collection":[{"href":"https:\/\/www.europesays.com\/fi\/wp-json\/wp\/v2\/posts"}],"about":[{"href":"https:\/\/www.europesays.com\/fi\/wp-json\/wp\/v2\/types\/post"}],"author":[{"embeddable":true,"href":"https:\/\/www.europesays.com\/fi\/wp-json\/wp\/v2\/users\/2"}],"replies":[{"embeddable":true,"href":"https:\/\/www.europesays.com\/fi\/wp-json\/wp\/v2\/comments?post=50918"}],"version-history":[{"count":0,"href":"https:\/\/www.europesays.com\/fi\/wp-json\/wp\/v2\/posts\/50918\/revisions"}],"wp:featuredmedia":[{"embeddable":true,"href":"https:\/\/www.europesays.com\/fi\/wp-json\/wp\/v2\/media\/50919"}],"wp:attachment":[{"href":"https:\/\/www.europesays.com\/fi\/wp-json\/wp\/v2\/media?parent=50918"}],"wp:term":[{"taxonomy":"category","embeddable":true,"href":"https:\/\/www.europesays.com\/fi\/wp-json\/wp\/v2\/categories?post=50918"},{"taxonomy":"post_tag","embeddable":true,"href":"https:\/\/www.europesays.com\/fi\/wp-json\/wp\/v2\/tags?post=50918"}],"curies":[{"name":"wp","href":"https:\/\/api.w.org\/{rel}","templated":true}]}}