{"id":50952,"date":"2025-10-01T23:17:07","date_gmt":"2025-10-01T23:17:07","guid":{"rendered":"https:\/\/www.europesays.com\/fi\/50952\/"},"modified":"2025-10-01T23:17:07","modified_gmt":"2025-10-01T23:17:07","slug":"mari-johannan-isa-oli-rakas-tuki-ja-turva-sitten-han-seisoi-alapaa-paljaana-ja-kirves-kadessa","status":"publish","type":"post","link":"https:\/\/www.europesays.com\/fi\/50952\/","title":{"rendered":"Mari Johannan is\u00e4 oli rakas tuki ja turva \u2013 Sitten h\u00e4n seisoi alap\u00e4\u00e4 paljaana ja kirves k\u00e4dess\u00e4"},"content":{"rendered":"<p>Rap-artisti Mari Johanna Hauta-aho kertoo Iltalehden Ukkola-ohjelmassa lapsuutensa traumaattisista kokemuksista.<\/p>\n<p class=\"paragraph\"><strong>Sanna Ukkolan<\/strong> keskusteluohjelmassa kuullaan t\u00e4ll\u00e4 kertaa rap-artisti <strong>Mari Johanna Hauta-ahon<\/strong> karmeista lapsuudenkokemuksista.<\/p>\n<p class=\"paragraph\">Hauta-aho on kirjoittanut vaikeista kokemuksistaan my\u00f6s kirjan Sit mutsi vietiin maijal ja faija lanssil (2025).<\/p>\n<p class=\"paragraph\">H\u00e4nen lapsuutensa oli kokonaisuudessaan vanhempien p\u00e4ihteidenk\u00e4yt\u00f6n s\u00e4vytt\u00e4m\u00e4. Hauta-aho esimerkiksi joutui katsomaan sivusta, kun h\u00e4nen \u00e4itins\u00e4 puukotti is\u00e4\u00e4.<\/p>\n<p class=\"paragraph\">\u2013 Vanhemmat riiteliv\u00e4t p\u00e4ihtyneess\u00e4 tilassa, ja sitten is\u00e4 l\u00f6i \u00e4iti\u00e4 ja l\u00e4hti pois. \u00c4iti l\u00e4hti per\u00e4\u00e4n ja otti keitti\u00f6veitsen mukaansa, Hauta-aho kertoo.<\/p>\n<p class=\"paragraph\">H\u00e4n n\u00e4ki ikkunasta, kuinka \u00e4iti puukotti is\u00e4\u00e4 kaulan sivuun bussipys\u00e4kill\u00e4. Tapahtumien aikaan Hauta-aho oli alle kymmenvuotias.<\/p>\n<p class=\"paragraph\">Sanna Ukkola kysyy, kuinka Hauta-aho onnistui pysym\u00e4\u00e4n j\u00e4rjiss\u00e4\u00e4n lapsena. Katso koko jakso ylt\u00e4.<\/p>\n<p class=\"paragraph\">Ajankohtaisiin kuumiin aiheisiin ja vieraisiin keskittyv\u00e4 Ukkola esitet\u00e4\u00e4n viikoittain sek\u00e4 kokonaisuudessaan ett\u00e4 parhaina paloina Iltalehdess\u00e4.<\/p>\n","protected":false},"excerpt":{"rendered":"Rap-artisti Mari Johanna Hauta-aho kertoo Iltalehden Ukkola-ohjelmassa lapsuutensa traumaattisista kokemuksista. Sanna Ukkolan keskusteluohjelmassa kuullaan t\u00e4ll\u00e4 kertaa rap-artisti Mari&hellip;\n","protected":false},"author":2,"featured_media":50953,"comment_status":"","ping_status":"","sticky":false,"template":"","format":"standard","meta":{"footnotes":""},"categories":[136],"tags":[407,137,33,31,30,101,408,1390,99,100,98,32,102,109],"class_list":{"0":"post-50952","1":"post","2":"type-post","3":"status-publish","4":"format-standard","5":"has-post-thumbnail","7":"category-julkkikset","8":"tag-celebrities","9":"tag-entertainment","10":"tag-fi","11":"tag-finland","12":"tag-finnish","13":"tag-ihmissuhteet","14":"tag-julkkikset","15":"tag-kuukausi","16":"tag-lapset","17":"tag-lapset-ja-nuoret","18":"tag-perhe","19":"tag-suomi","20":"tag-vanhemmat","21":"tag-viihde"},"share_on_mastodon":{"url":"","error":""},"_links":{"self":[{"href":"https:\/\/www.europesays.com\/fi\/wp-json\/wp\/v2\/posts\/50952","targetHints":{"allow":["GET"]}}],"collection":[{"href":"https:\/\/www.europesays.com\/fi\/wp-json\/wp\/v2\/posts"}],"about":[{"href":"https:\/\/www.europesays.com\/fi\/wp-json\/wp\/v2\/types\/post"}],"author":[{"embeddable":true,"href":"https:\/\/www.europesays.com\/fi\/wp-json\/wp\/v2\/users\/2"}],"replies":[{"embeddable":true,"href":"https:\/\/www.europesays.com\/fi\/wp-json\/wp\/v2\/comments?post=50952"}],"version-history":[{"count":0,"href":"https:\/\/www.europesays.com\/fi\/wp-json\/wp\/v2\/posts\/50952\/revisions"}],"wp:featuredmedia":[{"embeddable":true,"href":"https:\/\/www.europesays.com\/fi\/wp-json\/wp\/v2\/media\/50953"}],"wp:attachment":[{"href":"https:\/\/www.europesays.com\/fi\/wp-json\/wp\/v2\/media?parent=50952"}],"wp:term":[{"taxonomy":"category","embeddable":true,"href":"https:\/\/www.europesays.com\/fi\/wp-json\/wp\/v2\/categories?post=50952"},{"taxonomy":"post_tag","embeddable":true,"href":"https:\/\/www.europesays.com\/fi\/wp-json\/wp\/v2\/tags?post=50952"}],"curies":[{"name":"wp","href":"https:\/\/api.w.org\/{rel}","templated":true}]}}