{"id":50956,"date":"2025-10-01T23:25:10","date_gmt":"2025-10-01T23:25:10","guid":{"rendered":"https:\/\/www.europesays.com\/fi\/50956\/"},"modified":"2025-10-01T23:25:10","modified_gmt":"2025-10-01T23:25:10","slug":"vakavan-sairauskohtauksen-saanut-aku-louhimies-kommentoi-vointiaan","status":"publish","type":"post","link":"https:\/\/www.europesays.com\/fi\/50956\/","title":{"rendered":"Vakavan sairauskohtauksen saanut Aku Louhimies kommentoi vointiaan"},"content":{"rendered":"<p>Ohjaaja Aku Louhimies kommentoi vointiaan.<\/p>\n<p><img decoding=\"async\" class=\"image image-show image-preview\" src=\"https:\/\/www.europesays.com\/fi\/wp-content\/uploads\/2025\/09\/a20642505f2fe664f82519254e7d9b954c5e3df02e9ff5abab547a93564a062c.jpg\" alt=\"\"\/><img decoding=\"async\" class=\"image image-show\" src=\"https:\/\/www.europesays.com\/fi\/wp-content\/uploads\/2025\/09\/1756899008_103_a20642505f2fe664f82519254e7d9b954c5e3df02e9ff5abab547a93564a062c.jpg\" alt=\"\"\/><\/p>\n<p>Aku Louhimies ohjaa parhaillaan Lapin sota -elokuvaa.  Henri K\u00e4rkk\u00e4inen<\/p>\n<p class=\"paragraph\">Ohjaaja <strong>Aku Louhimies<\/strong>, 57 on palannut takaisin t\u00f6iden pariin. H\u00e4n kertoi <a href=\"https:\/\/www.is.fi\/tv-ja-elokuvat\/art-2000011531097.html\" rel=\"noopener nofollow\" target=\"_blank\">Ilta-Sanomille<\/a> olevansa paraikaa Lapin sota -kuvauksissa Torniossa.<\/p>\n<p class=\"paragraph\">\u2013 Kiitos kysym\u00e4st\u00e4. Vointi on mahtava, Louhimies viestitti IS:lle.<\/p>\n<p class=\"paragraph\"><a href=\"https:\/\/www.iltalehti.fi\/viihdeuutiset\/01608865-1d68-4037-98c6-34505a2dcf49\" rel=\"nofollow noopener\" target=\"_blank\">Elokuvaohjaaja sai sunnuntaina 31. elokuuta vakavan sairauskohtauksen<\/a>. Lapin sota -elokuvan tuottaja <strong>Andrei Al\u00e9n<\/strong> kertoi Louhimiehen toipuvan sairaalassa, ja ett\u00e4 h\u00e4nen ennusteensa oli hyv\u00e4. Tuolloin elokuvaa oli kuvattu kahdeksan kuvausp\u00e4iv\u00e4\u00e4 ja aiemmin suunniteltu kuvaustauko oli meneill\u00e4\u00e4n. Al\u00e9n kertoi viev\u00e4ns\u00e4 tuotantoa v\u00e4liaikaisesti eteenp\u00e4in tuotantoryhm\u00e4n kanssa.<\/p>\n<p class=\"paragraph\">Aku Louhimies ei ole kommentoinut julkisesti sairauslomansa syyt\u00e4.<\/p>\n<p class=\"paragraph\">N\u00e4yttelij\u00e4 <strong>Peter Franz\u00e9n<\/strong> julkaisi <a href=\"https:\/\/www.instagram.com\/p\/DPMMjKxAvZn\/?utm_source=ig_embed\" rel=\"noopener nofollow\" target=\"_blank\">sosiaalisessa mediassa<\/a> maanantaina 29. syyskuuta Torniosta kuvamateriaalia, josta k\u00e4y ilmi, ett\u00e4 kuvaustauko on p\u00e4\u00e4ttynyt.<\/p>\n<p class=\"paragraph\">\u2013 Takaisin satulassa, kuvaamassa elokuvaa, kirjoittaa n\u00e4yttelij\u00e4 englanniksi Instagramissa.<\/p>\n<p class=\"paragraph\">Aku Louhimiehen ohjaaman Lapin sota -suurelokuvan kuvaukset alkoivat elokuussa ja jatkuvat joulukuuhun 2025 asti. Elokuvaa kuvataan Etel\u00e4-Suomessa ja Lapissa, ja sen kerrotaan olevan sisarteos Louhimiehen vuonna 2017 ilmestyneelle Tuntemattomalle sotilaalle. P\u00e4\u00e4rooleissa n\u00e4hd\u00e4\u00e4n <strong>Peter Franz\u00e9n<\/strong>, <strong>Sannah Nederg\u00e5rd<\/strong> ja saksalainen <strong>Volker Bruch<\/strong>.<\/p>\n<p><script async src=\"\/\/www.instagram.com\/embed.js\"><\/script><\/p>\n","protected":false},"excerpt":{"rendered":"Ohjaaja Aku Louhimies kommentoi vointiaan. Aku Louhimies ohjaa parhaillaan Lapin sota -elokuvaa. Henri K\u00e4rkk\u00e4inen Ohjaaja Aku Louhimies, 57&hellip;\n","protected":false},"author":2,"featured_media":24382,"comment_status":"","ping_status":"","sticky":false,"template":"","format":"standard","meta":{"footnotes":""},"categories":[130],"tags":[35,153,137,33,31,30,1616,718,32,485,140,109],"class_list":{"0":"post-50956","1":"post","2":"type-post","3":"status-publish","4":"format-standard","5":"has-post-thumbnail","7":"category-viihde","8":"tag-24h","9":"tag-audiovisuaalinen-media","10":"tag-entertainment","11":"tag-fi","12":"tag-finland","13":"tag-finnish","14":"tag-media-viestinta","15":"tag-nayttamotaide","16":"tag-suomi","17":"tag-taide-yleista","18":"tag-tv-ja-elokuvat","19":"tag-viihde"},"share_on_mastodon":{"url":"","error":""},"_links":{"self":[{"href":"https:\/\/www.europesays.com\/fi\/wp-json\/wp\/v2\/posts\/50956","targetHints":{"allow":["GET"]}}],"collection":[{"href":"https:\/\/www.europesays.com\/fi\/wp-json\/wp\/v2\/posts"}],"about":[{"href":"https:\/\/www.europesays.com\/fi\/wp-json\/wp\/v2\/types\/post"}],"author":[{"embeddable":true,"href":"https:\/\/www.europesays.com\/fi\/wp-json\/wp\/v2\/users\/2"}],"replies":[{"embeddable":true,"href":"https:\/\/www.europesays.com\/fi\/wp-json\/wp\/v2\/comments?post=50956"}],"version-history":[{"count":0,"href":"https:\/\/www.europesays.com\/fi\/wp-json\/wp\/v2\/posts\/50956\/revisions"}],"wp:featuredmedia":[{"embeddable":true,"href":"https:\/\/www.europesays.com\/fi\/wp-json\/wp\/v2\/media\/24382"}],"wp:attachment":[{"href":"https:\/\/www.europesays.com\/fi\/wp-json\/wp\/v2\/media?parent=50956"}],"wp:term":[{"taxonomy":"category","embeddable":true,"href":"https:\/\/www.europesays.com\/fi\/wp-json\/wp\/v2\/categories?post=50956"},{"taxonomy":"post_tag","embeddable":true,"href":"https:\/\/www.europesays.com\/fi\/wp-json\/wp\/v2\/tags?post=50956"}],"curies":[{"name":"wp","href":"https:\/\/api.w.org\/{rel}","templated":true}]}}