{"id":50963,"date":"2025-10-01T23:31:11","date_gmt":"2025-10-01T23:31:11","guid":{"rendered":"https:\/\/www.europesays.com\/fi\/50963\/"},"modified":"2025-10-01T23:31:11","modified_gmt":"2025-10-01T23:31:11","slug":"simpanssitutkija-jane-goodall-on-kuollut-2","status":"publish","type":"post","link":"https:\/\/www.europesays.com\/fi\/50963\/","title":{"rendered":"Simpanssitutkija Jane Goodall on kuollut"},"content":{"rendered":"<p>Tutkija Jane Goodall omisti vuosikymmeni\u00e4 el\u00e4m\u00e4st\u00e4\u00e4n simpanssien tutkimiselle.<\/p>\n<p>1.10. 22:04 | P\u00e4ivitetty 1.10. 22:50<\/p>\n<p class=\"article-body mb-nof-24 px-nof-16\">Kuuluisa simpanssitutkija <a class=\"article-personlink\" href=\"https:\/\/www.is.fi\/haku\/?query=Jane%20Goodall\" rel=\"nofollow noopener\" target=\"_blank\">Jane Goodall<\/a> on kuollut 91-vuotiaana. Asiasta kirjoittaa muun muassa <a class=\"article-genericlink\" href=\"https:\/\/www.nbcnews.com\/news\/obituaries\/dr-jane-goodall-legendary-animal-rights-advocate-dies-91-rcna235001\" rel=\"nofollow noopener\" target=\"_blank\">NBC<\/a>.<\/p>\n<p class=\"article-body mb-nof-24 px-nof-16\">Goodall oli englantilainen tutkija, joka tuli tunnetuksi ty\u00f6st\u00e4\u00e4n simpanssien tutkimuksessa. Goodall alkoi tutkia el\u00e4imi\u00e4 alun perin 1960-luvulla Tansaniassa. H\u00e4n julkaisi samana vuonna ensimm\u00e4isi\u00e4 havaintoja simpanssien ty\u00f6kalujen k\u00e4yt\u00f6st\u00e4, kommunikoinnista ja el\u00e4inten monimutkaisista sosiaalisista rakenteista tieteellisess\u00e4 julkaisussa.<\/p>\n<p class=\"article-body mb-nof-24 px-nof-16\">H\u00e4nen uraauurtava ty\u00f6ns\u00e4 viitoitti tiet\u00e4 vuosikymmenten kentt\u00e4tutkimuksille k\u00e4dellisten nis\u00e4kk\u00e4iden k\u00e4ytt\u00e4ytymisest\u00e4 niiden luonnollisessa ymp\u00e4rist\u00f6ss\u00e4.<\/p>\n<p class=\"article-body mb-nof-24 px-nof-16\">Goodall aloitti simpanssien tutkimisen Tansaniassa 26-vuotiaana. H\u00e4n otti tutkimukseensa poikkeuksellinen l\u00e4hestymistavan. Goodall uppoutui simpanssien elinymp\u00e4rist\u00f6\u00f6n ja el\u00e4miin t\u00e4ysin. H\u00e4n tutki simpansseja el\u00e4en pikemminkin niiden naapurina kuin et\u00e4isen\u00e4 tarkkailijana.<\/p>\n<p class=\"article-body mb-nof-24 px-nof-16\">Kuolemasta kertoi Jane Goodall -instituutti keskiviikkona. Goodall perusti instituutin 1977. Instituutin mukaan Goodall meni mets\u00e4\u00e4n tutkimaan simpanssien \u00e4llistytt\u00e4v\u00e4\u00e4 el\u00e4m\u00e4\u00e4 ja palasi mets\u00e4st\u00e4 pelastaakseen ne.<\/p>\n<p class=\"article-body mb-nof-24 px-nof-16\">Goodall kuoli luonnollisista syist\u00e4. H\u00e4n oli parhaillaan puhekiertueella Kaliforniassa.<\/p>\n","protected":false},"excerpt":{"rendered":"Tutkija Jane Goodall omisti vuosikymmeni\u00e4 el\u00e4m\u00e4st\u00e4\u00e4n simpanssien tutkimiselle. 1.10. 22:04 | P\u00e4ivitetty 1.10. 22:50 Kuuluisa simpanssitutkija Jane Goodall&hellip;\n","protected":false},"author":2,"featured_media":50964,"comment_status":"","ping_status":"","sticky":false,"template":"","format":"standard","meta":{"footnotes":""},"categories":[5],"tags":[22,23,26,27,33,31,30,17,34,24,25,28,29,15,18,21,32,19,20,16],"class_list":{"0":"post-50963","1":"post","2":"type-post","3":"status-publish","4":"format-standard","5":"has-post-thumbnail","7":"category-otsikot","8":"tag-breaking-news","9":"tag-breakingnews","10":"tag-featured-news","11":"tag-featurednews","12":"tag-fi","13":"tag-finland","14":"tag-finnish","15":"tag-headlines","16":"tag-ilta-sanomat","17":"tag-latest-news","18":"tag-latestnews","19":"tag-main-news","20":"tag-mainnews","21":"tag-news","22":"tag-otsikot","23":"tag-paauutiset","24":"tag-suomi","25":"tag-top-stories","26":"tag-topstories","27":"tag-uutiset"},"share_on_mastodon":{"url":"","error":""},"_links":{"self":[{"href":"https:\/\/www.europesays.com\/fi\/wp-json\/wp\/v2\/posts\/50963","targetHints":{"allow":["GET"]}}],"collection":[{"href":"https:\/\/www.europesays.com\/fi\/wp-json\/wp\/v2\/posts"}],"about":[{"href":"https:\/\/www.europesays.com\/fi\/wp-json\/wp\/v2\/types\/post"}],"author":[{"embeddable":true,"href":"https:\/\/www.europesays.com\/fi\/wp-json\/wp\/v2\/users\/2"}],"replies":[{"embeddable":true,"href":"https:\/\/www.europesays.com\/fi\/wp-json\/wp\/v2\/comments?post=50963"}],"version-history":[{"count":0,"href":"https:\/\/www.europesays.com\/fi\/wp-json\/wp\/v2\/posts\/50963\/revisions"}],"wp:featuredmedia":[{"embeddable":true,"href":"https:\/\/www.europesays.com\/fi\/wp-json\/wp\/v2\/media\/50964"}],"wp:attachment":[{"href":"https:\/\/www.europesays.com\/fi\/wp-json\/wp\/v2\/media?parent=50963"}],"wp:term":[{"taxonomy":"category","embeddable":true,"href":"https:\/\/www.europesays.com\/fi\/wp-json\/wp\/v2\/categories?post=50963"},{"taxonomy":"post_tag","embeddable":true,"href":"https:\/\/www.europesays.com\/fi\/wp-json\/wp\/v2\/tags?post=50963"}],"curies":[{"name":"wp","href":"https:\/\/api.w.org\/{rel}","templated":true}]}}