{"id":50968,"date":"2025-10-01T23:50:09","date_gmt":"2025-10-01T23:50:09","guid":{"rendered":"https:\/\/www.europesays.com\/fi\/50968\/"},"modified":"2025-10-01T23:50:09","modified_gmt":"2025-10-01T23:50:09","slug":"olympiakomiteaan-uusi-pomo","status":"publish","type":"post","link":"https:\/\/www.europesays.com\/fi\/50968\/","title":{"rendered":"Olympiakomiteaan uusi pomo"},"content":{"rendered":"<p>Olympiakomitea teki t\u00e4rke\u00e4 nimityksen. <\/p>\n<p><img decoding=\"async\" class=\"image image-show image-preview\" src=\"https:\/\/www.europesays.com\/fi\/wp-content\/uploads\/2025\/10\/3fd0eaad847d58d23f088c6ba15ecdbb06da16f3aab773f5f512fcaf9e503b26.jpg\" alt=\"\"\/><img decoding=\"async\" class=\"image image-show\" src=\"https:\/\/www.europesays.com\/fi\/wp-content\/uploads\/2025\/10\/1759362609_253_3fd0eaad847d58d23f088c6ba15ecdbb06da16f3aab773f5f512fcaf9e503b26.jpg\" alt=\"\"\/><\/p>\n<p>Suomen Olympiakomiteaan on tuotu uutta v\u00e4ke\u00e4. Kaisa Vehkalahti<\/p>\n<p class=\"paragraph\"><strong>Liisa Ahlqvist-Lehkosuo<\/strong> on valittu Suomen Olympiakomitean urheilutoimenjohtajaksi.<\/p>\n<p class=\"paragraph\">Urheilutoimenjohtajuus on uusi ty\u00f6nkuva Olympiakomitessa.<\/p>\n<p class=\"paragraph\">Olympiakomitean uudessa mallissa toiminnot jaetaan kahdeksi p\u00e4\u00e4kokonaisuudeksi: Ahlqvist-Lehkosuon johtamaan urheilutoimeen ja <strong>Janne H\u00e4nnisen<\/strong> johtamaan huippu-urheiluun.<\/p>\n<p class=\"paragraph\">\u2013 Liisa Ahlqvist-Lehkosuon ty\u00f6n ytimess\u00e4 on valmennus- ja johtamisosaamisen kehitt\u00e4minen tiiviiss\u00e4 yhteisty\u00f6ss\u00e4 laajan verkoston kanssa. Teht\u00e4v\u00e4\u00e4n kuuluu lis\u00e4ksi urheilijoiden kasvun ja kehitysymp\u00e4rist\u00f6jen tukeminen \u2013 vahvassa yhteisty\u00f6ss\u00e4 lajiliittojen, urheiluakatemioiden ja oppilaitosten kanssa. Kolmantena kokonaisuutena h\u00e4n vastaa yhdess\u00e4 tiimin kanssa monilajikisojen kehitt\u00e4misest\u00e4, Olympiakomitean vt. toimitusjohtaja <strong>Petri Keskitalo<\/strong> kertoo tiedotteessa.<\/p>\n<p class=\"paragraph\">Liisa Ahlqvist-Lehkosuo on toiminut Olympiakomiteassa huippu-urheiluvastaavana vuoden 2023 alusta alkaen. H\u00e4nen teht\u00e4viins\u00e4 on kuulunut my\u00f6s kisatiimin yleisjohdon teht\u00e4v\u00e4t. Ennen Olympiakomiteaa Ahlqvist-Lehkosuo toimi Voimisteluliiton huippu-urheilujohtajan toimessa. H\u00e4n on toiminut aiemmin Vantaa voimisteluseuran p\u00e4\u00e4valmentajana ja valmennusp\u00e4\u00e4llikk\u00f6n\u00e4. Ahlqvist-Lehkosuo on koulutukseltaan diplomi-insin\u00f6\u00f6ri ja ammattivalmentaja.<\/p>\n<p class=\"paragraph\">Urheilutoimenjohtaja on johtoryhm\u00e4n j\u00e4sen ja johtaa noin kymmenen hengen asiantuntijatiimi\u00e4.<\/p>\n<p class=\"paragraph\">\u2013 Keskeist\u00e4 t\u00e4ss\u00e4 uudessa toimessa on vahvistaa valmennus- ja johtamisosaamista yhteisty\u00f6ss\u00e4 lajiliittojen, urheiluakatemioiden ja valmennuskeskusten kanssa, korostaa Ahlqvist-Lehkosuo.<\/p>\n<p class=\"paragraph\">\u2013 Rakennamme mahdollisuuksia lapsuusvaiheesta aina huipulle asti. Tavoitteena on toimintaymp\u00e4rist\u00f6, jossa urheilijoilla ja valmentajilla on mahdollisuus onnistua ja tavoitella omia unelmiaan.<\/p>\n","protected":false},"excerpt":{"rendered":"Olympiakomitea teki t\u00e4rke\u00e4 nimityksen. Suomen Olympiakomiteaan on tuotu uutta v\u00e4ke\u00e4. Kaisa Vehkalahti Liisa Ahlqvist-Lehkosuo on valittu Suomen Olympiakomitean&hellip;\n","protected":false},"author":2,"featured_media":50969,"comment_status":"","ping_status":"","sticky":false,"template":"","format":"standard","meta":{"footnotes":""},"categories":[158],"tags":[35,33,31,30,96,757,41,159,32,860,160,7249],"class_list":{"0":"post-50968","1":"post","2":"type-post","3":"status-publish","4":"format-standard","5":"has-post-thumbnail","7":"category-urheilu","8":"tag-24h","9":"tag-fi","10":"tag-finland","11":"tag-finnish","12":"tag-koulutus","13":"tag-koulutus-ja-kasvatus","14":"tag-liikunta-ja-urheilu","15":"tag-sports","16":"tag-suomi","17":"tag-tyoelama","18":"tag-urheilu","19":"tag-yrityksen-johtaminen"},"share_on_mastodon":{"url":"","error":""},"_links":{"self":[{"href":"https:\/\/www.europesays.com\/fi\/wp-json\/wp\/v2\/posts\/50968","targetHints":{"allow":["GET"]}}],"collection":[{"href":"https:\/\/www.europesays.com\/fi\/wp-json\/wp\/v2\/posts"}],"about":[{"href":"https:\/\/www.europesays.com\/fi\/wp-json\/wp\/v2\/types\/post"}],"author":[{"embeddable":true,"href":"https:\/\/www.europesays.com\/fi\/wp-json\/wp\/v2\/users\/2"}],"replies":[{"embeddable":true,"href":"https:\/\/www.europesays.com\/fi\/wp-json\/wp\/v2\/comments?post=50968"}],"version-history":[{"count":0,"href":"https:\/\/www.europesays.com\/fi\/wp-json\/wp\/v2\/posts\/50968\/revisions"}],"wp:featuredmedia":[{"embeddable":true,"href":"https:\/\/www.europesays.com\/fi\/wp-json\/wp\/v2\/media\/50969"}],"wp:attachment":[{"href":"https:\/\/www.europesays.com\/fi\/wp-json\/wp\/v2\/media?parent=50968"}],"wp:term":[{"taxonomy":"category","embeddable":true,"href":"https:\/\/www.europesays.com\/fi\/wp-json\/wp\/v2\/categories?post=50968"},{"taxonomy":"post_tag","embeddable":true,"href":"https:\/\/www.europesays.com\/fi\/wp-json\/wp\/v2\/tags?post=50968"}],"curies":[{"name":"wp","href":"https:\/\/api.w.org\/{rel}","templated":true}]}}