{"id":50978,"date":"2025-10-01T23:57:10","date_gmt":"2025-10-01T23:57:10","guid":{"rendered":"https:\/\/www.europesays.com\/fi\/50978\/"},"modified":"2025-10-01T23:57:10","modified_gmt":"2025-10-01T23:57:10","slug":"afp-ranskan-joukot-nousivat-epailyttavalle-venajan-varjolaivaston-tankkerille-kaksi-pidatetty-uutisia-lyhyesti","status":"publish","type":"post","link":"https:\/\/www.europesays.com\/fi\/50978\/","title":{"rendered":"AFP: Ranskan joukot nousivat ep\u00e4ilytt\u00e4v\u00e4lle Ven\u00e4j\u00e4n varjolaivaston tankkerille \u2013 kaksi pid\u00e4tetty | Uutisia lyhyesti"},"content":{"rendered":"<p>1.10. 19:28\u2022P\u00e4ivitetty 1.10. 21:05<\/p>\n<p class=\"aw-1gybjub aw-1p7kakr cmIuaG fmSRng yle__article__paragraph\">Ranska on pid\u00e4tt\u00e4nyt kaksi Ven\u00e4j\u00e4\u00e4n kytk\u00f6ksiss\u00e4 olevan aluksen miehist\u00f6n j\u00e4sent\u00e4, maan syytt\u00e4j\u00e4viranomainen kertoo.<\/p>\n<p class=\"aw-1gybjub aw-1p7kakr cmIuaG fmSRng yle__article__paragraph\">Vain pari tuntia aiemmin aseistautuneet joukot nousivat aiemmin Ven\u00e4j\u00e4n varjolaivastoon kuuluvalle tankkerille, joka on ankkurissa Ranskan rannikolla.<\/p>\n<p class=\"aw-1gybjub aw-1p7kakr cmIuaG fmSRng yle__article__paragraph\">Presidentti <strong class=\"aw-ak79eh KyCXm yle__article__strong\">Emmanuel Macronin<\/strong> mukaan Boracay-nimisell\u00e4 aluksella ty\u00f6skentelevi\u00e4 miehist\u00f6n j\u00e4seni\u00e4 ep\u00e4ill\u00e4\u00e4n vakavista rikkomuksista.<\/p>\n<p class=\"aw-1gybjub aw-1p7kakr cmIuaG fmSRng yle__article__paragraph\"><a class=\"aw-iao6s4 iHOxEa yle__article__link\" href=\"https:\/\/www.lloydslist.com\/LL1154977\/France-investigating-shadow-fleet-tanker-linked-to-Danish-drone-attacks\" role=\"link\" rel=\"nofollow noopener\" target=\"_blank\">Lloyd&#8217;s List -sivuston<\/a> mukaan Boracay kuuluu niihin kolmeen alukseen, jotka olivat Tanskan l\u00e4hist\u00f6ll\u00e4 samaan aikaan, kun alueella havaittiin drooneja.<\/p>\n<p class=\"aw-1gybjub aw-1p7kakr cmIuaG fmSRng yle__article__paragraph\">Macron ei kuitenkaan vahvistanut, ett\u00e4 ep\u00e4ilyt liittyisiv\u00e4t Tanskassa tehtyihin mystisiin droonihavaintoihin.<\/p>\n<p class=\"aw-1gybjub aw-1p7kakr cmIuaG fmSRng yle__article__paragraph\">L\u00e4hde: AFP<\/p>\n<p class=\"aw-1gybjub aw-1p7kakr cmIuaG fmSRng yle__article__paragraph\">Juttua muokattu klo 21.05: Lis\u00e4tty tieto, ett\u00e4 kaksi henkil\u00f6\u00e4 on pid\u00e4tetty.<\/p>\n","protected":false},"excerpt":{"rendered":"1.10. 19:28\u2022P\u00e4ivitetty 1.10. 21:05 Ranska on pid\u00e4tt\u00e4nyt kaksi Ven\u00e4j\u00e4\u00e4n kytk\u00f6ksiss\u00e4 olevan aluksen miehist\u00f6n j\u00e4sent\u00e4, maan syytt\u00e4j\u00e4viranomainen kertoo. Vain&hellip;\n","protected":false},"author":2,"featured_media":74,"comment_status":"","ping_status":"","sticky":false,"template":"","format":"standard","meta":{"footnotes":""},"categories":[5],"tags":[22,23,759,26,27,33,31,30,17,24,25,28,29,15,18,21,1422,32,19,20,56,16,6925,547],"class_list":{"0":"post-50978","1":"post","2":"type-post","3":"status-publish","4":"format-standard","5":"has-post-thumbnail","7":"category-otsikot","8":"tag-breaking-news","9":"tag-breakingnews","10":"tag-droonit","11":"tag-featured-news","12":"tag-featurednews","13":"tag-fi","14":"tag-finland","15":"tag-finnish","16":"tag-headlines","17":"tag-latest-news","18":"tag-latestnews","19":"tag-main-news","20":"tag-mainnews","21":"tag-news","22":"tag-otsikot","23":"tag-paauutiset","24":"tag-ranska","25":"tag-suomi","26":"tag-top-stories","27":"tag-topstories","28":"tag-ulkomaat","29":"tag-uutiset","30":"tag-varjolaivasto","31":"tag-venaja"},"share_on_mastodon":{"url":"","error":""},"_links":{"self":[{"href":"https:\/\/www.europesays.com\/fi\/wp-json\/wp\/v2\/posts\/50978","targetHints":{"allow":["GET"]}}],"collection":[{"href":"https:\/\/www.europesays.com\/fi\/wp-json\/wp\/v2\/posts"}],"about":[{"href":"https:\/\/www.europesays.com\/fi\/wp-json\/wp\/v2\/types\/post"}],"author":[{"embeddable":true,"href":"https:\/\/www.europesays.com\/fi\/wp-json\/wp\/v2\/users\/2"}],"replies":[{"embeddable":true,"href":"https:\/\/www.europesays.com\/fi\/wp-json\/wp\/v2\/comments?post=50978"}],"version-history":[{"count":0,"href":"https:\/\/www.europesays.com\/fi\/wp-json\/wp\/v2\/posts\/50978\/revisions"}],"wp:featuredmedia":[{"embeddable":true,"href":"https:\/\/www.europesays.com\/fi\/wp-json\/wp\/v2\/media\/74"}],"wp:attachment":[{"href":"https:\/\/www.europesays.com\/fi\/wp-json\/wp\/v2\/media?parent=50978"}],"wp:term":[{"taxonomy":"category","embeddable":true,"href":"https:\/\/www.europesays.com\/fi\/wp-json\/wp\/v2\/categories?post=50978"},{"taxonomy":"post_tag","embeddable":true,"href":"https:\/\/www.europesays.com\/fi\/wp-json\/wp\/v2\/tags?post=50978"}],"curies":[{"name":"wp","href":"https:\/\/api.w.org\/{rel}","templated":true}]}}