{"id":50983,"date":"2025-10-02T00:17:06","date_gmt":"2025-10-02T00:17:06","guid":{"rendered":"https:\/\/www.europesays.com\/fi\/50983\/"},"modified":"2025-10-02T00:17:06","modified_gmt":"2025-10-02T00:17:06","slug":"maajussi-ritva-saa-kolme-kirjetta-yksikaan-mies-ei-saavu-treffeille-ilta-sanomat","status":"publish","type":"post","link":"https:\/\/www.europesays.com\/fi\/50983\/","title":{"rendered":"Maajussi-Ritva saa kolme kirjett\u00e4 \u2013 yksik\u00e4\u00e4n mies ei saavu treffeille &#8211; Ilta-Sanomat"},"content":{"rendered":"<ol>\n<li><a href=\"https:\/\/news.google.com\/rss\/articles\/CBMiW0FVX3lxTE9oMHlIQ0NXWk43M0dMVG1EVHU3SUM1QjczQ2lXZk51dzE2WU1RSUk0eW1aYkVIaE04U25icG40eXEydHlTaW5ZeXZUbVVqXzhFbE1XQlo3V3Z5ZUU?oc=5\" target=\"_blank\" rel=\"nofollow noopener\">Maajussi-Ritva saa kolme kirjett\u00e4 \u2013 yksik\u00e4\u00e4n mies ei saavu treffeille<\/a>&nbsp;&nbsp;Ilta-Sanomat<\/li>\n<li><a href=\"https:\/\/news.google.com\/rss\/articles\/CBMiggFBVV95cUxQRXdxc3MweXpnbUNnYjczcXNzZkM4LXozODVMUFVGRFFvbUJfRC0tUzNRUUpyaTRvMlZmbXZqZnl3ZFNnT29udGJ1bGp6RW5la2NSalV0UjZXQlpBNDhEM2luTXYybWswbTBhRDYyRzZVSTkwRWVVdTd0dXh3b2pNb25R?oc=5\" target=\"_blank\" rel=\"nofollow noopener\">Maajussi-Ritvan ainoa puolisoehdokas ei p\u00e4\u00e4ssyt paikalle<\/a>&nbsp;&nbsp;Iltalehti<\/li>\n<li><a href=\"https:\/\/news.google.com\/rss\/articles\/CBMiowFBVV95cUxPcWRnTHlpRDR1VEdYSTNrYTV4ZlN5T0lSamlFQ2R1eGlzNWJjM21BUjhOUkVkbGlmM0xaUXRSczZtcjVBQTNxbGU4N3gwZ190c2tTY2phZXN1NGhzX1k0cDliaFJuT1Q2MUYwR1JNd2ZMWkRlaXJKZUdVTFJ6d2VsSEVNUGZSUU5UTUlBZ0lEbHdsTFZ1X3IwbWh4bUxmSDdubGN3?oc=5\" target=\"_blank\" rel=\"nofollow noopener\">Vappu Pimi\u00e4lt\u00e4 ik\u00e4vi\u00e4 uutisia maajussille: Sulho ei saavu paikalle<\/a>&nbsp;&nbsp;Seiska.fi<\/li>\n<li><a href=\"https:\/\/news.google.com\/rss\/articles\/CBMiugFBVV95cUxQZ0N5aExNQVZrZ2lmdHZ6TlcwZm9GcFIxR1U0TzUzTzNNZHk5U084a1lMR25BMHpxQ2lmMDR5QzlpZWFBWGZVd2o1aUtnT0ZNMGx0ZWpVNWZQbUpZS0NlSnk0NTl0ZGlHdURkZGUzWVF1eHdTaWhwSXIwRXJlcV9qNV9FNmQwbnJmU04tMnZFTTdtY29KWEpsRldicUhSbzZJQ3NNUU4tQnVkR2hXcC1wUFZYUkFsOU1Fb3c?oc=5\" target=\"_blank\" rel=\"nofollow noopener\">Maajussi-Ritva sai kolme kirjett\u00e4 \u2013 yksik\u00e4\u00e4n miehist\u00e4 ei saapunut paikan p\u00e4\u00e4lle<\/a>&nbsp;&nbsp;mtvuutiset.fi<\/li>\n<li><a href=\"https:\/\/news.google.com\/rss\/articles\/CBMioAFBVV95cUxQeXVQTllyZHVHcVB6clpXZlhGWFJ2M1daWlBZamN5aVRFaENyUGxfQkRYemlLTnRQeTcyWGtQM0pLVlBWN29uYXZfRjlDRm45NndqQlVmQmFtVGxHNVVPOE9qR3VWdnNqRUxtbUNlbEhpYXFPMjVXRTktR2dsc3hNU1VDU1ptc3BYSy1lNVpKSWNwSUpKcGtnMzdqeERTdXo3?oc=5\" target=\"_blank\" rel=\"nofollow noopener\">Vappu Pimi\u00e4lt\u00e4 ik\u00e4vi\u00e4 uutisia 3 kirjett\u00e4 saaneelle maajussi-Ritvalle<\/a>&nbsp;&nbsp;Newsner Suomi<\/li>\n<\/ol>\n","protected":false},"excerpt":{"rendered":"Maajussi-Ritva saa kolme kirjett\u00e4 \u2013 yksik\u00e4\u00e4n mies ei saavu treffeille&nbsp;&nbsp;Ilta-Sanomat Maajussi-Ritvan ainoa puolisoehdokas ei p\u00e4\u00e4ssyt paikalle&nbsp;&nbsp;Iltalehti Vappu Pimi\u00e4lt\u00e4&hellip;\n","protected":false},"author":2,"featured_media":50984,"comment_status":"","ping_status":"","sticky":false,"template":"","format":"standard","meta":{"footnotes":""},"categories":[130],"tags":[137,33,31,30,34,32,109],"class_list":{"0":"post-50983","1":"post","2":"type-post","3":"status-publish","4":"format-standard","5":"has-post-thumbnail","7":"category-viihde","8":"tag-entertainment","9":"tag-fi","10":"tag-finland","11":"tag-finnish","12":"tag-ilta-sanomat","13":"tag-suomi","14":"tag-viihde"},"share_on_mastodon":{"url":"","error":""},"_links":{"self":[{"href":"https:\/\/www.europesays.com\/fi\/wp-json\/wp\/v2\/posts\/50983","targetHints":{"allow":["GET"]}}],"collection":[{"href":"https:\/\/www.europesays.com\/fi\/wp-json\/wp\/v2\/posts"}],"about":[{"href":"https:\/\/www.europesays.com\/fi\/wp-json\/wp\/v2\/types\/post"}],"author":[{"embeddable":true,"href":"https:\/\/www.europesays.com\/fi\/wp-json\/wp\/v2\/users\/2"}],"replies":[{"embeddable":true,"href":"https:\/\/www.europesays.com\/fi\/wp-json\/wp\/v2\/comments?post=50983"}],"version-history":[{"count":0,"href":"https:\/\/www.europesays.com\/fi\/wp-json\/wp\/v2\/posts\/50983\/revisions"}],"wp:featuredmedia":[{"embeddable":true,"href":"https:\/\/www.europesays.com\/fi\/wp-json\/wp\/v2\/media\/50984"}],"wp:attachment":[{"href":"https:\/\/www.europesays.com\/fi\/wp-json\/wp\/v2\/media?parent=50983"}],"wp:term":[{"taxonomy":"category","embeddable":true,"href":"https:\/\/www.europesays.com\/fi\/wp-json\/wp\/v2\/categories?post=50983"},{"taxonomy":"post_tag","embeddable":true,"href":"https:\/\/www.europesays.com\/fi\/wp-json\/wp\/v2\/tags?post=50983"}],"curies":[{"name":"wp","href":"https:\/\/api.w.org\/{rel}","templated":true}]}}