{"id":50987,"date":"2025-10-02T00:21:09","date_gmt":"2025-10-02T00:21:09","guid":{"rendered":"https:\/\/www.europesays.com\/fi\/50987\/"},"modified":"2025-10-02T00:21:09","modified_gmt":"2025-10-02T00:21:09","slug":"snapchatin-suosittu-ominaisuus-muuttuu-maksulliseksi","status":"publish","type":"post","link":"https:\/\/www.europesays.com\/fi\/50987\/","title":{"rendered":"Snapchatin suosittu ominaisuus muuttuu maksulliseksi"},"content":{"rendered":"<p class=\"ai-optimize-6 ai-optimize-introduction\">Pikaviestisovellus Snapchat muuttaa Muistot-ominaisuutensa (Memories) osittain maksulliseksi. Snapchat kertoo suunnitelmistaan <a href=\"https:\/\/newsroom.snap.com\/snap-memory-storage\" target=\"_blank\" rel=\"noopener nofollow\">verkkosivuillaan<\/a>.<\/p>\n<p class=\"ai-optimize-7\">Ominaisuus julkaistiin vuonna 2016. Siit\u00e4 l\u00e4htien k\u00e4ytt\u00e4j\u00e4t ovat voineet tallentaa sinne sis\u00e4lt\u00f6\u00e4, kuten valokuvia ja videoita. Nyt tilanteeseen on tulossa muutos. Jatkossa k\u00e4ytt\u00e4j\u00e4 saa tallentaa palveluun muistoja enint\u00e4\u00e4n viiden gigatavun edest\u00e4.<\/p>\n<p class=\"ai-optimize-8\">Samalla palvelu huomauttaa, ett\u00e4 suurimmalla osalla k\u00e4ytt\u00e4jist\u00e4 muistoja on tallennettuna alle viiden gigatavun edest\u00e4. K\u00e4yt\u00e4nn\u00f6ss\u00e4 heille mik\u00e4\u00e4n ei muutu jatkossakaan.<\/p>\n<p class=\"ai-optimize-9\">Jos kuitenkin muistoja on yli viiden gigatavun edest\u00e4, siit\u00e4 joutuu jatkossa maksamaan ellet ole valmis hyv\u00e4stelem\u00e4\u00e4n palveluun tallennettuja muistoja. Snapchat suunnittelee tuovansa markkinoilla sadan ja 250 gigatavun paketit sek\u00e4 viiden teratavun Snapchat Platinum-paketin.<\/p>\n<p class=\"ai-optimize-10\">Muutos ei astu voimaan heti eli k\u00e4ytt\u00e4jill\u00e4 on viel\u00e4 aikaa ladata muistonsa talteen palvelusta.<\/p>\n<p class=\"ai-optimize-11\">Asiasta kertoi aiemmin muun muassa Britannian yleisradioyhti\u00f6 <a href=\"https:\/\/www.bbc.com\/news\/articles\/cz69238p5p8o\" target=\"_blank\" rel=\"noopener nofollow\">BBC<\/a>. BBC:n haastattelema sosiaalisen median asiantuntija <strong>Drew Benvie<\/strong> uskoo, ett\u00e4 kaikki suuret some-j\u00e4tit tulevat jatkossa veloittamaan tallennustilasta. H\u00e4nen mukaansa sosiaalisen median palvelujen muuttuminen osittain maksullisiksi on osa niiden kehityst\u00e4.<\/p>\n<p class=\"ai-optimize-12\"><strong>LUE MY\u00d6S:<\/strong><br \/><a href=\"https:\/\/www.verkkouutiset.fi\/a\/viestisi-voivat-vuotaa-ulkopuolisille-nama-ovat-sovellusten-vaaranpaikat\/\" target=\"_blank\" rel=\"noopener nofollow\">Viestisi voivat vuotaa ulkopuolisille: N\u00e4m\u00e4 ovat sovellusten vaaranpaikat<\/a><\/p>\n","protected":false},"excerpt":{"rendered":"Pikaviestisovellus Snapchat muuttaa Muistot-ominaisuutensa (Memories) osittain maksulliseksi. Snapchat kertoo suunnitelmistaan verkkosivuillaan. Ominaisuus julkaistiin vuonna 2016. Siit\u00e4 l\u00e4htien k\u00e4ytt\u00e4j\u00e4t&hellip;\n","protected":false},"author":2,"featured_media":50988,"comment_status":"","ping_status":"","sticky":false,"template":"","format":"standard","meta":{"footnotes":""},"categories":[14],"tags":[22,23,26,27,33,31,30,17,24,25,28,29,15,18,21,1028,32,19,20,56,16,59,60,61],"class_list":{"0":"post-50987","1":"post","2":"type-post","3":"status-publish","4":"format-standard","5":"has-post-thumbnail","7":"category-ulkomaat","8":"tag-breaking-news","9":"tag-breakingnews","10":"tag-featured-news","11":"tag-featurednews","12":"tag-fi","13":"tag-finland","14":"tag-finnish","15":"tag-headlines","16":"tag-latest-news","17":"tag-latestnews","18":"tag-main-news","19":"tag-mainnews","20":"tag-news","21":"tag-otsikot","22":"tag-paauutiset","23":"tag-sosiaalinen-media","24":"tag-suomi","25":"tag-top-stories","26":"tag-topstories","27":"tag-ulkomaat","28":"tag-uutiset","29":"tag-world","30":"tag-world-news","31":"tag-worldnews"},"share_on_mastodon":{"url":"","error":""},"_links":{"self":[{"href":"https:\/\/www.europesays.com\/fi\/wp-json\/wp\/v2\/posts\/50987","targetHints":{"allow":["GET"]}}],"collection":[{"href":"https:\/\/www.europesays.com\/fi\/wp-json\/wp\/v2\/posts"}],"about":[{"href":"https:\/\/www.europesays.com\/fi\/wp-json\/wp\/v2\/types\/post"}],"author":[{"embeddable":true,"href":"https:\/\/www.europesays.com\/fi\/wp-json\/wp\/v2\/users\/2"}],"replies":[{"embeddable":true,"href":"https:\/\/www.europesays.com\/fi\/wp-json\/wp\/v2\/comments?post=50987"}],"version-history":[{"count":0,"href":"https:\/\/www.europesays.com\/fi\/wp-json\/wp\/v2\/posts\/50987\/revisions"}],"wp:featuredmedia":[{"embeddable":true,"href":"https:\/\/www.europesays.com\/fi\/wp-json\/wp\/v2\/media\/50988"}],"wp:attachment":[{"href":"https:\/\/www.europesays.com\/fi\/wp-json\/wp\/v2\/media?parent=50987"}],"wp:term":[{"taxonomy":"category","embeddable":true,"href":"https:\/\/www.europesays.com\/fi\/wp-json\/wp\/v2\/categories?post=50987"},{"taxonomy":"post_tag","embeddable":true,"href":"https:\/\/www.europesays.com\/fi\/wp-json\/wp\/v2\/tags?post=50987"}],"curies":[{"name":"wp","href":"https:\/\/api.w.org\/{rel}","templated":true}]}}