{"id":50989,"date":"2025-10-02T00:22:12","date_gmt":"2025-10-02T00:22:12","guid":{"rendered":"https:\/\/www.europesays.com\/fi\/50989\/"},"modified":"2025-10-02T00:22:12","modified_gmt":"2025-10-02T00:22:12","slug":"uutta-tietoa-ykkostien-onnettomuudesta-liikenne-yha-seis","status":"publish","type":"post","link":"https:\/\/www.europesays.com\/fi\/50989\/","title":{"rendered":"Uutta tietoa Ykk\u00f6stien onnettomuudesta \u2013 Liikenne yh\u00e4 seis"},"content":{"rendered":"<p>Helsingist\u00e4 Turkuun ajavia autoilijoita kehotetaan k\u00e4ytt\u00e4m\u00e4\u00e4n vaihtoehtoisia reittej\u00e4.<\/p>\n<p><img decoding=\"async\" class=\"image image-show image-preview\" src=\"https:\/\/www.europesays.com\/fi\/wp-content\/uploads\/2025\/08\/790247ec1ff5691eddf2731c30728ddfc2c0dc94235d8b358f43b6bcb0aa111d.jpg\" alt=\"\"\/><img decoding=\"async\" class=\"image image-show\" src=\"https:\/\/www.europesays.com\/fi\/wp-content\/uploads\/2025\/08\/1754881148_51_790247ec1ff5691eddf2731c30728ddfc2c0dc94235d8b358f43b6bcb0aa111d.jpg\" alt=\"\"\/><\/p>\n<p>L\u00e4nsi-Uudenmaan pelastuslaitoksen alustavien tietojen mukaan kyse olisi henkil\u00f6auton ja kuorma-auton kolarista. Kuvituskuva. Elle Laitila<\/p>\n<p><a href=\"https:\/\/www.iltalehti.fi\/kirjoittajat\/Sampo Lepist\u00f6\" rel=\"nofollow noopener\" target=\"_blank\"><img decoding=\"async\" class=\"author-image-img\" alt=\"Tekij\u00e4n kuva\" src=\"https:\/\/www.europesays.com\/fi\/wp-content\/uploads\/2025\/10\/6ec836488adc095e5d418e8c0bee83a76d2d21fc49bc3561e5efeb2bddc28797.png\"\/><\/a><a href=\"https:\/\/www.iltalehti.fi\/kirjoittajat\/Siiri Siikarla\" rel=\"nofollow noopener\" target=\"_blank\"><img decoding=\"async\" class=\"author-image-img\" alt=\"Tekij\u00e4n kuva\" src=\"https:\/\/www.europesays.com\/fi\/wp-content\/uploads\/2025\/09\/c22bfcb2aad7d4fe4692e962761bfb8cca2fc0f521b519d227e8502e5f3a6d0c.png\"\/><\/a><\/p>\n<p>Eilen klo 18:42 (p\u00e4ivitetty eilen klo 19:34)<\/p>\n<p class=\"paragraph\">Ykk\u00f6stien liikenne Helsingist\u00e4 Turkuun ruuhkautui keskiviikkona onnettomuuden vuoksi Lohjan kohdalla. Pelastuslaitokselta kerrotaan puoli kahdeksan aikaan, ett\u00e4 pahin ruuhka on ohi.<\/p>\n<p class=\"paragraph\">L\u00e4nsi-Uudenmaan pelastuslaitoksen jatkotiedotteessa kerrotaan, ett\u00e4 rekka t\u00f6rm\u00e4si tunnelin kalliosein\u00e4\u00e4n ja osui my\u00f6s henkil\u00f6autoon. Alustavasti kerrottiin, ett\u00e4 kyse olisi henkil\u00f6auton ja kuorma-auton kolarista.<\/p>\n<p class=\"paragraph\">Tarkka onnettomuuspaikka on Karnaisten tunnelissa. P\u00e4ivyst\u00e4v\u00e4 palomestari <strong>Henrik Hellstr\u00f6m<\/strong> kertoo, ett\u00e4 puoli kahdeksan aikaan Turun suuntaan menev\u00e4 osuus tunnelista on edelleen suljettu, ja liikennett\u00e4 ohjataan muille reiteille.<\/p>\n<p class=\"paragraph\">Autoilijoita kehotetaan k\u00e4ytt\u00e4m\u00e4\u00e4n vaihtoehtoisia reittej\u00e4.<\/p>\n<p class=\"paragraph\">Hellstr\u00f6min mukaan kumpikaan kuljettaja ei loukkaantunut vakavasti. Rekan kuljettaja vietiin sairaalaan jatkohoitoon.<\/p>\n<p class=\"paragraph\">2,2 kilometrin pituinen Karnaisten tunneli on Suomen toiseksi pisin tunneli. Pidempi l\u00f6ytyy Tampereelta, jossa Rantatunneli on 2,4 kilometri\u00e4 pitk\u00e4.<\/p>\n<p class=\"paragraph\">P\u00e4ivitetty kello 19.34 pelastuslaitoksen ja p\u00e4ivyst\u00e4v\u00e4n palomestarin antamilla lis\u00e4tiedoilla.<\/p>\n","protected":false},"excerpt":{"rendered":"Helsingist\u00e4 Turkuun ajavia autoilijoita kehotetaan k\u00e4ytt\u00e4m\u00e4\u00e4n vaihtoehtoisia reittej\u00e4. L\u00e4nsi-Uudenmaan pelastuslaitoksen alustavien tietojen mukaan kyse olisi henkil\u00f6auton ja kuorma-auton&hellip;\n","protected":false},"author":2,"featured_media":476,"comment_status":"","ping_status":"","sticky":false,"template":"","format":"standard","meta":{"footnotes":""},"categories":[12],"tags":[35,22,23,26,27,33,31,30,17,2187,24,25,121,28,29,15,120,18,21,950,32,128,19,20,16],"class_list":{"0":"post-50989","1":"post","2":"type-post","3":"status-publish","4":"format-standard","5":"has-post-thumbnail","7":"category-suomi","8":"tag-24h","9":"tag-breaking-news","10":"tag-breakingnews","11":"tag-featured-news","12":"tag-featurednews","13":"tag-fi","14":"tag-finland","15":"tag-finnish","16":"tag-headlines","17":"tag-kulkuneuvot","18":"tag-latest-news","19":"tag-latestnews","20":"tag-liikenne-ja-kuljetus","21":"tag-main-news","22":"tag-mainnews","23":"tag-news","24":"tag-onnettomuustapaus","25":"tag-otsikot","26":"tag-paauutiset","27":"tag-raskas-liikenne","28":"tag-suomi","29":"tag-tieliikenne","30":"tag-top-stories","31":"tag-topstories","32":"tag-uutiset"},"share_on_mastodon":{"url":"","error":""},"_links":{"self":[{"href":"https:\/\/www.europesays.com\/fi\/wp-json\/wp\/v2\/posts\/50989","targetHints":{"allow":["GET"]}}],"collection":[{"href":"https:\/\/www.europesays.com\/fi\/wp-json\/wp\/v2\/posts"}],"about":[{"href":"https:\/\/www.europesays.com\/fi\/wp-json\/wp\/v2\/types\/post"}],"author":[{"embeddable":true,"href":"https:\/\/www.europesays.com\/fi\/wp-json\/wp\/v2\/users\/2"}],"replies":[{"embeddable":true,"href":"https:\/\/www.europesays.com\/fi\/wp-json\/wp\/v2\/comments?post=50989"}],"version-history":[{"count":0,"href":"https:\/\/www.europesays.com\/fi\/wp-json\/wp\/v2\/posts\/50989\/revisions"}],"wp:featuredmedia":[{"embeddable":true,"href":"https:\/\/www.europesays.com\/fi\/wp-json\/wp\/v2\/media\/476"}],"wp:attachment":[{"href":"https:\/\/www.europesays.com\/fi\/wp-json\/wp\/v2\/media?parent=50989"}],"wp:term":[{"taxonomy":"category","embeddable":true,"href":"https:\/\/www.europesays.com\/fi\/wp-json\/wp\/v2\/categories?post=50989"},{"taxonomy":"post_tag","embeddable":true,"href":"https:\/\/www.europesays.com\/fi\/wp-json\/wp\/v2\/tags?post=50989"}],"curies":[{"name":"wp","href":"https:\/\/api.w.org\/{rel}","templated":true}]}}