{"id":50990,"date":"2025-10-02T00:23:11","date_gmt":"2025-10-02T00:23:11","guid":{"rendered":"https:\/\/www.europesays.com\/fi\/50990\/"},"modified":"2025-10-02T00:23:11","modified_gmt":"2025-10-02T00:23:11","slug":"otteluseuranta-pelicans-katkaisi-tappioputkensa-raksilassa-karpat-tipahti-sarjajumboksi","status":"publish","type":"post","link":"https:\/\/www.europesays.com\/fi\/50990\/","title":{"rendered":"Otteluseuranta: Pelicans katkaisi tappioputkensa Raksilassa \u2013 K\u00e4rp\u00e4t tipahti sarjajumboksi"},"content":{"rendered":"<p>    <img decoding=\"async\" class=\"responsive-image article__image-image lozad\"   src=\"https:\/\/www.europesays.com\/fi\/wp-content\/uploads\/2025\/10\/1759364590_924_pTqa-TWtLW5G9VBGnhnaN3Bku0vfDv7zSiRU-WTTSKFDVcN5UfCouk2UAIFEcoaoNAE2zSbV7AFsjoUbDteMck5xewRmE3GjKyPD.jpeg\" alt=\"Ensimm\u00e4isess\u00e4 er\u00e4ss\u00e4 ei maaleja n\u00e4hty.\"\/><\/p>\n<p>\n                Ensimm\u00e4isess\u00e4 er\u00e4ss\u00e4 ei maaleja n\u00e4hty.\n              <\/p>\n<p>\n                Kuva: Maiju Pohjanheimo\n              <\/p>\n<p class=\"article__paragraph\">\n      K\u00e4rp\u00e4t otti jo viidennen per\u00e4tt\u00e4isen tappionsa keskiviikkona Raksilassa, kun Pelicans haki Oulusta jatkoaikavoiton lukemin 3\u20132. Samalla Pelicans sys\u00e4si oululaiset koko sarjan viimeiseksi.\n    <\/p>\n<p class=\"article__paragraph\">\n      K\u00e4rppien maaleista vastasivat Patrik Virta ja Aku R\u00e4ty.\n    <\/p>\n<p>      1. er\u00e4<\/p>\n<p class=\"article__paragraph\">\n      Oululaisittain positiiviset asiat ensin. K\u00e4rp\u00e4t ei p\u00e4\u00e4st\u00e4nyt avauser\u00e4ss\u00e4 yht\u00e4\u00e4n maalia. Ruotsalaisvahti Felix Sandstr\u00f6m otti jopa vieraiden ylivoimahy\u00f6kk\u00e4yksen p\u00e4\u00e4tteeksi yhden komean torjunnan, joka teki itseluottamukselle varmasti hyv\u00e4\u00e4.\n    <\/p>\n<p class=\"article__paragraph\">\n      K\u00e4rp\u00e4t ei my\u00f6sk\u00e4\u00e4n tehnyt er\u00e4ss\u00e4 yht\u00e4\u00e4n maalia. Ei vaikka K\u00e4rp\u00e4t sai pelata avauser\u00e4ss\u00e4 my\u00f6s ylivoimalla, jonka aikana is\u00e4nn\u00e4t onnistuivat saamaan vain yhden laukauksen kohti Patrik Bartosakin vartioimaa Pelicans-maalia.\n    <\/p>\n<p class=\"article__paragraph\">\n      Raksilan katsomossa on todella v\u00e4lj\u00e4\u00e4. K\u00e4rp\u00e4t saa kumartaa faninurkan suuntaan syv\u00e4\u00e4n, sill\u00e4 ilman v\u00e4sym\u00e4tt\u00e4 kannustavia runsaslukuisia k\u00e4rpp\u00e4kannattajia Raksilan tunnelma olisi kuin kirkossa. Se tekisi tappioputkessa tarpovan k\u00e4rpp\u00e4joukkueen pelaamisesta entist\u00e4 vaikeampaa.\n    <\/p>\n<p>      2. er\u00e4<\/p>\n<p class=\"article__paragraph\">\n      Toinen er\u00e4 alkoi samoissa merkeiss\u00e4 kuin ensimm\u00e4inen p\u00e4\u00e4ttyi. Er\u00e4\u00e4 pelattiin tasaisissa merkeiss\u00e4 aina puoliv\u00e4lin paikkeille saakka.\n    <\/p>\n<p class=\"article__paragraph\">\n      Hieman ennen er\u00e4n puoliv\u00e4li\u00e4 Pelicans iski ottelun avausmaalin. Patrik Virran johtama K\u00e4rppien kakkosketju oli pulassa omassa p\u00e4\u00e4ss\u00e4. Pienen paineen p\u00e4\u00e4tteeksi lahtelaisten Kim Nieminen onnistui yll\u00e4tt\u00e4m\u00e4\u00e4n Sandstr\u00f6min k\u00e4rpp\u00e4maalilla.\n    <\/p>\n<p>    <img decoding=\"async\" class=\"responsive-image article__image-image lozad\"   src=\"https:\/\/www.europesays.com\/fi\/wp-content\/uploads\/2025\/10\/1759364591_0_dVAWyu-mymk-dMc-zusBUONms7jgYU5YX2WwGM6uo6nU050tQQ1Mu54ePCaeVDDORfCsUZ1nLOxECiI3hqAEGaZv1xFAjGY7bz6U.jpeg\" alt=\"-\"\/><\/p>\n<p class=\"article__paragraph\">\n      K\u00e4rppien tuska kasvoi muutamaa minuuttia my\u00f6hemmin, kun Roni Karvinen vei Pelicansin jo kahden maalin johtoon. Lucas Edmondsin sy\u00f6tt\u00f6 l\u00f6ysi takatolpalla p\u00e4ivyst\u00e4neen Karvisen, eik\u00e4 polvillaan ollut Atte Ohtamaa pystynyt kiekkoa pys\u00e4ytt\u00e4m\u00e4\u00e4n. Sandstr\u00f6m ei ehtinyt my\u00f6sk\u00e4\u00e4n tilanteeseen reagoida, joten Karvinen sai laittaa peliv\u00e4lineen tyhj\u00e4\u00e4n maaliin helposti.\n    <\/p>\n<p class=\"article__paragraph\">\n      K\u00e4rp\u00e4t sai hakea er\u00e4n lopulla kavennusta ylivoimalla. Tulosta ei kuitenkaan tullut.\n    <\/p>\n<p>      3. er\u00e4<\/p>\n<p class=\"article__paragraph\">\n      P\u00e4\u00e4t\u00f6ser\u00e4n alku oli illan parasta k\u00e4rpp\u00e4\u00e4. K\u00e4rp\u00e4t piti paineen Pelicansin p\u00e4\u00e4dyss\u00e4 minuuttitolkulla. Vieraat pelasti takaiskulta vain hyv\u00e4 tuuri ja Bartosakin torjunnat.\n    <\/p>\n<p class=\"article__paragraph\">\n      Hieman ennen er\u00e4n puoliv\u00e4li\u00e4 tulostakin vihdoin tuli. Kakkosketjuun kesken pelin siirretty Aku R\u00e4ty toimitti kiekon siniviivalta kohti maalia ja Patrik Virta ohjasi peliv\u00e4lineen maalin edest\u00e4 ohi Bartosakin.\n    <\/p>\n<p class=\"article__paragraph\">\n      K\u00e4rpilt\u00e4 j\u00e4i er\u00e4n puoliv\u00e4lin j\u00e4lkeen ylivoima saamatta, kun Arttu Alasiurualta vedettiin jalat alta tuomarin nen\u00e4n edess\u00e4. Pilli ei kuitenkaan t\u00e4ll\u00e4 kertaa soinut.\n    <\/p>\n<p class=\"article__paragraph\">\n      K\u00e4rp\u00e4t sai kuitenkin tasoituksen aikaan reilut kolme minuuttia ennen loppusummeria. Maalista vastasi kakkosketjuun siirtonsa j\u00e4lkeen maalin ja sy\u00f6t\u00f6n tehtaillut R\u00e4ty, joka laukoi paraatipaikalta kiekon ohi Bartosakin Ben Tardifin sy\u00f6t\u00f6st\u00e4.\n    <\/p>\n<p class=\"article__paragraph\">\n      Varsinainen peliaika ei tuonut ratkaisua, joten ottelussa siirryttiin lis\u00e4ajalle. Jatkoajalla Pelicans iski voittomaalin ylivoimalla Marcus Bj\u00f6rkin istuessa j\u00e4\u00e4hyaitiossa.\n    <\/p>\n<p class=\"article__note\">\n      Kaleva seuraa K\u00e4rppien kotiottelua er\u00e4 er\u00e4lt\u00e4.\n    <\/p>\n","protected":false},"excerpt":{"rendered":"Ensimm\u00e4isess\u00e4 er\u00e4ss\u00e4 ei maaleja n\u00e4hty. Kuva: Maiju Pohjanheimo K\u00e4rp\u00e4t otti jo viidennen per\u00e4tt\u00e4isen tappionsa keskiviikkona Raksilassa, kun Pelicans&hellip;\n","protected":false},"author":2,"featured_media":50708,"comment_status":"","ping_status":"","sticky":false,"template":"","format":"standard","meta":{"footnotes":""},"categories":[5],"tags":[22,23,26,27,33,31,30,17,24,25,28,29,15,18,21,32,19,20,16],"class_list":{"0":"post-50990","1":"post","2":"type-post","3":"status-publish","4":"format-standard","5":"has-post-thumbnail","7":"category-otsikot","8":"tag-breaking-news","9":"tag-breakingnews","10":"tag-featured-news","11":"tag-featurednews","12":"tag-fi","13":"tag-finland","14":"tag-finnish","15":"tag-headlines","16":"tag-latest-news","17":"tag-latestnews","18":"tag-main-news","19":"tag-mainnews","20":"tag-news","21":"tag-otsikot","22":"tag-paauutiset","23":"tag-suomi","24":"tag-top-stories","25":"tag-topstories","26":"tag-uutiset"},"share_on_mastodon":{"url":"","error":""},"_links":{"self":[{"href":"https:\/\/www.europesays.com\/fi\/wp-json\/wp\/v2\/posts\/50990","targetHints":{"allow":["GET"]}}],"collection":[{"href":"https:\/\/www.europesays.com\/fi\/wp-json\/wp\/v2\/posts"}],"about":[{"href":"https:\/\/www.europesays.com\/fi\/wp-json\/wp\/v2\/types\/post"}],"author":[{"embeddable":true,"href":"https:\/\/www.europesays.com\/fi\/wp-json\/wp\/v2\/users\/2"}],"replies":[{"embeddable":true,"href":"https:\/\/www.europesays.com\/fi\/wp-json\/wp\/v2\/comments?post=50990"}],"version-history":[{"count":0,"href":"https:\/\/www.europesays.com\/fi\/wp-json\/wp\/v2\/posts\/50990\/revisions"}],"wp:featuredmedia":[{"embeddable":true,"href":"https:\/\/www.europesays.com\/fi\/wp-json\/wp\/v2\/media\/50708"}],"wp:attachment":[{"href":"https:\/\/www.europesays.com\/fi\/wp-json\/wp\/v2\/media?parent=50990"}],"wp:term":[{"taxonomy":"category","embeddable":true,"href":"https:\/\/www.europesays.com\/fi\/wp-json\/wp\/v2\/categories?post=50990"},{"taxonomy":"post_tag","embeddable":true,"href":"https:\/\/www.europesays.com\/fi\/wp-json\/wp\/v2\/tags?post=50990"}],"curies":[{"name":"wp","href":"https:\/\/api.w.org\/{rel}","templated":true}]}}