{"id":50997,"date":"2025-10-02T00:47:08","date_gmt":"2025-10-02T00:47:08","guid":{"rendered":"https:\/\/www.europesays.com\/fi\/50997\/"},"modified":"2025-10-02T00:47:08","modified_gmt":"2025-10-02T00:47:08","slug":"hamas-haluaa-muokkauksia-trumpin-gaza-suunnitelmaan-israel-antoi-gazalaisille-viimeisen-tilaisuuden-poistua","status":"publish","type":"post","link":"https:\/\/www.europesays.com\/fi\/50997\/","title":{"rendered":"Hamas haluaa muokkauksia Trumpin Gaza-suunnitelmaan \u2013 Israel antoi gazalaisille viimeisen tilaisuuden poistua"},"content":{"rendered":"<p>Israelin puolustusministeri antoi Gazan kaupungin asukkaille \u201dviimeisen tilaisuuden\u201d poistua tai tulla kohdelluiksi terroristeina.<\/p>\n<p>1.10. 18:15<\/p>\n<p class=\"article-body mb-nof-24 px-nof-16\">\u00c4\u00e4rij\u00e4rjest\u00f6 Hamas haluaa muokkauksia Yhdysvaltain presidentti <a class=\"article-personlink\" href=\"https:\/\/www.satakunnankansa.fi\/haku\/?query=Donald%20Trumpin\" rel=\"nofollow noopener\" target=\"_blank\">Donald Trumpin<\/a> Gaza-suunnitelmaan, sanoi Hamasin johtoa l\u00e4hell\u00e4 oleva l\u00e4hde AFP:lle keskiviikkona. J\u00e4rjest\u00f6 haluaa muutoksia ainakin ehtoon j\u00e4rjest\u00f6n aseista riisumisesta.<\/p>\n<p class=\"article-body mb-nof-24 px-nof-16\">L\u00e4hteen mukaan Hamasin neuvottelijat keskustelivat asiasta tiistaina Turkin, Egyptin ja Qatarin edustajien kanssa Qatarin p\u00e4\u00e4kaupungissa Dohassa.<\/p>\n<p class=\"article-body mb-nof-24 px-nof-16\">Hamasin virallista vastausta Trumpin ehdotuksiin ei ole viel\u00e4 saatu. Nimett\u00f6m\u00e4n\u00e4 puhunut AFP:n l\u00e4hde sanoi, ett\u00e4 Hamas tarvitsisi vastauksensa toimittamiseen kaksi tai enint\u00e4\u00e4n kolme p\u00e4iv\u00e4\u00e4.<\/p>\n<p class=\"article-body mb-nof-24 px-nof-16\">T\u00e4ll\u00e4 viikolla Trump julkisti 20-kohtaisen rauhansuunnitelmansa, jossa ehdotetaan muun muassa v\u00e4lit\u00f6nt\u00e4 tulitaukoa, Hamasin riisumista aseista, kaikkien Gazassa olevien panttivankien vapauttamista 72 tunnin sis\u00e4ll\u00e4 sopimuksen hyv\u00e4ksymisest\u00e4, Israelin vaiheittaista vet\u00e4ytymist\u00e4 Gazasta sek\u00e4 kansainv\u00e4list\u00e4 v\u00e4liaikaishallintoa Gazaan Trumpin itsens\u00e4 johdolla. Suunnitelman mukaan gazalaisia ei pakotettaisi siirtym\u00e4\u00e4n pois Gazan kaistalta.<\/p>\n<p class=\"article-body mb-nof-24 px-nof-16\">Hamasia l\u00e4hell\u00e4 olevat tahot ovat kommentoineet Trumpin suunnitelmaa Israelin linjaa my\u00f6t\u00e4ilev\u00e4ksi ja puolueelliseksi.<\/p>\n<p>Israel tiivisti Gazan kaupungin saartoa<\/p>\n<p class=\"article-body mb-nof-24 px-nof-16\">T\u00e4ll\u00e4 v\u00e4lin Israelin puolustusministeri<a class=\"article-personlink\" href=\"https:\/\/www.satakunnankansa.fi\/haku\/?query=%20Israel%20Katz\" rel=\"nofollow noopener\" target=\"_blank\"> Israel Katz <\/a>sanoi antavansa Gazan kaupungin asukkaille viimeisen tilaisuuden poistua. H\u00e4n sanoi keskiviikkona armeijan tiivist\u00e4v\u00e4n kaupungin saartoa ja vaati siviilej\u00e4 j\u00e4tt\u00e4m\u00e4\u00e4n \u00e4\u00e4rij\u00e4rjest\u00f6 Hamasin taistelijat yksin kaupunkiin. Muuten he tulisivat kohdelluiksi terroristeina tai heid\u00e4n tukijoinaan, Katz sanoi.<\/p>\n<p class=\"article-body mb-nof-24 px-nof-16\">Aiemmin keskiviikkona Israelin asevoimat ilmoitti sulkevansa viimeisen Gazan asukkaille avoinna olleen reitin kaistan etel\u00e4osasta pohjoiseen, jossa Gazan kaupunki sijaitsee.<\/p>\n<p class=\"article-body mb-nof-24 px-nof-16\">Asevoimien tiedottaja ilmoitti <a class=\"article-genericlink\" href=\"https:\/\/x.com\/AvichayAdraee\/status\/1973232990487564496\" rel=\"nofollow\">X-viestipalvelussa<\/a>, ett\u00e4 samalla kun tie pohjoiseen suljetaan, saa Gazan kaupungista poistua vapaasti etel\u00e4\u00e4n joutumatta tiell\u00e4 tarkastuksiin.<\/p>\n<p class=\"article-body mb-nof-24 px-nof-16\">Israel on toistuvasti vaatinut Gazan kaupungin asukkaita l\u00e4htem\u00e4\u00e4n pois sotatoimiensa tielt\u00e4.<\/p>\n<p class=\"article-body mb-nof-24 px-nof-16\">Israel aloitti syyskuun puoliv\u00e4liss\u00e4 Gazan kaupungissa maaoperaation, joka on tuomittu maailmalla laajasti. YK:n riippumaton tutkintakomissio on sanonut Israelin syyllistyv\u00e4n kansanmurhaan Gazassa.<\/p>\n","protected":false},"excerpt":{"rendered":"Israelin puolustusministeri antoi Gazan kaupungin asukkaille \u201dviimeisen tilaisuuden\u201d poistua tai tulla kohdelluiksi terroristeina. 1.10. 18:15 \u00c4\u00e4rij\u00e4rjest\u00f6 Hamas haluaa&hellip;\n","protected":false},"author":2,"featured_media":50998,"comment_status":"","ping_status":"","sticky":false,"template":"","format":"standard","meta":{"footnotes":""},"categories":[14],"tags":[22,23,26,27,33,31,30,17,24,25,28,29,15,18,21,80,32,19,20,56,16,59,60,61],"class_list":{"0":"post-50997","1":"post","2":"type-post","3":"status-publish","4":"format-standard","5":"has-post-thumbnail","7":"category-ulkomaat","8":"tag-breaking-news","9":"tag-breakingnews","10":"tag-featured-news","11":"tag-featurednews","12":"tag-fi","13":"tag-finland","14":"tag-finnish","15":"tag-headlines","16":"tag-latest-news","17":"tag-latestnews","18":"tag-main-news","19":"tag-mainnews","20":"tag-news","21":"tag-otsikot","22":"tag-paauutiset","23":"tag-satakunnan-kansa","24":"tag-suomi","25":"tag-top-stories","26":"tag-topstories","27":"tag-ulkomaat","28":"tag-uutiset","29":"tag-world","30":"tag-world-news","31":"tag-worldnews"},"share_on_mastodon":{"url":"","error":""},"_links":{"self":[{"href":"https:\/\/www.europesays.com\/fi\/wp-json\/wp\/v2\/posts\/50997","targetHints":{"allow":["GET"]}}],"collection":[{"href":"https:\/\/www.europesays.com\/fi\/wp-json\/wp\/v2\/posts"}],"about":[{"href":"https:\/\/www.europesays.com\/fi\/wp-json\/wp\/v2\/types\/post"}],"author":[{"embeddable":true,"href":"https:\/\/www.europesays.com\/fi\/wp-json\/wp\/v2\/users\/2"}],"replies":[{"embeddable":true,"href":"https:\/\/www.europesays.com\/fi\/wp-json\/wp\/v2\/comments?post=50997"}],"version-history":[{"count":0,"href":"https:\/\/www.europesays.com\/fi\/wp-json\/wp\/v2\/posts\/50997\/revisions"}],"wp:featuredmedia":[{"embeddable":true,"href":"https:\/\/www.europesays.com\/fi\/wp-json\/wp\/v2\/media\/50998"}],"wp:attachment":[{"href":"https:\/\/www.europesays.com\/fi\/wp-json\/wp\/v2\/media?parent=50997"}],"wp:term":[{"taxonomy":"category","embeddable":true,"href":"https:\/\/www.europesays.com\/fi\/wp-json\/wp\/v2\/categories?post=50997"},{"taxonomy":"post_tag","embeddable":true,"href":"https:\/\/www.europesays.com\/fi\/wp-json\/wp\/v2\/tags?post=50997"}],"curies":[{"name":"wp","href":"https:\/\/api.w.org\/{rel}","templated":true}]}}