{"id":50999,"date":"2025-10-02T00:48:11","date_gmt":"2025-10-02T00:48:11","guid":{"rendered":"https:\/\/www.europesays.com\/fi\/50999\/"},"modified":"2025-10-02T00:48:11","modified_gmt":"2025-10-02T00:48:11","slug":"ajoneuvoyhdistelma-tormasi-tunnelin-seinaan-helsingin-moottoritiella","status":"publish","type":"post","link":"https:\/\/www.europesays.com\/fi\/50999\/","title":{"rendered":"Ajoneuvoyhdistelm\u00e4 t\u00f6rm\u00e4si tunnelin sein\u00e4\u00e4n Helsingin moottoritiell\u00e4"},"content":{"rendered":"<p class=\"teksti\">Ajoneuvoyhdistelm\u00e4 t\u00f6rm\u00e4si tunnelin sein\u00e4\u00e4n Helsingin moottoritiell\u00e4 Lohjalla keskiviikkona illalla. Onnettomuus tapahtui Turun suuntaan kulkevan liikenteen puolella Karnaisten tunnelissa. Ajoneuvo osui t\u00f6rm\u00e4yksess\u00e4 my\u00f6s henkil\u00f6autoon.<\/p>\n<p class=\"teksti\">Molemmissa ajoneuvoissa oli vain kuljettajat, joista toinen kuljetettiin sairaalaan jatkohoitoon. Liikenne ruuhkautui tilap\u00e4isesti onnettomuuden takia.<\/p>\n","protected":false},"excerpt":{"rendered":"Ajoneuvoyhdistelm\u00e4 t\u00f6rm\u00e4si tunnelin sein\u00e4\u00e4n Helsingin moottoritiell\u00e4 Lohjalla keskiviikkona illalla. Onnettomuus tapahtui Turun suuntaan kulkevan liikenteen puolella Karnaisten tunnelissa.&hellip;\n","protected":false},"author":2,"featured_media":51000,"comment_status":"","ping_status":"","sticky":false,"template":"","format":"standard","meta":{"footnotes":""},"categories":[12],"tags":[22,23,26,27,33,31,30,17,24,25,28,29,15,18,21,32,19,20,16],"class_list":{"0":"post-50999","1":"post","2":"type-post","3":"status-publish","4":"format-standard","5":"has-post-thumbnail","7":"category-suomi","8":"tag-breaking-news","9":"tag-breakingnews","10":"tag-featured-news","11":"tag-featurednews","12":"tag-fi","13":"tag-finland","14":"tag-finnish","15":"tag-headlines","16":"tag-latest-news","17":"tag-latestnews","18":"tag-main-news","19":"tag-mainnews","20":"tag-news","21":"tag-otsikot","22":"tag-paauutiset","23":"tag-suomi","24":"tag-top-stories","25":"tag-topstories","26":"tag-uutiset"},"share_on_mastodon":{"url":"","error":""},"_links":{"self":[{"href":"https:\/\/www.europesays.com\/fi\/wp-json\/wp\/v2\/posts\/50999","targetHints":{"allow":["GET"]}}],"collection":[{"href":"https:\/\/www.europesays.com\/fi\/wp-json\/wp\/v2\/posts"}],"about":[{"href":"https:\/\/www.europesays.com\/fi\/wp-json\/wp\/v2\/types\/post"}],"author":[{"embeddable":true,"href":"https:\/\/www.europesays.com\/fi\/wp-json\/wp\/v2\/users\/2"}],"replies":[{"embeddable":true,"href":"https:\/\/www.europesays.com\/fi\/wp-json\/wp\/v2\/comments?post=50999"}],"version-history":[{"count":0,"href":"https:\/\/www.europesays.com\/fi\/wp-json\/wp\/v2\/posts\/50999\/revisions"}],"wp:featuredmedia":[{"embeddable":true,"href":"https:\/\/www.europesays.com\/fi\/wp-json\/wp\/v2\/media\/51000"}],"wp:attachment":[{"href":"https:\/\/www.europesays.com\/fi\/wp-json\/wp\/v2\/media?parent=50999"}],"wp:term":[{"taxonomy":"category","embeddable":true,"href":"https:\/\/www.europesays.com\/fi\/wp-json\/wp\/v2\/categories?post=50999"},{"taxonomy":"post_tag","embeddable":true,"href":"https:\/\/www.europesays.com\/fi\/wp-json\/wp\/v2\/tags?post=50999"}],"curies":[{"name":"wp","href":"https:\/\/api.w.org\/{rel}","templated":true}]}}