{"id":51011,"date":"2025-10-02T01:13:08","date_gmt":"2025-10-02T01:13:08","guid":{"rendered":"https:\/\/www.europesays.com\/fi\/51011\/"},"modified":"2025-10-02T01:13:08","modified_gmt":"2025-10-02T01:13:08","slug":"wsj-usa-toimittaa-ukrainalle-tiedustelutietoa-venajalle-suuntautuvia-iskuja-varten-uutisia-lyhyesti","status":"publish","type":"post","link":"https:\/\/www.europesays.com\/fi\/51011\/","title":{"rendered":"WSJ: USA toimittaa Ukrainalle tiedustelutietoa Ven\u00e4j\u00e4lle suuntautuvia iskuja varten | Uutisia lyhyesti"},"content":{"rendered":"<p class=\"aw-1gybjub aw-5vja16 cmIuaG zKETg yle__article__paragraph\">Tiedustelutietojen jakamisella on tarkoitus auttaa Ukrainaa iskem\u00e4\u00e4n Ven\u00e4j\u00e4n energiainfrastruktuuriin.<\/p>\n<p><img decoding=\"async\" alt=\"Volodymyr Zelenskyi ja Donald Trump istuvat vierekk\u00e4in lehdist\u00f6tilaisuudessa.\" src=\"https:\/\/www.europesays.com\/fi\/wp-content\/uploads\/2025\/10\/39-152775768d2f0d9b0da5.jpeg\" class=\"aw-1l9m598 hKVVvP\"\/><\/p>\n<p>Avaa kuvien katselu<\/p>\n<p>Zelenskyi ja Trump tapasivat viime viikolla YK:n yleiskokouksen yhteydess\u00e4 New Yorkissa. Kuva: Chip Somodevilla \/ AFP \/ Lehtikuva<\/p>\n<p class=\"aw-1gybjub aw-1p7kakr cmIuaG fmSRng yle__article__paragraph\">Yhdysvallat aikoo toimittaa Ukrainalle tiedustelutietoa, jota Ukraina voi hy\u00f6dynt\u00e4\u00e4 suunnitellessaan pitk\u00e4n kantaman ohjusiskuja Ven\u00e4j\u00e4n energiainfrastruktuuriin, kirjoittaa <a class=\"aw-iao6s4 iHOxEa yle__article__link\" href=\"https:\/\/www.wsj.com\/world\/u-s-to-provide-ukraine-with-intelligence-for-missile-strikes-deep-inside-russia-ca7b2276?mod=hp_lead_pos1\" role=\"link\" rel=\"nofollow noopener\" target=\"_blank\">Wall Street Journal<\/a> yhdysvaltalaisiin viranomaisl\u00e4hteisiin perustuen.<\/p>\n<p class=\"aw-1gybjub aw-1p7kakr cmIuaG fmSRng yle__article__paragraph\">Trumpin hallinto harkitsee my\u00f6s tehokkaiden aseiden toimittamista Ukrainalle, jolloin entist\u00e4 useammat kohteet Ven\u00e4j\u00e4ll\u00e4 olisivat iskujen ulottuvilla.<\/p>\n<p class=\"aw-1gybjub aw-1p7kakr cmIuaG fmSRng yle__article__paragraph\">Lehden mukaan yhdysvaltalaisviranomaiset pyyt\u00e4v\u00e4t my\u00f6s Naton liittolaisia antamaan vastaavaa tukea Ukrainalle.<\/p>\n<p class=\"aw-1gybjub aw-1p7kakr cmIuaG fmSRng yle__article__paragraph\">Wall Street Journalin mukaan p\u00e4\u00e4t\u00f6s lis\u00e4tiedustelutiedon jakamisesta Ukrainan kanssa tehtiin hieman ennen kuin presidentti <strong class=\"aw-ak79eh KyCXm yle__article__strong\">Donald Trump<\/strong> julkaisi viime viikolla sosiaalisessa mediassa viestin, jossa h\u00e4n n\u00e4ytti koventaneen linjaansa Ven\u00e4j\u00e4\u00e4 kohtaan. Viestiss\u00e4 Trump kirjoitti, ett\u00e4 Ukraina voi EU:n tuella taistella ja voittaa takaisin kaikki alkuper\u00e4iset alueensa ja ehk\u00e4 jopa menn\u00e4 pidemm\u00e4llekin.<\/p>\n<p class=\"aw-1gybjub aw-1p7kakr cmIuaG fmSRng yle__article__paragraph\">Lausunto oli Trumpilta poikkeuksellinen ja selke\u00e4 muutos Ukrainan tukemisen suuntaan.<\/p>\n<p class=\"aw-1gybjub aw-1p7kakr cmIuaG fmSRng yle__article__paragraph\">Trump julkaisi viestin sen j\u00e4lkeen, kun h\u00e4n oli keskustellut Ukrainan presidentin <strong class=\"aw-ak79eh KyCXm yle__article__strong\">Volodymyr Zelenskyin<\/strong> kanssa YK:n yleiskokouksen yhteydess\u00e4 New Yorkissa.<\/p>\n<p class=\"aw-1gybjub aw-1p7kakr cmIuaG fmSRng yle__article__paragraph\">Uutistoimisto Reuters ei pystynyt v\u00e4litt\u00f6m\u00e4sti varmistamaan Wall Street Journalin uutista.<\/p>\n<p class=\"aw-1gybjub aw-1p7kakr cmIuaG fmSRng yle__article__paragraph\">L\u00e4hde: Reuters<\/p>\n","protected":false},"excerpt":{"rendered":"Tiedustelutietojen jakamisella on tarkoitus auttaa Ukrainaa iskem\u00e4\u00e4n Ven\u00e4j\u00e4n energiainfrastruktuuriin. Avaa kuvien katselu Zelenskyi ja Trump tapasivat viime viikolla&hellip;\n","protected":false},"author":2,"featured_media":51012,"comment_status":"","ping_status":"","sticky":false,"template":"","format":"standard","meta":{"footnotes":""},"categories":[14],"tags":[22,23,26,27,33,31,30,17,24,25,28,29,15,18,21,32,19,20,56,16,987,59,60,61],"class_list":{"0":"post-51011","1":"post","2":"type-post","3":"status-publish","4":"format-standard","5":"has-post-thumbnail","7":"category-ulkomaat","8":"tag-breaking-news","9":"tag-breakingnews","10":"tag-featured-news","11":"tag-featurednews","12":"tag-fi","13":"tag-finland","14":"tag-finnish","15":"tag-headlines","16":"tag-latest-news","17":"tag-latestnews","18":"tag-main-news","19":"tag-mainnews","20":"tag-news","21":"tag-otsikot","22":"tag-paauutiset","23":"tag-suomi","24":"tag-top-stories","25":"tag-topstories","26":"tag-ulkomaat","27":"tag-uutiset","28":"tag-venajan-hyokkays","29":"tag-world","30":"tag-world-news","31":"tag-worldnews"},"share_on_mastodon":{"url":"","error":""},"_links":{"self":[{"href":"https:\/\/www.europesays.com\/fi\/wp-json\/wp\/v2\/posts\/51011","targetHints":{"allow":["GET"]}}],"collection":[{"href":"https:\/\/www.europesays.com\/fi\/wp-json\/wp\/v2\/posts"}],"about":[{"href":"https:\/\/www.europesays.com\/fi\/wp-json\/wp\/v2\/types\/post"}],"author":[{"embeddable":true,"href":"https:\/\/www.europesays.com\/fi\/wp-json\/wp\/v2\/users\/2"}],"replies":[{"embeddable":true,"href":"https:\/\/www.europesays.com\/fi\/wp-json\/wp\/v2\/comments?post=51011"}],"version-history":[{"count":0,"href":"https:\/\/www.europesays.com\/fi\/wp-json\/wp\/v2\/posts\/51011\/revisions"}],"wp:featuredmedia":[{"embeddable":true,"href":"https:\/\/www.europesays.com\/fi\/wp-json\/wp\/v2\/media\/51012"}],"wp:attachment":[{"href":"https:\/\/www.europesays.com\/fi\/wp-json\/wp\/v2\/media?parent=51011"}],"wp:term":[{"taxonomy":"category","embeddable":true,"href":"https:\/\/www.europesays.com\/fi\/wp-json\/wp\/v2\/categories?post=51011"},{"taxonomy":"post_tag","embeddable":true,"href":"https:\/\/www.europesays.com\/fi\/wp-json\/wp\/v2\/tags?post=51011"}],"curies":[{"name":"wp","href":"https:\/\/api.w.org\/{rel}","templated":true}]}}