{"id":51015,"date":"2025-10-02T01:15:13","date_gmt":"2025-10-02T01:15:13","guid":{"rendered":"https:\/\/www.europesays.com\/fi\/51015\/"},"modified":"2025-10-02T01:15:13","modified_gmt":"2025-10-02T01:15:13","slug":"jarno-limnellilta-suorat-sanat-venajasta","status":"publish","type":"post","link":"https:\/\/www.europesays.com\/fi\/51015\/","title":{"rendered":"Jarno Limn\u00e9llilt\u00e4 suorat sanat Ven\u00e4j\u00e4st\u00e4"},"content":{"rendered":"<p>1.10. 16:48<\/p>\n<p class=\"article-body mb-nof-24 px-nof-16\">Ven\u00e4j\u00e4 aloittaa YK:n turvallisuusneuvoston puheenjohtajana. Kokoomuksen Kansanedustaja <a class=\"article-personlink\" href=\"https:\/\/www.is.fi\/haku\/?query=Jarno%20Limn%C3%A9ll\" rel=\"nofollow noopener\" target=\"_blank\">Jarno Limn\u00e9ll<\/a> (kok) pit\u00e4\u00e4 tilannetta vakavana ristiriitana ja osoituksena kansainv\u00e4lisen j\u00e4rjestelm\u00e4n hauraudesta.<\/p>\n<p class=\"article-body mb-nof-24 px-nof-16\">\u2013\u2009Se on v\u00e4h\u00e4n kuin jos tuhopolttaja valittaisiin palokunnan p\u00e4\u00e4llik\u00f6ksi, Limn\u00e9ll sanoo tiedotteessa.<\/p>\n<p class=\"article-body mb-nof-24 px-nof-16\">\u2013\u2009Tilanne on absurdi mutta tosi: kansainv\u00e4lisen j\u00e4rjestelm\u00e4n t\u00e4rkein rauhaa ja turvallisuutta valvova elin saa hetkeksi johtoonsa valtion, joka itse rikkoo r\u00e4ike\u00e4sti kansainv\u00e4list\u00e4 oikeutta ja hy\u00f6kk\u00e4\u00e4 naapurinsa kimppuun.<\/p>\n<p class=\"article-body mb-nof-24 px-nof-16\">YK:n turvallisuusneuvoston puheenjohtajuus kiert\u00e4\u00e4 kuukausittain aakkosj\u00e4rjestyksess\u00e4 kaikille j\u00e4senmaille. Limn\u00e9llin mukaan t\u00e4m\u00e4 tekninen tosiasia ei v\u00e4henn\u00e4 tilanteen moraalista ristiriitaa.<\/p>\n<p class=\"article-body mb-nof-24 px-nof-16\">\u2013\u2009Puheenjohtajuus on kiert\u00e4v\u00e4 teht\u00e4v\u00e4, mutta se ei poista sit\u00e4 tosiasiaa, ett\u00e4 hy\u00f6kk\u00e4yssotaa k\u00e4yv\u00e4 valtio saa hetkeksi k\u00e4rkipaikan maailmanrauhan vartijana, Limn\u00e9ll sanoo.<\/p>\n<p class=\"article-body mb-nof-24 px-nof-16\">Limn\u00e9ll korostaa, ett\u00e4 Ven\u00e4j\u00e4n puheenjohtajuus ei saa johtaa hiljaisuuteen.<\/p>\n<p class=\"article-body mb-nof-24 px-nof-16\">\u2013\u2009Sota, rikokset ja valheet on nostettava esiin entist\u00e4 kovemmin \u00e4\u00e4nin. Jos maailma haluaa s\u00e4ilytt\u00e4\u00e4 uskon kansainv\u00e4liseen oikeuteen, Ven\u00e4j\u00e4n paikka ei ole johtamassa maailmanrauhaa, vaan vastaamassa teoistaan Haagissa, Limn\u00e9ll sanoo.<\/p>\n<p class=\"article-body mb-nof-24 px-nof-16\">Limn\u00e9llin mukaan tilanne on my\u00f6s muistutus kansainv\u00e4liselle yhteis\u00f6lle yhten\u00e4isyyden t\u00e4rkeydest\u00e4.<\/p>\n<p class=\"article-body mb-nof-24 px-nof-16\">\u2013\u2009Hy\u00f6kk\u00e4\u00e4j\u00e4 istuu nyt p\u00f6yd\u00e4n p\u00e4\u00e4ss\u00e4, mutta se ei saa lamaannuttaa. Tarvitaan p\u00e4\u00e4tt\u00e4v\u00e4isyytt\u00e4 ja yhten\u00e4isyytt\u00e4, my\u00f6s siell\u00e4, miss\u00e4 Ven\u00e4j\u00e4 yritt\u00e4\u00e4 peitt\u00e4\u00e4 rikoksensa puheenjohtajan nuijan taakse.<\/p>\n","protected":false},"excerpt":{"rendered":"1.10. 16:48 Ven\u00e4j\u00e4 aloittaa YK:n turvallisuusneuvoston puheenjohtajana. Kokoomuksen Kansanedustaja Jarno Limn\u00e9ll (kok) pit\u00e4\u00e4 tilannetta vakavana ristiriitana ja osoituksena&hellip;\n","protected":false},"author":2,"featured_media":51016,"comment_status":"","ping_status":"","sticky":false,"template":"","format":"standard","meta":{"footnotes":""},"categories":[5],"tags":[22,23,26,27,33,31,30,17,34,24,25,28,29,15,18,21,32,19,20,16],"class_list":{"0":"post-51015","1":"post","2":"type-post","3":"status-publish","4":"format-standard","5":"has-post-thumbnail","7":"category-otsikot","8":"tag-breaking-news","9":"tag-breakingnews","10":"tag-featured-news","11":"tag-featurednews","12":"tag-fi","13":"tag-finland","14":"tag-finnish","15":"tag-headlines","16":"tag-ilta-sanomat","17":"tag-latest-news","18":"tag-latestnews","19":"tag-main-news","20":"tag-mainnews","21":"tag-news","22":"tag-otsikot","23":"tag-paauutiset","24":"tag-suomi","25":"tag-top-stories","26":"tag-topstories","27":"tag-uutiset"},"share_on_mastodon":{"url":"","error":""},"_links":{"self":[{"href":"https:\/\/www.europesays.com\/fi\/wp-json\/wp\/v2\/posts\/51015","targetHints":{"allow":["GET"]}}],"collection":[{"href":"https:\/\/www.europesays.com\/fi\/wp-json\/wp\/v2\/posts"}],"about":[{"href":"https:\/\/www.europesays.com\/fi\/wp-json\/wp\/v2\/types\/post"}],"author":[{"embeddable":true,"href":"https:\/\/www.europesays.com\/fi\/wp-json\/wp\/v2\/users\/2"}],"replies":[{"embeddable":true,"href":"https:\/\/www.europesays.com\/fi\/wp-json\/wp\/v2\/comments?post=51015"}],"version-history":[{"count":0,"href":"https:\/\/www.europesays.com\/fi\/wp-json\/wp\/v2\/posts\/51015\/revisions"}],"wp:featuredmedia":[{"embeddable":true,"href":"https:\/\/www.europesays.com\/fi\/wp-json\/wp\/v2\/media\/51016"}],"wp:attachment":[{"href":"https:\/\/www.europesays.com\/fi\/wp-json\/wp\/v2\/media?parent=51015"}],"wp:term":[{"taxonomy":"category","embeddable":true,"href":"https:\/\/www.europesays.com\/fi\/wp-json\/wp\/v2\/categories?post=51015"},{"taxonomy":"post_tag","embeddable":true,"href":"https:\/\/www.europesays.com\/fi\/wp-json\/wp\/v2\/tags?post=51015"}],"curies":[{"name":"wp","href":"https:\/\/api.w.org\/{rel}","templated":true}]}}