{"id":51025,"date":"2025-10-02T01:38:07","date_gmt":"2025-10-02T01:38:07","guid":{"rendered":"https:\/\/www.europesays.com\/fi\/51025\/"},"modified":"2025-10-02T01:38:07","modified_gmt":"2025-10-02T01:38:07","slug":"tyoministeri-marttinen-vierailee-uudessakaupungissa-uutisia-lyhyesti","status":"publish","type":"post","link":"https:\/\/www.europesays.com\/fi\/51025\/","title":{"rendered":"Ty\u00f6ministeri Marttinen vierailee Uudessakaupungissa | Uutisia lyhyesti"},"content":{"rendered":"<p class=\"aw-1gybjub aw-1p7kakr cmIuaG fmSRng yle__article__paragraph\">Ty\u00f6ministeri, kokoomuksen <strong class=\"aw-ak79eh KyCXm yle__article__strong\">Matias Marttinen<\/strong> vierailee t\u00e4n\u00e4\u00e4n Uudessakaupungissa. Vierailun taustalla on autotehdas Valmet Automotiven viime viikolla kertomat tiedot muutosneuvotteluiden aloittamisesta.<\/p>\n<p class=\"aw-1gybjub aw-1p7kakr cmIuaG fmSRng yle__article__paragraph\">Neuvottelujen piiriss\u00e4 on noin 1 300 ihmist\u00e4 ja arvioitu sopeuttamistarve on noin 1 075 henkil\u00f6ty\u00f6vuotta.<\/p>\n<p class=\"aw-1gybjub aw-1p7kakr cmIuaG fmSRng yle__article__paragraph\">Valtion omistusosuus autotehtaasta on 79 prosenttia. Syyskuun alussa kerrottiin, ett\u00e4 valtiosta tulee Uudenkaupungin autotehtaan enemmist\u00f6omistaja.<\/p>\n","protected":false},"excerpt":{"rendered":"Ty\u00f6ministeri, kokoomuksen Matias Marttinen vierailee t\u00e4n\u00e4\u00e4n Uudessakaupungissa. Vierailun taustalla on autotehdas Valmet Automotiven viime viikolla kertomat tiedot muutosneuvotteluiden&hellip;\n","protected":false},"author":2,"featured_media":51026,"comment_status":"","ping_status":"","sticky":false,"template":"","format":"standard","meta":{"footnotes":""},"categories":[76],"tags":[79,77,33,31,30,637,32,78,7549,1356],"class_list":{"0":"post-51025","1":"post","2":"type-post","3":"status-publish","4":"format-standard","5":"has-post-thumbnail","7":"category-talous","8":"tag-business","9":"tag-economy","10":"tag-fi","11":"tag-finland","12":"tag-finnish","13":"tag-politiikka","14":"tag-suomi","15":"tag-talous","16":"tag-valmet-automotive","17":"tag-yritykset"},"share_on_mastodon":{"url":"","error":""},"_links":{"self":[{"href":"https:\/\/www.europesays.com\/fi\/wp-json\/wp\/v2\/posts\/51025","targetHints":{"allow":["GET"]}}],"collection":[{"href":"https:\/\/www.europesays.com\/fi\/wp-json\/wp\/v2\/posts"}],"about":[{"href":"https:\/\/www.europesays.com\/fi\/wp-json\/wp\/v2\/types\/post"}],"author":[{"embeddable":true,"href":"https:\/\/www.europesays.com\/fi\/wp-json\/wp\/v2\/users\/2"}],"replies":[{"embeddable":true,"href":"https:\/\/www.europesays.com\/fi\/wp-json\/wp\/v2\/comments?post=51025"}],"version-history":[{"count":0,"href":"https:\/\/www.europesays.com\/fi\/wp-json\/wp\/v2\/posts\/51025\/revisions"}],"wp:featuredmedia":[{"embeddable":true,"href":"https:\/\/www.europesays.com\/fi\/wp-json\/wp\/v2\/media\/51026"}],"wp:attachment":[{"href":"https:\/\/www.europesays.com\/fi\/wp-json\/wp\/v2\/media?parent=51025"}],"wp:term":[{"taxonomy":"category","embeddable":true,"href":"https:\/\/www.europesays.com\/fi\/wp-json\/wp\/v2\/categories?post=51025"},{"taxonomy":"post_tag","embeddable":true,"href":"https:\/\/www.europesays.com\/fi\/wp-json\/wp\/v2\/tags?post=51025"}],"curies":[{"name":"wp","href":"https:\/\/api.w.org\/{rel}","templated":true}]}}