{"id":51029,"date":"2025-10-02T01:40:17","date_gmt":"2025-10-02T01:40:17","guid":{"rendered":"https:\/\/www.europesays.com\/fi\/51029\/"},"modified":"2025-10-02T01:40:17","modified_gmt":"2025-10-02T01:40:17","slug":"pirha-alkaa-peria-uutta-maksua-tuhansilta-kotihoidon-ja-palveluasumisen-asiakkailta","status":"publish","type":"post","link":"https:\/\/www.europesays.com\/fi\/51029\/","title":{"rendered":"Pirha alkaa peri\u00e4 uutta maksua tuhansilta kotihoidon ja palveluasumisen asiakkailta"},"content":{"rendered":"<p>L\u00e4\u00e4k\u00e4rik\u00e4ynnit tulevat nyt maksullisiksi muun muassa tamperelaisille kotihoidon, yhteis\u00e4llisen asumisen ja ymp\u00e4rivuorokautisen palveluasumisen asiakkaille.<\/p>\n<p>1.10. 16:00<\/p>\n<p class=\"article-body mb-nof-24 px-nof-16\">Aamulehti<\/p>\n<p>Lue tiivistelm\u00e4<\/p>\n<p>Tiivistelm\u00e4 on teko\u00e4lyn tekem\u00e4 ja ihmisen tarkistama.<\/p>\n<p class=\"article-body mb-nof-24 px-nof-16 sndp-summary-bullet-point-font\">Pirkanmaan hyvinvointialue alkaa peri\u00e4 28,2 euron maksun l\u00e4\u00e4k\u00e4rin l\u00e4hik\u00e4ynnist\u00e4 kotihoidon ja palveluasumisen asukkailta lokakuun alusta.<\/p>\n<p class=\"article-body mb-nof-24 px-nof-16 sndp-summary-bullet-point-font\">Maksu perit\u00e4\u00e4n korkeintaan kolme kertaa vuodessa, eik\u00e4 se koske et\u00e4konsultaatioita tai sis\u00e4lly kuukausimaksuihin.<\/p>\n<p class=\"article-body mb-nof-24 px-nof-16 sndp-summary-bullet-point-font\">Muutoksen my\u00f6t\u00e4 l\u00e4\u00e4k\u00e4rik\u00e4ynnit tulevat maksullisiksi muun muassa tamperelaisille asiakkaille, joita noin 5\u202f000.<\/p>\n<p class=\"article-body mb-nof-24 px-nof-16\">Pirkanmaan hyvinvointialue (Pirha) alkaa peri\u00e4 maksua l\u00e4\u00e4k\u00e4rik\u00e4ynnist\u00e4 kotihoidon, yhteis\u00f6llisen asumisen ja ymp\u00e4ri\u00advuorokautisen palveluasumisen asukkailta 1. lokakuuta alkaen. L\u00e4\u00e4k\u00e4rik\u00e4ynnin maksu on 28,2 euroa k\u00e4ynnilt\u00e4.<\/p>\n<p class=\"article-body mb-nof-24 px-nof-16\">Laskutus koskee vain l\u00e4hik\u00e4yntej\u00e4, jolloin l\u00e4\u00e4k\u00e4ri tulee paikan p\u00e4\u00e4lle hoitamaan kotihoidon tai palveluasumisen asiakasta. Suurin osa kotihoidon ja palveluasumisen asiakkaiden l\u00e4\u00e4k\u00e4riasioista hoidetaan et\u00e4konsultaationa esimerkiksi siten, ett\u00e4 hoitaja ottaa l\u00e4\u00e4k\u00e4riin yhteytt\u00e4 puhelimitse.<\/p>\n<p class=\"article-body mb-nof-24 px-nof-16\">N\u00e4ist\u00e4 et\u00e4konsultaatioista asiakasta ei laskuteta.<\/p>\n<p class=\"article-body mb-nof-24 px-nof-16\">\u201dKotihoidon ja asumisen asiakkaille tarjotaan kattava l\u00e4\u00e4k\u00e4ripalvelu. L\u00e4\u00e4k\u00e4ri on hoitajan tavoitettavissa 24\/7\u201d, kertoo Pirhan polikliinisten ja asumisen l\u00e4\u00e4k\u00e4ripalveluiden vastuualuejohtaja <a class=\"article-personlink\" href=\"https:\/\/www.aamulehti.fi\/haku\/?query=Sanni%20Hellgren\" rel=\"nofollow noopener\" target=\"_blank\">Sanni Hellgren<\/a>.<\/p>\n<p class=\"article-body mb-nof-24 px-nof-16\">L\u00e4\u00e4k\u00e4rik\u00e4ynnin maksu on saman verran kuin avoterveydenhuollon l\u00e4\u00e4k\u00e4rik\u00e4ynti ja maksut kerrytt\u00e4v\u00e4t asiakasmaksujen maksukattoa.<\/p>\n<p class=\"article-body mb-nof-24 px-nof-16\">Maksu perit\u00e4\u00e4n korkeintaan kolme kertaa vuodessa. Se ei sis\u00e4lly kotihoidon tai palveluasumisen kuukausimaksuihin, vaan siit\u00e4 l\u00e4hetet\u00e4\u00e4n erillinen lasku.<\/p>\n<p>Koskee tuhansia<\/p>\n<p class=\"article-body mb-nof-24 px-nof-16\">K\u00e4yt\u00e4nn\u00f6ss\u00e4 maksu on siis katettava asumisen ja hoivapalvelun asiakasmaksun j\u00e4lkeen henkil\u00f6kohtaiseen k\u00e4ytt\u00f6\u00f6n j\u00e4\u00e4v\u00e4st\u00e4 osuudesta, joka on v\u00e4hint\u00e4\u00e4n 182 euroa kuukaudessa.<\/p>\n<p class=\"article-body mb-nof-24 px-nof-16\">\u201dSosiaalipuolen maksussa maksetaan hoivasta ja asumisesta. T\u00e4m\u00e4 on terveydenhuollon palvelua eli l\u00e4\u00e4k\u00e4rin palvelua. Maksuja voidaan kohtuullistaa tietyiss\u00e4 tapauksissa\u201d, Hellgren kertoo.<\/p>\n<p class=\"article-body mb-nof-24 px-nof-16\">L\u00e4\u00e4k\u00e4rik\u00e4yntimaksun laskutus koskee my\u00f6s ostopalvelu\u00adyksik\u00f6it\u00e4. Maksu ei koske laitoshoidon palveluita, ja palvelu on maksuton rintamaveteraaneille.<\/p>\n<p class=\"article-body mb-nof-24 px-nof-16\">L\u00e4\u00e4k\u00e4rik\u00e4yntien laskutusk\u00e4yt\u00e4nn\u00f6iss\u00e4 on t\u00e4h\u00e4n saakka ollut eroavaisuuksia kunnittain, ja Pirha perustelee maksun k\u00e4ytt\u00f6\u00f6n ottamista toimintatavan yhten\u00e4ist\u00e4misell\u00e4 koko Pirkanmaan alueella.<\/p>\n<p class=\"article-body mb-nof-24 px-nof-16\">L\u00e4\u00e4k\u00e4rik\u00e4yntej\u00e4 on Hellgrenin mukaan vuosittain keskim\u00e4\u00e4rin alle 1,5 asiakasta kohden eli l\u00e4\u00e4k\u00e4rik\u00e4yntien hinta on siis keskim\u00e4\u00e4rin noin 40 euroa vuodessa.<\/p>\n<p class=\"article-body mb-nof-24 px-nof-16\">L\u00e4\u00e4k\u00e4rik\u00e4ynnit tulevat maksullisiksi muun muassa tamperelaisille asiakkaille, joita on Hellgrenin mukaan noin 5\u202f000. Koko Pirhan alueella kotihoidon ja asumispalveluiden asiakkaita on yhteens\u00e4 noin 11\u202f000.<\/p>\n<p class=\"article-body mb-nof-24 px-nof-16\">Hellgrenin mukaan h\u00e4n ei pysty arvioimaan, paljonko muutos tuo hyvinvointialueelle tuloja, koska siihen vaikuttaa muun muassa se, onko asiakkaan maksukatto jo t\u00e4ynn\u00e4 palveluun siirrytt\u00e4ess\u00e4.<\/p>\n","protected":false},"excerpt":{"rendered":"L\u00e4\u00e4k\u00e4rik\u00e4ynnit tulevat nyt maksullisiksi muun muassa tamperelaisille kotihoidon, yhteis\u00e4llisen asumisen ja ymp\u00e4rivuorokautisen palveluasumisen asiakkaille. 1.10. 16:00 Aamulehti Lue&hellip;\n","protected":false},"author":2,"featured_media":51030,"comment_status":"","ping_status":"","sticky":false,"template":"","format":"standard","meta":{"footnotes":""},"categories":[12],"tags":[157,22,23,26,27,33,31,30,17,24,25,28,29,15,18,21,32,19,20,16],"class_list":{"0":"post-51029","1":"post","2":"type-post","3":"status-publish","4":"format-standard","5":"has-post-thumbnail","7":"category-suomi","8":"tag-aamulehti","9":"tag-breaking-news","10":"tag-breakingnews","11":"tag-featured-news","12":"tag-featurednews","13":"tag-fi","14":"tag-finland","15":"tag-finnish","16":"tag-headlines","17":"tag-latest-news","18":"tag-latestnews","19":"tag-main-news","20":"tag-mainnews","21":"tag-news","22":"tag-otsikot","23":"tag-paauutiset","24":"tag-suomi","25":"tag-top-stories","26":"tag-topstories","27":"tag-uutiset"},"share_on_mastodon":{"url":"","error":""},"_links":{"self":[{"href":"https:\/\/www.europesays.com\/fi\/wp-json\/wp\/v2\/posts\/51029","targetHints":{"allow":["GET"]}}],"collection":[{"href":"https:\/\/www.europesays.com\/fi\/wp-json\/wp\/v2\/posts"}],"about":[{"href":"https:\/\/www.europesays.com\/fi\/wp-json\/wp\/v2\/types\/post"}],"author":[{"embeddable":true,"href":"https:\/\/www.europesays.com\/fi\/wp-json\/wp\/v2\/users\/2"}],"replies":[{"embeddable":true,"href":"https:\/\/www.europesays.com\/fi\/wp-json\/wp\/v2\/comments?post=51029"}],"version-history":[{"count":0,"href":"https:\/\/www.europesays.com\/fi\/wp-json\/wp\/v2\/posts\/51029\/revisions"}],"wp:featuredmedia":[{"embeddable":true,"href":"https:\/\/www.europesays.com\/fi\/wp-json\/wp\/v2\/media\/51030"}],"wp:attachment":[{"href":"https:\/\/www.europesays.com\/fi\/wp-json\/wp\/v2\/media?parent=51029"}],"wp:term":[{"taxonomy":"category","embeddable":true,"href":"https:\/\/www.europesays.com\/fi\/wp-json\/wp\/v2\/categories?post=51029"},{"taxonomy":"post_tag","embeddable":true,"href":"https:\/\/www.europesays.com\/fi\/wp-json\/wp\/v2\/tags?post=51029"}],"curies":[{"name":"wp","href":"https:\/\/api.w.org\/{rel}","templated":true}]}}