{"id":51033,"date":"2025-10-02T01:42:07","date_gmt":"2025-10-02T01:42:07","guid":{"rendered":"https:\/\/www.europesays.com\/fi\/51033\/"},"modified":"2025-10-02T01:42:07","modified_gmt":"2025-10-02T01:42:07","slug":"jo-50-grammaa-voi-johtaa-kuolemaan-tappava-sieni-nayttaa-leviavan-suomessa-kertoo-asiantuntija-suomen-luonto-lehdessa","status":"publish","type":"post","link":"https:\/\/www.europesays.com\/fi\/51033\/","title":{"rendered":"Jo 50 grammaa voi johtaa kuolemaan \u2013 tappava sieni n\u00e4ytt\u00e4\u00e4 levi\u00e4v\u00e4n Suomessa, kertoo asiantuntija Suomen Luonto -lehdess\u00e4"},"content":{"rendered":"<p>\t\t\t\t\t\t\t\t\tLuonto<\/p>\n<p> Jopa 90 prosenttia maailmalla tapahtuvista vakavista sienimyrkytyksist\u00e4 on kavalak\u00e4rp\u00e4ssienen aiheuttamia, sieniasiantuntija <strong>Lassi Kosonen<\/strong> kertoo <a href=\"https:\/\/suomenluonto.fi\/uutiset\/maailman-vaarallisimpiin-sieniin-kuuluva-kavalakarpassieni-esiintyy-myos-suomessa\/\" rel=\"nofollow noopener\" target=\"_blank\">Suomen Luonto -lehdess\u00e4<\/a>.<\/p>\n<p>Suomessa sieni on pohjoisrajallaan ja edelleen hyvin harvinainen, Kosonen toteaa. H\u00e4n tosin kertoo l\u00f6yt\u00e4neens\u00e4 t\u00e4m\u00e4n vuoden syyskuussa Ruissalosta pienelt\u00e4 alueelta yhteens\u00e4 38 kavalak\u00e4rp\u00e4ssient\u00e4 eli maan pinnalla n\u00e4kyv\u00e4\u00e4 iti\u00f6em\u00e4\u00e4.<\/p>\n<p>\u2013 Ainakin minulle se oli enn\u00e4tysm\u00e4\u00e4r\u00e4. Muualla Suomessa sit\u00e4 on tavattu Ahvenanmaalta, lounaissaaristosta, Turun ymp\u00e4rist\u00f6st\u00e4, Helsingist\u00e4, Espoosta ja Lohjan kalkkialueilta.<\/p>\n<p>Kosonen kertoo tehneens\u00e4 yst\u00e4v\u00e4ns\u00e4 kanssa pohjoisimman l\u00f6yd\u00f6n Varsinais-Suomesta Laitilasta. Vanhan kartanonpuiston tammien alta l\u00f6ytyi nelj\u00e4 kavalak\u00e4rp\u00e4ssient\u00e4 vuonna 2019.<\/p>\n<p>\u2013 N\u00e4ytt\u00e4isi silt\u00e4, ett\u00e4 se olisi laajentamassa levinneisyytt\u00e4\u00e4n pohjoiseen p\u00e4in. Rajoituksena ovat ep\u00e4ilem\u00e4tt\u00e4 is\u00e4nt\u00e4puiden levinneisyys, kavala tuskin suomalaisten peruspuiden (havupuut tai koivu) kanssa kykenee kasvamaan, Kosonen toteaa.<\/p>\n<p>Kavalak\u00e4rp\u00e4ssienen jalan tyvess\u00e4 on mukulamainen tuppi, jalan yl\u00e4osassa repaleinen rengas, irtotyviset, valkoiset heltat tihe\u00e4ss\u00e4 ja vaihtelevan vihre\u00e4 aluksi puolipallomainen, my\u00f6hemmin laakeneva lakki. Harvoin sieni voi olla my\u00f6s kokonaan valkoinen. Tuoksu on makeahko.<\/p>\n<p>Kavalak\u00e4rp\u00e4ssieni saatetaan sekoittaa muihin sy\u00f6t\u00e4viin sieniin, kuten vihreisiin haperoihin, herkkusieniin tai Etel\u00e4-Euroopan keisarik\u00e4rp\u00e4ssieneen, Kosonen kertoo.<\/p>\n<p>Kavalak\u00e4rp\u00e4ssienen sis\u00e4lt\u00e4m\u00e4t myrkyt ovat solumyrkkyj\u00e4, jotka vaikuttavat tuhoisasti maksan ja munuaisten soluihin. Arviolta jo 50 gramman sienim\u00e4\u00e4r\u00e4n sy\u00f6minen johtaa hoitamattomana kuolemaan, Kosonen kertoo.<\/p>\n<p>Myrkytysoireet, kuten pahoinvointi, maha- ja suolistovaivat sek\u00e4 ripuli, ilmenev\u00e4t 6\u201324 tunnin kuluessa sienen sy\u00f6misest\u00e4 ja maksavaurio syntyy parin-kolmen p\u00e4iv\u00e4n kuluttua.<\/p>\n","protected":false},"excerpt":{"rendered":"Luonto Jopa 90 prosenttia maailmalla tapahtuvista vakavista sienimyrkytyksist\u00e4 on kavalak\u00e4rp\u00e4ssienen aiheuttamia, sieniasiantuntija Lassi Kosonen kertoo Suomen Luonto -lehdess\u00e4.&hellip;\n","protected":false},"author":2,"featured_media":51034,"comment_status":"","ping_status":"","sticky":false,"template":"","format":"standard","meta":{"footnotes":""},"categories":[117],"tags":[33,31,30,72,476,118,32,119,477],"class_list":{"0":"post-51033","1":"post","2":"type-post","3":"status-publish","4":"format-standard","5":"has-post-thumbnail","7":"category-luonto","8":"tag-fi","9":"tag-finland","10":"tag-finnish","11":"tag-luonto","12":"tag-nature","13":"tag-science","14":"tag-suomi","15":"tag-tiede","16":"tag-wildlife"},"share_on_mastodon":{"url":"","error":""},"_links":{"self":[{"href":"https:\/\/www.europesays.com\/fi\/wp-json\/wp\/v2\/posts\/51033","targetHints":{"allow":["GET"]}}],"collection":[{"href":"https:\/\/www.europesays.com\/fi\/wp-json\/wp\/v2\/posts"}],"about":[{"href":"https:\/\/www.europesays.com\/fi\/wp-json\/wp\/v2\/types\/post"}],"author":[{"embeddable":true,"href":"https:\/\/www.europesays.com\/fi\/wp-json\/wp\/v2\/users\/2"}],"replies":[{"embeddable":true,"href":"https:\/\/www.europesays.com\/fi\/wp-json\/wp\/v2\/comments?post=51033"}],"version-history":[{"count":0,"href":"https:\/\/www.europesays.com\/fi\/wp-json\/wp\/v2\/posts\/51033\/revisions"}],"wp:featuredmedia":[{"embeddable":true,"href":"https:\/\/www.europesays.com\/fi\/wp-json\/wp\/v2\/media\/51034"}],"wp:attachment":[{"href":"https:\/\/www.europesays.com\/fi\/wp-json\/wp\/v2\/media?parent=51033"}],"wp:term":[{"taxonomy":"category","embeddable":true,"href":"https:\/\/www.europesays.com\/fi\/wp-json\/wp\/v2\/categories?post=51033"},{"taxonomy":"post_tag","embeddable":true,"href":"https:\/\/www.europesays.com\/fi\/wp-json\/wp\/v2\/tags?post=51033"}],"curies":[{"name":"wp","href":"https:\/\/api.w.org\/{rel}","templated":true}]}}