{"id":5104,"date":"2025-08-14T03:35:10","date_gmt":"2025-08-14T03:35:10","guid":{"rendered":"https:\/\/www.europesays.com\/fi\/5104\/"},"modified":"2025-08-14T03:35:10","modified_gmt":"2025-08-14T03:35:10","slug":"stefan-thermanilla-uusi-tyopaikka-kuherteli-ja-pusutteli-rakkaansa-kanssa-lounastauolla-paparazzikuvat","status":"publish","type":"post","link":"https:\/\/www.europesays.com\/fi\/5104\/","title":{"rendered":"Stefan Thermanilla uusi ty\u00f6paikka! Kuherteli ja pusutteli rakkaansa kanssa lounastauolla \u2013 paparazzikuvat!"},"content":{"rendered":"<p>            PANU H\u00d6RKK\u00d6\n        <\/p>\n<p class=\"subtitle \">Stefu ehti leppoisan ty\u00f6p\u00e4iv\u00e4n lomassa kuherrella Saara-rakkaansa kanssa.<\/p>\n<p class=\"article-content article-content-width !bg-background\">Railakkaasta el\u00e4m\u00e4ntyylist\u00e4\u00e4n tunnettu  &#8221;Stefu&#8221;  el\u00e4\u00e4 somen perusteella seesteist\u00e4 el\u00e4m\u00e4nvaihetta.\u00a0<\/p>\n<p class=\"font-weight-bold m-font-weight-bold article-content article-content-width !bg-background\">Katso video: Stefu kuhertelee Saara-rakkaansa kanssa Helsingiss\u00e4<\/p>\n<p class=\"article-content article-content-width !bg-background\">H\u00e4n on somettanut ahkerasti kuvia lenkkipoluilta ja kuntosaleilta sek\u00e4 on hehkuttanut el\u00e4v\u00e4ns\u00e4 vihdoinkin raitista el\u00e4m\u00e4\u00e4. Takana on my\u00f6s haastavat erosuhteet sek\u00e4   ett\u00e4  .<\/p>\n<p>        <a itemprop=\"url\" href=\"https:\/\/www.seiska.fi\/vain-seiskassa\/elamantapamuutostaan-hehkuttava-stefan-therman-bongattiin-superterassilla-salakuvat\/1883913\" rel=\"nofollow noopener\" target=\"_blank\"><\/p>\n<p>\nSalakuvat el\u00e4m\u00e4ntavat muuttaneesta Stefusta!\n<\/p>\n<p class=\"section-date\">\n        <strong class=\"article-section\" data-section=\"vain seiskassa\"><br \/>\n            vain seiskassa<br \/>\n        <\/strong><br \/>\n        30.7. 16:00\n    <\/p>\n<p>    El\u00e4m\u00e4ntapamuutostaan hehkuttava Stefan Therman bongattiin Superterassilla \u2013 salakuvat!<\/p>\n<p itemprop=\"description\" class=\"subtitle \">\n    Lukijan mukaan Stefu yll\u00e4tti rauhallisuudellaan, mutta koki kuitenkin t\u00e4m\u00e4n k\u00e4yt\u00f6ksen hieman t\u00f6yke\u00e4ksi er\u00e4\u00e4ss\u00e4 tilanteessa.\n<\/p>\n<p>        <\/a><\/p>\n<p>                <img decoding=\"async\" src=\"https:\/\/www.europesays.com\/fi\/wp-content\/uploads\/2025\/08\/1893816.webp\" width=\"576\" height=\"956\" alt=\"Stefu sporttailee ahkerasti, mutta tupakista h\u00e4n ei ole viel\u00e4 luopunut.\" loading=\"lazy\" \/>            <\/p>\n<p>\n            Stefu sporttailee ahkerasti, mutta tupakista h\u00e4n ei ole viel\u00e4 luopunut.<br \/>\n            PANU H\u00d6RKK\u00d6\n        <\/p>\n<p class=\"article-content article-content-width !bg-background\">Hyv\u00e4\u00e4 el\u00e4m\u00e4nvaihetta on kest\u00e4nyt jo l\u00e4hes kuukauden p\u00e4iv\u00e4t. Raittiimpi el\u00e4m\u00e4ntyyli on tuonut my\u00f6s muita mukavia juttuja Stefun el\u00e4m\u00e4\u00e4n, sill\u00e4 takavuosien kohuliikemiehell\u00e4 on uusi ty\u00f6paikka.<\/p>\n<p>P\u00e4risyttelee matkailuautolla<\/p>\n<p class=\"article-content article-content-width !bg-background\">Seiskan selvityksen mukaan Stefu ty\u00f6skentelee nyky\u00e4\u00e4n kiert\u00e4v\u00e4n\u00e4 kultakauppiaana. H\u00e4n huristelee tarkoitukseen varatulla matkailuautolla ymp\u00e4ri Suomea. N\u00e4in ollen asiakkaan on helppo tarjota kultaa myyntiin haluamastaan paikasta.<\/p>\n<p>                <img decoding=\"async\" src=\"https:\/\/www.europesays.com\/fi\/wp-content\/uploads\/2025\/08\/1893839.webp\" width=\"576\" height=\"274\" alt=\"Stefua voi k\u00e4yd\u00e4 morjestamassa t\u00e4ss\u00e4 autossa.\" loading=\"lazy\" \/>            <\/p>\n<p>\n            Stefua voi k\u00e4yd\u00e4 morjestamassa t\u00e4ss\u00e4 autossa.<br \/>\n            PANU H\u00d6RKK\u00d6\n        <\/p>\n<p class=\"article-content article-content-width !bg-background\">Stefu mainosti alkuviikosta Instagramissa ison kultakiertueensa k\u00e4ynnistyv\u00e4n torstaina Helsingin Hietalahden torilta. Seiska ehdotti reportaasin tekoa Thermanille, mutta t\u00e4m\u00e4 ei vastannut haastattelupyynt\u00f6\u00f6n.<\/p>\n<p>                <img decoding=\"async\" src=\"https:\/\/www.europesays.com\/fi\/wp-content\/uploads\/2025\/08\/1893847.webp\" width=\"576\" height=\"725\" alt=\"Kultakauppias itse pelmahti ulos matkailuautosta.\" loading=\"lazy\" \/>            <\/p>\n<p>\n            Kultakauppias itse pelmahti ulos matkailuautosta.<br \/>\n            PANU H\u00d6RKK\u00d6\n        <\/p>\n<p>        <a itemprop=\"url\" href=\"https:\/\/www.seiska.fi\/kotimaa\/talta-nayttaa-stefan-thermanin-uudenlainen-elama\/1875409\" rel=\"nofollow noopener\" target=\"_blank\"><\/p>\n<p>\nStefan Therman\n<\/p>\n<p class=\"section-date\">\n        <strong class=\"article-section\" data-section=\"kotimaa\"><br \/>\n            kotimaa<br \/>\n        <\/strong><br \/>\n        22.7. 17:00\n    <\/p>\n<p>    T\u00e4lt\u00e4 n\u00e4ytt\u00e4\u00e4 Stefan Thermanin uudenlainen el\u00e4m\u00e4<\/p>\n<p itemprop=\"description\" class=\"subtitle \">\n    Kupliva on vaihtunut vesipulloon.\n<\/p>\n<p>        <\/a><\/p>\n<p>Kulta kainaloon<\/p>\n<p class=\"article-content article-content-width !bg-background\">Seiskan paparazzi p\u00e4\u00e4tti k\u00e4yd\u00e4 kurkistamassa, miten Stefun kauppap\u00e4iv\u00e4 l\u00e4hti Helsingiss\u00e4 k\u00e4yntiin. Aamup\u00e4iv\u00e4n aikana kulta-autolle ei eksynyt viel\u00e4 yht\u00e4\u00e4n asiakasta, mutta Stefu sai lounastauolla mieluisen vieraan.<\/p>\n<p>                <img decoding=\"async\" src=\"https:\/\/www.europesays.com\/fi\/wp-content\/uploads\/2025\/08\/1893868.webp\" width=\"576\" height=\"423\" alt=\"Stefu loi Saaran suuntaan intensiivisi\u00e4 katseita.\" loading=\"lazy\" \/>            <\/p>\n<p>\n            Stefu loi Saaran suuntaan intensiivisi\u00e4 katseita.<br \/>\n            PANU H\u00d6RKK\u00d6\n        <\/p>\n<p class=\"article-content article-content-width !bg-background\">Stefanin kuvankaunis tytt\u00f6yst\u00e4v\u00e4  sipsutteli kulta-auton luokse puolen p\u00e4iv\u00e4n aikoihin. Stefu huomioi rakkaansa esimerkillisesti, sill\u00e4 kohujulkkis nappasi Saaran karhumaiseen syleilyyn ja moiskautti t\u00e4lle pusun.<\/p>\n<p>                <img decoding=\"async\" src=\"https:\/\/www.europesays.com\/fi\/wp-content\/uploads\/2025\/08\/1893856.webp\" width=\"576\" height=\"543\" alt=\"Stefu ilahtui silminn\u00e4hden, kun Saara-kulta ilmestyi ty\u00f6paikalle.\" loading=\"lazy\" \/>            <\/p>\n<p>\n            Stefu ilahtui silminn\u00e4hden, kun Saara-kulta ilmestyi ty\u00f6paikalle.<br \/>\n            PANU H\u00d6RKK\u00d6\n        <\/p>\n<p class=\"article-content article-content-width !bg-background\">Stefu ja vuoden 2015 Miss Suomi -kisoista tuttu Saara Ahlberg ovat tiett\u00e4v\u00e4sti seurustelleet jo viime vuoden syksyst\u00e4 l\u00e4htien.<\/p>\n<p>        <a itemprop=\"url\" href=\"https:\/\/www.seiska.fi\/kotimaa\/oho-stefan-thermanin-yllattava-muutos-tulevaisuus-haikaisee\/1864306\" rel=\"nofollow noopener\" target=\"_blank\"><\/p>\n<p>\nOhhoh!\n<\/p>\n<p class=\"section-date\">\n        <strong class=\"article-section\" data-section=\"kotimaa\"><br \/>\n            kotimaa<br \/>\n        <\/strong><br \/>\n        10.7. 16:00\n    <\/p>\n<p>    Oho! Stefan Thermanin yll\u00e4tt\u00e4v\u00e4 muutos \u2013&#8221;Tulevaisuus h\u00e4ik\u00e4isee&#8221;<\/p>\n<p itemprop=\"description\" class=\"subtitle \">\n    Skandaaleissa ryvettyneen kohuliikemiehen el\u00e4m\u00e4ss\u00e4 puhaltavat uudet tuulet.\n<\/p>\n<p>        <\/a><\/p>\n<p>Kikatteli valtoimenaan<\/p>\n<p class=\"article-content article-content-width !bg-background\">Saara oli kuin sulaa vahaa Stefun k\u00e4sittelyss\u00e4. Kaunotar kikatteli valtoimenaan, kun Stefu pusutteli h\u00e4nt\u00e4 kaulalle. Hell\u00e4n hetken j\u00e4lkeen pari siirtyi kahvittelemaan l\u00e4heiselle terassille, mutta lopulta he l\u00e4htiv\u00e4t eri suuntiin.<\/p>\n<p>                <img decoding=\"async\" src=\"https:\/\/www.europesays.com\/fi\/wp-content\/uploads\/2025\/08\/1893872.webp\" width=\"576\" height=\"696\" alt=\"Saaralla oli kivaa Thermanin sarjapusustuksessa.\" loading=\"lazy\" \/>            <\/p>\n<p>\n            Saaralla oli kivaa Thermanin sarjapusustuksessa.<br \/>\n            PANU H\u00d6RKK\u00d6\n        <\/p>\n<p class=\"article-content article-content-width !bg-background\">Tyylilleen uskollisena Stefulla on k\u00e4yt\u00f6ss\u00e4\u00e4n \u00f6kyauto. H\u00e4n hurautti pois torilta mustalla Range Rover -maasturilla.<\/p>\n<p class=\"article-content article-content-width !bg-background\">Auto on h\u00e4nen kaverinsa ja se sama, jonka takaikkunan Stefu hakkasi pirstaleiksi tennismailalla vuosi sitten Hangossa.<\/p>\n<p>                <img decoding=\"async\" src=\"https:\/\/www.europesays.com\/fi\/wp-content\/uploads\/2025\/08\/1893881.webp\" width=\"576\" height=\"322\" alt=\"Stefu hurautti Range Roverilla matkoihinsa.\" loading=\"lazy\" \/>            <\/p>\n<p>\n            Stefu hurautti Range Roverilla matkoihinsa.<br \/>\n            PANU H\u00d6RKK\u00d6\n        <\/p>\n<p>        <a itemprop=\"url\" href=\"https:\/\/www.seiska.fi\/kotimaa\/stefan-therman-yllattaa-ostoksillaan\/1843819\" rel=\"nofollow noopener\" target=\"_blank\"><\/p>\n<p>\nStefan Therman\n<\/p>\n<p class=\"section-date\">\n        <strong class=\"article-section\" data-section=\"kotimaa\"><br \/>\n            kotimaa<br \/>\n        <\/strong><br \/>\n        20.6. 14:00\n    <\/p>\n<p>    Stefan Therman yll\u00e4tt\u00e4\u00e4 ostoksillaan<\/p>\n<p itemprop=\"description\" class=\"subtitle \">\n    Stefu on kohuliikemies, jonka tapauksessa tosin viime vuosina l\u00e4hinn\u00e4 vain sanalla kohu on ollut katetta.\n<\/p>\n<p>        <\/a><\/p>\n","protected":false},"excerpt":{"rendered":"PANU H\u00d6RKK\u00d6 Stefu ehti leppoisan ty\u00f6p\u00e4iv\u00e4n lomassa kuherrella Saara-rakkaansa kanssa. Railakkaasta el\u00e4m\u00e4ntyylist\u00e4\u00e4n tunnettu &#8221;Stefu&#8221; el\u00e4\u00e4 somen perusteella seesteist\u00e4&hellip;\n","protected":false},"author":2,"featured_media":5105,"comment_status":"","ping_status":"","sticky":false,"template":"","format":"standard","meta":{"footnotes":""},"categories":[136],"tags":[407,3096,137,33,31,30,408,3094,3095,651,32,109],"class_list":{"0":"post-5104","1":"post","2":"type-post","3":"status-publish","4":"format-standard","5":"has-post-thumbnail","7":"category-julkkikset","8":"tag-celebrities","9":"tag-elamanmuutos","10":"tag-entertainment","11":"tag-fi","12":"tag-finland","13":"tag-finnish","14":"tag-julkkikset","15":"tag-saara-ahlberg","16":"tag-stefan-therman","17":"tag-suhteet","18":"tag-suomi","19":"tag-viihde"},"share_on_mastodon":{"url":"","error":""},"_links":{"self":[{"href":"https:\/\/www.europesays.com\/fi\/wp-json\/wp\/v2\/posts\/5104","targetHints":{"allow":["GET"]}}],"collection":[{"href":"https:\/\/www.europesays.com\/fi\/wp-json\/wp\/v2\/posts"}],"about":[{"href":"https:\/\/www.europesays.com\/fi\/wp-json\/wp\/v2\/types\/post"}],"author":[{"embeddable":true,"href":"https:\/\/www.europesays.com\/fi\/wp-json\/wp\/v2\/users\/2"}],"replies":[{"embeddable":true,"href":"https:\/\/www.europesays.com\/fi\/wp-json\/wp\/v2\/comments?post=5104"}],"version-history":[{"count":0,"href":"https:\/\/www.europesays.com\/fi\/wp-json\/wp\/v2\/posts\/5104\/revisions"}],"wp:featuredmedia":[{"embeddable":true,"href":"https:\/\/www.europesays.com\/fi\/wp-json\/wp\/v2\/media\/5105"}],"wp:attachment":[{"href":"https:\/\/www.europesays.com\/fi\/wp-json\/wp\/v2\/media?parent=5104"}],"wp:term":[{"taxonomy":"category","embeddable":true,"href":"https:\/\/www.europesays.com\/fi\/wp-json\/wp\/v2\/categories?post=5104"},{"taxonomy":"post_tag","embeddable":true,"href":"https:\/\/www.europesays.com\/fi\/wp-json\/wp\/v2\/tags?post=5104"}],"curies":[{"name":"wp","href":"https:\/\/api.w.org\/{rel}","templated":true}]}}