{"id":51041,"date":"2025-10-02T02:05:09","date_gmt":"2025-10-02T02:05:09","guid":{"rendered":"https:\/\/www.europesays.com\/fi\/51041\/"},"modified":"2025-10-02T02:05:09","modified_gmt":"2025-10-02T02:05:09","slug":"oliver-stubbin-valintaprosessi-uikopoliittisen-instituutin-harjoittelijaksi-on-surullinen-suomalainen-tarina","status":"publish","type":"post","link":"https:\/\/www.europesays.com\/fi\/51041\/","title":{"rendered":"Oliver Stubbin valintaprosessi UIkopoliittisen instituutin harjoittelijaksi on surullinen suomalainen tarina"},"content":{"rendered":"<p><strong class=\"typography-bold\">Presidentin pojan valintaprosessi Ulkopoliittisen instituutin harjoittelijaksi on surullinen suomalainen tarina, kirjoittaa yhteiskuntatoimituksen p\u00e4\u00e4llikk\u00f6 Jaakko Loikkanen.<\/strong><\/p>\n<p>Viime helmikuussa Ulkopoliittisen instituutin johtaja <strong class=\"typography-bold\">Hiski Haukkala<\/strong> joutui ik\u00e4v\u00e4\u00e4n v\u00e4lik\u00e4teen.<\/p>\n<p>Tasavallan presidentin poika <strong class=\"typography-bold\">Oliver Stubb <\/strong>l\u00e4hetti Haukkalalle s\u00e4hk\u00f6postia ja tiedusteli mahdollisuutta ty\u00f6harjoitteluun t\u00e4m\u00e4n johtamassa instituutissa.<\/p>\n<p>Stubb oli ensimm\u00e4isen vuoden opiskelija brittil\u00e4isess\u00e4 yliopistossa. T\u00e4m\u00e4n vuoksi h\u00e4n ei voinut saada harjoitteluunsa stipendirahoitusta, joka oli Ulkopoliittisen instituutin ehto harjoitteluun p\u00e4\u00e4semiseksi.<\/p>\n<p>Kaksi p\u00e4iv\u00e4\u00e4 Stubbin yhteydenoton j\u00e4lkeen Haukkala p\u00e4\u00e4tyi ratkaisuun, jonka ajoituksen h\u00e4n todenn\u00e4k\u00f6isesti itsekin ymm\u00e4rt\u00e4\u00e4 virheeksi. Sen sijaan, ett\u00e4 Haukkala olisi ilmoittanut Stubbille, ettei harjoittelu ole s\u00e4\u00e4nt\u00f6jen puitteissa mahdollinen, h\u00e4n p\u00e4\u00e4tyi muuttamaan s\u00e4\u00e4nt\u00f6j\u00e4.<\/p>\n<p>Kaksi p\u00e4iv\u00e4\u00e4 presidentin pojan yhteydenoton j\u00e4lkeen Haukkala muutti s\u00e4\u00e4nt\u00f6j\u00e4 niin, ett\u00e4 presidentin pojan oli mahdollista p\u00e4\u00e4st\u00e4 harjoittelijaksi.<\/p>\n<p>Rekrytointiprosessin vaiheet ja Haukkalan my\u00f6hemm\u00e4t kyseenalaiset ratkaisut on dokumentoitu kattavasti muun muassa <a class=\"underline\" data-testid=\"external-link\" href=\"https:\/\/www.iltalehti.fi\/politiikka\/a\/58d1e42d-8708-4b80-81ae-14c4dd67229f\" rel=\"noopener noreferrer nofollow\" data-sentry-component=\"ExternalLink\" data-sentry-source-file=\"ExternalLink.tsx\" target=\"_blank\">Iltalehden<\/a> \u00a0ja t\u00e4n\u00e4\u00e4n <a class=\"underline\" data-testid=\"external-link\" href=\"https:\/\/yle.fi\/a\/74-20185616\" rel=\"noopener noreferrer nofollow\" data-sentry-component=\"ExternalLink\" data-sentry-source-file=\"ExternalLink.tsx\" target=\"_blank\">Yleisradion<\/a> jutuissa.<\/p>\n<p>Asiantuntijat ovat pit\u00e4neet Oliver Stubbin valintaan liittyv\u00e4\u00e4 prosessia <a class=\"underline\" data-testid=\"external-link\" href=\"https:\/\/yle.fi\/a\/74-20172970\" rel=\"noopener noreferrer nofollow\" data-sentry-component=\"ExternalLink\" data-sentry-source-file=\"ExternalLink.tsx\" target=\"_blank\">ongelmallisena<\/a>.<\/p>\n<p>Kriisiviestint\u00e4kohu sivujuonne<\/p>\n<p>Ylen t\u00e4n\u00e4\u00e4n julkaisema uusi tieto koskee Haukkalan tuttavaltaan <strong class=\"typography-bold\">Katri Makkoselta<\/strong> hankkimaa kriisiviestint\u00e4konsultointia.<\/p>\n<p>Kes\u00e4kuumalla hankitun kiireavun hinta oli 8 500 euroa + alv. Ulkopoliittisen instituutin asemaan ja imagoon suhteutettuna kyseess\u00e4 on pienehk\u00f6 summa, ja avun hakeminen oli varmasti tuossa tilanteessa inhimillisest\u00e4 ja ammatillisesta n\u00e4k\u00f6kulmasta ymm\u00e4rrett\u00e4v\u00e4\u00e4 ja paikallaan.<\/p>\n<p>Hankalaksi asetelman tekee se, ett\u00e4 kuten Upin rahat muutenkin, my\u00f6s tuo summa napataan veronmaksajien taskuista.<\/p>\n<p>Kuten Iltalehti <a class=\"underline\" data-testid=\"external-link\" href=\"https:\/\/www.iltalehti.fi\/politiikka\/a\/bab97169-304b-4123-bfa6-3cdf448ed285\" rel=\"noopener noreferrer nofollow\" data-sentry-component=\"ExternalLink\" data-sentry-source-file=\"ExternalLink.tsx\" target=\"_blank\">muotoilee<\/a>, Haukkala paikkasi omia virheit\u00e4\u00e4n veronmaksajien rahoilla.<\/p>\n<p>Miksi s\u00e4\u00e4nt\u00f6j\u00e4 muutettiin?<\/p>\n<p>Kiinnostavinta t\u00e4ss\u00e4 vyyhdess\u00e4 on kuitenkin pohtia asiaa, josta koko kohu sai alkunsa.<\/p>\n<p>Miksi kokenut ja meritoitunut Hiski Haukkala muokkasi instituuttinsa s\u00e4\u00e4nt\u00f6j\u00e4 presidentin pojan yhteydenoton j\u00e4lkeen?<\/p>\n<p>H\u00e4n on itse <a class=\"underline\" data-testid=\"external-link\" href=\"https:\/\/www.iltalehti.fi\/politiikka\/a\/58d1e42d-8708-4b80-81ae-14c4dd67229f\" rel=\"noopener noreferrer nofollow\" data-sentry-component=\"ExternalLink\" data-sentry-source-file=\"ExternalLink.tsx\" target=\"_blank\">kertonut<\/a>, ett\u00e4 harjoittelutukis\u00e4\u00e4nt\u00f6j\u00e4 koskenut p\u00e4\u00e4t\u00f6s ei liittynyt Stubbin yhteydenottoon. Jokainen voi arvioida t\u00e4m\u00e4n v\u00e4itteen uskottavuutta.<\/p>\n<p>N\u00e4ytt\u00e4\u00e4 silt\u00e4, ett\u00e4 Haukkala p\u00e4\u00e4tyi muuttamaan s\u00e4\u00e4nt\u00f6j\u00e4 selk\u00e4rankareaktiona: tasavallan presidentin (pojan) nen\u00e4n edest\u00e4 ei kannata t\u00e4ss\u00e4 pieness\u00e4 maassa ovea sulkea.<\/p>\n<p>Instituutio hiljent\u00e4\u00e4<\/p>\n<p><strong class=\"typography-bold\">Sauli Niinist\u00f6n<\/strong> aikana presidentti-instituution suosio ja valta paisuivat \u00e4\u00e4rimmilleen. Kriittisi\u00e4 \u00e4\u00e4ni\u00e4 ei juuri noussut poliitikkojen, virkamiesten tai median keskuudesta. Haukkala toimi Niinist\u00f6n kabinettip\u00e4\u00e4llikk\u00f6n\u00e4 kahteen otteeseen vuosina 2018\u20132024.<\/p>\n<p>Istuvan presidentin Alexander Stubbin ymp\u00e4rille on h\u00e4nen kansainv\u00e4lisen n\u00e4kyvyytens\u00e4 ja kansansuosionsa my\u00f6t\u00e4 muodostumassa samanlainen kupla kuin aikanaan Niinist\u00f6n ymp\u00e4rille.<\/p>\n<p>Kaikki, jotka ty\u00f6skentelev\u00e4t t\u00e4m\u00e4n kuplan vaikutuspiiriss\u00e4, alkavat huomaamattaan sensuroida itse\u00e4\u00e4n ja toimia tavalla, jonka oletetaan miellytt\u00e4v\u00e4n presidentti\u00e4.<\/p>\n<p>T\u00e4st\u00e4 lienee kysymys my\u00f6s Haukkalan ratkaisussa, joka on valitettava h\u00e4nen itsens\u00e4, Oliver Stubbin ja Ulkopoliittisen instituutin kannalta.<\/p>\n<p><strong class=\"typography-bold\">Presidentin outo ohjeistus<\/strong><\/p>\n<p>Mainittakoon lopuksi, ett\u00e4 koko prosessin tunkkaisuutta ei onnistunut ainakaan v\u00e4hent\u00e4m\u00e4\u00e4n presidentti <strong class=\"typography-bold\">Alexander Stubbin<\/strong> toistaiseksi ainoa julkinen lausunto asiaan liittyen.<\/p>\n<p>Kun Iltalehti<a class=\"underline\" data-testid=\"external-link\" href=\"https:\/\/eur05.safelinks.protection.outlook.com\/?url=https%3A%2F%2Fwww.iltalehti.fi%2Fpolitiikka%2Fa%2F5cb3f2e8-648b-4837-98d0-645f23bbd814&amp;data=05%7C02%7Cjaakko.loikkanen%40mtv.fi%7Ca7af3661df2f438fefad08de00eb37c7%7C3d4260235f124e11afae259b1865eabc%7C0%7C0%7C638949207425837199%7CUnknown%7CTWFpbGZsb3d8eyJFbXB0eU1hcGkiOnRydWUsIlYiOiIwLjAuMDAwMCIsIlAiOiJXaW4zMiIsIkFOIjoiTWFpbCIsIldUIjoyfQ%3D%3D%7C0%7C%7C%7C&amp;sdata=EukbBNdLQtPf1lx426BO3Sphw1%2FJCNrgxy4NQu8je4w%3D&amp;reserved=0\" rel=\"noopener noreferrer nofollow\" data-sentry-component=\"ExternalLink\" data-sentry-source-file=\"ExternalLink.tsx\" target=\"_blank\"> kysyi<\/a> tapauksesta presidentilt\u00e4 Maarianhaminan-vierailun yhteydess\u00e4, Stubb vastasi seuraavasti:<\/p>\n<p>\u2013 Tasavallan presidentti kunnioittaa medianvapautta. Olemme aina pit\u00e4neet lapsemme pois julkisuudesta, ja toivomme, ett\u00e4 lastemme yksityisyytt\u00e4 ainakin tulevaisuudessa kunnioitetaan, Stubb vastasi.<\/p>\n<p>Lausunto on monin tavoin h\u00e4mment\u00e4v\u00e4, vaikka on selv\u00e4\u00e4, ett\u00e4 omat lapset ovat sokea piste kenelle tahansa vanhemmalle.<\/p>\n<p>Ensinn\u00e4k\u00e4\u00e4n Stubbit eiv\u00e4t ole pit\u00e4neet lapsiaan poissa julkisuudesta, vaan n\u00e4m\u00e4 ovat olleet vahvasti esill\u00e4 muun muassa presidentin sosiaalisen median tileill\u00e4, my\u00f6s presidentinvaalikampanjan aikana.<\/p>\n<p>Toiseksi Stubbin lapset ovat aikuisia ihmisi\u00e4, joilla on oma el\u00e4m\u00e4 ja p\u00e4\u00e4t\u00f6svalta. Vanhemmat eiv\u00e4t voi \u201cpit\u00e4\u00e4 heit\u00e4 poissa julkisuudesta\u201d, vaikka haluaisivat.<\/p>\n<p>Kolmanneksi jos perustellusti n\u00e4ytt\u00e4\u00e4 silt\u00e4, ett\u00e4 presidentin poikaa on saatettu suosia verorahoilla yll\u00e4pidetyn harjoittelupaikan t\u00e4ytt\u00e4misess\u00e4, se ei ole yksityisasia, vaan siit\u00e4 uutisoidaan kaikissa sivistyneiss\u00e4 demokratioissa.<\/p>\n","protected":false},"excerpt":{"rendered":"Presidentin pojan valintaprosessi Ulkopoliittisen instituutin harjoittelijaksi on surullinen suomalainen tarina, kirjoittaa yhteiskuntatoimituksen p\u00e4\u00e4llikk\u00f6 Jaakko Loikkanen. Viime helmikuussa Ulkopoliittisen&hellip;\n","protected":false},"author":2,"featured_media":51042,"comment_status":"","ping_status":"","sticky":false,"template":"","format":"standard","meta":{"footnotes":""},"categories":[14],"tags":[22,23,26,27,33,31,30,17,24,25,28,29,15,18,21,32,19,20,56,16,59,60,61],"class_list":{"0":"post-51041","1":"post","2":"type-post","3":"status-publish","4":"format-standard","5":"has-post-thumbnail","7":"category-ulkomaat","8":"tag-breaking-news","9":"tag-breakingnews","10":"tag-featured-news","11":"tag-featurednews","12":"tag-fi","13":"tag-finland","14":"tag-finnish","15":"tag-headlines","16":"tag-latest-news","17":"tag-latestnews","18":"tag-main-news","19":"tag-mainnews","20":"tag-news","21":"tag-otsikot","22":"tag-paauutiset","23":"tag-suomi","24":"tag-top-stories","25":"tag-topstories","26":"tag-ulkomaat","27":"tag-uutiset","28":"tag-world","29":"tag-world-news","30":"tag-worldnews"},"share_on_mastodon":{"url":"","error":""},"_links":{"self":[{"href":"https:\/\/www.europesays.com\/fi\/wp-json\/wp\/v2\/posts\/51041","targetHints":{"allow":["GET"]}}],"collection":[{"href":"https:\/\/www.europesays.com\/fi\/wp-json\/wp\/v2\/posts"}],"about":[{"href":"https:\/\/www.europesays.com\/fi\/wp-json\/wp\/v2\/types\/post"}],"author":[{"embeddable":true,"href":"https:\/\/www.europesays.com\/fi\/wp-json\/wp\/v2\/users\/2"}],"replies":[{"embeddable":true,"href":"https:\/\/www.europesays.com\/fi\/wp-json\/wp\/v2\/comments?post=51041"}],"version-history":[{"count":0,"href":"https:\/\/www.europesays.com\/fi\/wp-json\/wp\/v2\/posts\/51041\/revisions"}],"wp:featuredmedia":[{"embeddable":true,"href":"https:\/\/www.europesays.com\/fi\/wp-json\/wp\/v2\/media\/51042"}],"wp:attachment":[{"href":"https:\/\/www.europesays.com\/fi\/wp-json\/wp\/v2\/media?parent=51041"}],"wp:term":[{"taxonomy":"category","embeddable":true,"href":"https:\/\/www.europesays.com\/fi\/wp-json\/wp\/v2\/categories?post=51041"},{"taxonomy":"post_tag","embeddable":true,"href":"https:\/\/www.europesays.com\/fi\/wp-json\/wp\/v2\/tags?post=51041"}],"curies":[{"name":"wp","href":"https:\/\/api.w.org\/{rel}","templated":true}]}}