{"id":51043,"date":"2025-10-02T02:06:14","date_gmt":"2025-10-02T02:06:14","guid":{"rendered":"https:\/\/www.europesays.com\/fi\/51043\/"},"modified":"2025-10-02T02:06:14","modified_gmt":"2025-10-02T02:06:14","slug":"nolo-kommahdys-porin-torilla-huumekoirien-sm-kisat-keskeytyivat-opiskelijajuhlien-vuoksi-kotimaa","status":"publish","type":"post","link":"https:\/\/www.europesays.com\/fi\/51043\/","title":{"rendered":"Nolo k\u00f6mm\u00e4hdys Porin torilla \u2013 huumekoirien SM-kisat keskeytyiv\u00e4t opiskelijajuhlien vuoksi | Kotimaa"},"content":{"rendered":"<p class=\"aw-1gybjub aw-5vja16 cmIuaG zKETg yle__article__paragraph\">Suomen puolustusvoimat j\u00e4rjesti huumekoirien SM-kisat Porissa. Torilavalla alkoikin toisen tapahtuman j\u00e4rjestely kesken kisan.<\/p>\n<p><img decoding=\"async\" alt=\"Virkahuumekoirien SM-kisat Porissa lokakuussa 2025.\" src=\"https:\/\/www.europesays.com\/fi\/wp-content\/uploads\/2025\/10\/39-153122568dd01e0e72cb.jpeg\" class=\"aw-1l9m598 hKVVvP\"\/><\/p>\n<p>Avaa kuvien katselu<\/p>\n<p>Virkahuumekoirien SM-kilpailut siirtyiv\u00e4t pikah\u00e4lytyksell\u00e4 Porin torilta Puuvillan kauppakeskuksen pihalle. Kuva: Karri Laihonen \/ Yle<\/p>\n<p class=\"aw-1gybjub aw-1p7kakr cmIuaG fmSRng yle__article__paragraph\">Virkahuumekoirien SM-kilpailut joutuivat v\u00e4istym\u00e4\u00e4n opiskelijabileiden tielt\u00e4 kesken kisan Porin torilla keskiviikkoaamuna.<\/p>\n<p class=\"aw-1gybjub aw-1p7kakr cmIuaG fmSRng yle__article__paragraph\">Asia tuli yll\u00e4tyksen\u00e4 tapahtumaj\u00e4rjest\u00e4j\u00e4lle.<\/p>\n<p class=\"aw-1gybjub aw-1p7kakr cmIuaG fmSRng yle__article__paragraph\">\u2013 Olimme kev\u00e4\u00e4lle jo sopineet, ett\u00e4 j\u00e4rjest\u00e4mme t\u00e4n\u00e4\u00e4n Porin torilla virkahuumekoirien SM-kilpailut, sanoo sotilasmestari <strong class=\"aw-ak79eh KyCXm yle__article__strong\">Tero Rissanen<\/strong> Porin prikaatista.<\/p>\n<p class=\"aw-1gybjub aw-1p7kakr cmIuaG fmSRng yle__article__paragraph\">Puolustusvoimat antoi periksi, kun torilavalle alettiin kasata \u00e4\u00e4nentoistoa porilaisten opiskelijoiden approjuhlia varten. Huumekoirien SM-kisat siirtyiv\u00e4t nopealla varoitusajalla Kauppakeskus Puuvillan pihalle.<\/p>\n<p class=\"aw-1gybjub aw-1p7kakr cmIuaG fmSRng yle__article__paragraph\">\u2013 Sanotaan n\u00e4in, ett\u00e4 suomalainen sotilas ei koskaan j\u00e4hmety, kuvaili Rissanen nopeaa siirtoa.<\/p>\n<p>Kaupunki: varausta ei koskaan tehty<\/p>\n<p class=\"aw-1gybjub aw-1p7kakr cmIuaG fmSRng yle__article__paragraph\">Porin torialuetta ja torilavaa vuokraava Porin kaupunkikeskusta ry kiist\u00e4\u00e4 tuplabuukkauksen.<\/p>\n<p class=\"aw-1gybjub aw-1p7kakr cmIuaG fmSRng yle__article__paragraph\">\u2013 Tuplabuukkausta ei ole tapahtunut, koska puolustusvoimat ei koskaan varannut toria, sanoo Porin kaupunkikeskusta ry:n toiminnanjohtaja <strong class=\"aw-ak79eh KyCXm yle__article__strong\">Mari Antikainen<\/strong>.<\/p>\n<p class=\"aw-1gybjub aw-1p7kakr cmIuaG fmSRng yle__article__paragraph\">H\u00e4nen mukaan asiasta kyll\u00e4 juteltiin puhelimitse kev\u00e4\u00e4ll\u00e4, mutta virallista varausta ei koskaan tullut.<\/p>\n<p class=\"aw-1gybjub aw-1p7kakr cmIuaG fmSRng yle__article__paragraph\">Torin tai torilavan varaamiseksi pit\u00e4\u00e4 tehd\u00e4 poliisi-ilmoitus, johon pyydet\u00e4\u00e4n maank\u00e4ytt\u00f6lupa Porin kaupunkikeskusta ry:lt\u00e4.<\/p>\n<p class=\"aw-1gybjub aw-1p7kakr cmIuaG fmSRng yle__article__paragraph\">\u2013 Kerroin kyll\u00e4 kev\u00e4\u00e4ll\u00e4 maank\u00e4ytt\u00f6luvasta, mutta t\u00e4llaista pyynt\u00f6\u00e4 ei koskaan tullut, sanoo Antikainen.<\/p>\n","protected":false},"excerpt":{"rendered":"Suomen puolustusvoimat j\u00e4rjesti huumekoirien SM-kisat Porissa. Torilavalla alkoikin toisen tapahtuman j\u00e4rjestely kesken kisan. Avaa kuvien katselu Virkahuumekoirien SM-kilpailut&hellip;\n","protected":false},"author":2,"featured_media":51044,"comment_status":"","ping_status":"","sticky":false,"template":"","format":"standard","meta":{"footnotes":""},"categories":[12],"tags":[22,23,26,27,33,31,30,17,12619,71,24,25,28,29,15,97,18,21,2787,4097,968,32,1667,19,20,16],"class_list":{"0":"post-51043","1":"post","2":"type-post","3":"status-publish","4":"format-standard","5":"has-post-thumbnail","7":"category-suomi","8":"tag-breaking-news","9":"tag-breakingnews","10":"tag-featured-news","11":"tag-featurednews","12":"tag-fi","13":"tag-finland","14":"tag-finnish","15":"tag-headlines","16":"tag-huumekoirat","17":"tag-kotimaa","18":"tag-latest-news","19":"tag-latestnews","20":"tag-main-news","21":"tag-mainnews","22":"tag-news","23":"tag-opiskelijat","24":"tag-otsikot","25":"tag-paauutiset","26":"tag-pori","27":"tag-puolustusvoimat","28":"tag-satakunta","29":"tag-suomi","30":"tag-tapahtumat","31":"tag-top-stories","32":"tag-topstories","33":"tag-uutiset"},"share_on_mastodon":{"url":"","error":""},"_links":{"self":[{"href":"https:\/\/www.europesays.com\/fi\/wp-json\/wp\/v2\/posts\/51043","targetHints":{"allow":["GET"]}}],"collection":[{"href":"https:\/\/www.europesays.com\/fi\/wp-json\/wp\/v2\/posts"}],"about":[{"href":"https:\/\/www.europesays.com\/fi\/wp-json\/wp\/v2\/types\/post"}],"author":[{"embeddable":true,"href":"https:\/\/www.europesays.com\/fi\/wp-json\/wp\/v2\/users\/2"}],"replies":[{"embeddable":true,"href":"https:\/\/www.europesays.com\/fi\/wp-json\/wp\/v2\/comments?post=51043"}],"version-history":[{"count":0,"href":"https:\/\/www.europesays.com\/fi\/wp-json\/wp\/v2\/posts\/51043\/revisions"}],"wp:featuredmedia":[{"embeddable":true,"href":"https:\/\/www.europesays.com\/fi\/wp-json\/wp\/v2\/media\/51044"}],"wp:attachment":[{"href":"https:\/\/www.europesays.com\/fi\/wp-json\/wp\/v2\/media?parent=51043"}],"wp:term":[{"taxonomy":"category","embeddable":true,"href":"https:\/\/www.europesays.com\/fi\/wp-json\/wp\/v2\/categories?post=51043"},{"taxonomy":"post_tag","embeddable":true,"href":"https:\/\/www.europesays.com\/fi\/wp-json\/wp\/v2\/tags?post=51043"}],"curies":[{"name":"wp","href":"https:\/\/api.w.org\/{rel}","templated":true}]}}