{"id":51045,"date":"2025-10-02T02:07:11","date_gmt":"2025-10-02T02:07:11","guid":{"rendered":"https:\/\/www.europesays.com\/fi\/51045\/"},"modified":"2025-10-02T02:07:11","modified_gmt":"2025-10-02T02:07:11","slug":"ella-kanninen-toimii-lasten-kasvatuksessa-vastoin-ohjeita","status":"publish","type":"post","link":"https:\/\/www.europesays.com\/fi\/51045\/","title":{"rendered":"Ella Kanninen toimii lasten kasvatuksessa vastoin ohjeita"},"content":{"rendered":"<p>Ella Kanninen kertoo Eeva-lehdelle olevansa tiukka kasvattaja. <\/p>\n<p><img decoding=\"async\" class=\"image image-show image-preview\" src=\"https:\/\/www.europesays.com\/fi\/wp-content\/uploads\/2025\/10\/2c078e9ebae1db79ca072f296d43dbecb5d1ec15a703a80d5b1f06d9b85ce01d.jpg\" alt=\"\"\/><img decoding=\"async\" class=\"image image-show\" src=\"https:\/\/www.europesays.com\/fi\/wp-content\/uploads\/2025\/10\/1759370831_416_2c078e9ebae1db79ca072f296d43dbecb5d1ec15a703a80d5b1f06d9b85ce01d.jpg\" alt=\"\"\/><\/p>\n<p>Ella Kanninen tunnustaa Eeva-lehden haastattelussa, ett\u00e4 antaa raivon n\u00e4ky\u00e4.  Miia Sir\u00e9n<\/p>\n<p class=\"paragraph\">Juontaja <a href=\"https:\/\/www.iltalehti.fi\/henkilot\/Ella Kanninen\" class=\"article-link-person-page\" rel=\"nofollow noopener\" target=\"_blank\">Ella Kanninen<\/a>, 50, puhuu Eeva-lehden haastattelussa muun muassa puolisostaan ja pariskunnan eroavaisuuksista. Lis\u00e4ksi h\u00e4n kertoo pariskunnan kahden yhteisen teini-ik\u00e4isen lapsen kasvattamisesta.<\/p>\n<p class=\"paragraph\">Kanninen my\u00f6nt\u00e4\u00e4 lehdelle olevansa itseens\u00e4 tyytym\u00e4t\u00f6n silloin, kun pinna palaa lasten edess\u00e4.<\/p>\n<p class=\"paragraph\">\u2013 Kun minulla menee hermot, se kuuluu ja n\u00e4kyy. Kasvatusoppaat toitottavat, ettei raivoa saa n\u00e4ytt\u00e4\u00e4 lasten edess\u00e4. Min\u00e4 raivoan, varsinkin, kun tunnen ep\u00e4oikeudenmukaisuutta, Kanninen kertoo lehdelle.<\/p>\n<p class=\"paragraph\">\u2013 Olisi tarpeellinen taito osata laskea kymmeneen, j\u00e4tt\u00e4\u00e4 tilanne sikseen ja palata asiaan my\u00f6hemmin. Olen tiukka kasvattaja mit\u00e4 tulee kotiintuloaikoihin, kiitt\u00e4miseen ja lupausten pit\u00e4miseen. Mutta tiedostan, ettei karjuminen ole paras tapa ratkaista asioita, Kanninen jatkaa.<\/p>\n<p class=\"paragraph\">Niin\u00e4 hetkin\u00e4, kun Kannisen pinna palaa, h\u00e4nen italialainen puolisonsa rauhoittelee. Puolisonsa my\u00f6t\u00e4 Kanniselle on muodostunut kaksi kotimaata. H\u00e4n arvioi Eevalle, ett\u00e4 niin sanottu loppusijoituspaikka l\u00f6ytyy Kannisen henkisest\u00e4 kodista eli Toscanan-kyl\u00e4n pienist\u00e4 ympyr\u00f6ist\u00e4, vaikka h\u00e4n viihtyy Suomessakin.<\/p>\n<p class=\"paragraph\">Kanninen kertoi vuonna 2023 <a href=\"https:\/\/www.iltalehti.fi\/viihdeuutiset\/9fdcbbe0-8253-425c-92ff-252d953278b8\" rel=\"nofollow noopener\" target=\"_blank\">Iltalehdelle<\/a> el\u00e4m\u00e4st\u00e4 kahden maan v\u00e4lill\u00e4 ja parisuhteen aikana esiintyneist\u00e4 kulttuurieroista.<\/p>\n<p class=\"paragraph\">Varsinaisia kulttuuri\u0161okkeja ei ole juuri ilmennyt, sill\u00e4 Kanninen kertoi, ett\u00e4 h\u00e4nen puolisollaan Valerio Chincalla on varsin skandinaavinen ajattelumaailma. Eroja tavoissa ja tottumuksissa kuitenkin l\u00f6ytyy.<\/p>\n<p class=\"paragraph\">\u2013 Mieheni on tarkka ruoka-ajoista ja siit\u00e4, ett\u00e4 perhe sy\u00f6 aina yhdess\u00e4. V\u00e4lill\u00e4 tulee v\u00e4\u00e4nt\u00f6\u00e4 siit\u00e4, ett\u00e4 eik\u00f6 t\u00e4st\u00e4 voisi joustaa. Toisaalta arvostan my\u00f6s sit\u00e4, koska pojatkin ovat oppineet siihen, ett\u00e4 kahdeksalta on ruoka-aika, johon kaikki osallistuvat, Kanninen kertoi Iltalehdelle.<\/p>\n<p class=\"paragraph\">\u2013 H\u00e4n on my\u00f6s todella helposti ylipuhuttavissa: lapset pyyt\u00e4v\u00e4t h\u00e4nt\u00e4 usein hakemaan heid\u00e4t jostakin. Lapset kulkevat julkisilla, kun he ovat kanssani kolmistaan, koska en ole kuskaaja. Ajattelen heid\u00e4n selvi\u00e4v\u00e4n hyvin itse arjen asioissa, kun taas mieheni on todella suojelevainen.<\/p>\n","protected":false},"excerpt":{"rendered":"Ella Kanninen kertoo Eeva-lehdelle olevansa tiukka kasvattaja. Ella Kanninen tunnustaa Eeva-lehden haastattelussa, ett\u00e4 antaa raivon n\u00e4ky\u00e4. Miia Sir\u00e9n&hellip;\n","protected":false},"author":2,"featured_media":51046,"comment_status":"","ping_status":"","sticky":false,"template":"","format":"standard","meta":{"footnotes":""},"categories":[5],"tags":[35,22,23,26,27,33,31,30,17,101,99,100,24,25,28,29,15,18,21,98,32,19,20,139,16],"class_list":{"0":"post-51045","1":"post","2":"type-post","3":"status-publish","4":"format-standard","5":"has-post-thumbnail","7":"category-otsikot","8":"tag-24h","9":"tag-breaking-news","10":"tag-breakingnews","11":"tag-featured-news","12":"tag-featurednews","13":"tag-fi","14":"tag-finland","15":"tag-finnish","16":"tag-headlines","17":"tag-ihmissuhteet","18":"tag-lapset","19":"tag-lapset-ja-nuoret","20":"tag-latest-news","21":"tag-latestnews","22":"tag-main-news","23":"tag-mainnews","24":"tag-news","25":"tag-otsikot","26":"tag-paauutiset","27":"tag-perhe","28":"tag-suomi","29":"tag-top-stories","30":"tag-topstories","31":"tag-tv-ohjelmat","32":"tag-uutiset"},"share_on_mastodon":{"url":"","error":""},"_links":{"self":[{"href":"https:\/\/www.europesays.com\/fi\/wp-json\/wp\/v2\/posts\/51045","targetHints":{"allow":["GET"]}}],"collection":[{"href":"https:\/\/www.europesays.com\/fi\/wp-json\/wp\/v2\/posts"}],"about":[{"href":"https:\/\/www.europesays.com\/fi\/wp-json\/wp\/v2\/types\/post"}],"author":[{"embeddable":true,"href":"https:\/\/www.europesays.com\/fi\/wp-json\/wp\/v2\/users\/2"}],"replies":[{"embeddable":true,"href":"https:\/\/www.europesays.com\/fi\/wp-json\/wp\/v2\/comments?post=51045"}],"version-history":[{"count":0,"href":"https:\/\/www.europesays.com\/fi\/wp-json\/wp\/v2\/posts\/51045\/revisions"}],"wp:featuredmedia":[{"embeddable":true,"href":"https:\/\/www.europesays.com\/fi\/wp-json\/wp\/v2\/media\/51046"}],"wp:attachment":[{"href":"https:\/\/www.europesays.com\/fi\/wp-json\/wp\/v2\/media?parent=51045"}],"wp:term":[{"taxonomy":"category","embeddable":true,"href":"https:\/\/www.europesays.com\/fi\/wp-json\/wp\/v2\/categories?post=51045"},{"taxonomy":"post_tag","embeddable":true,"href":"https:\/\/www.europesays.com\/fi\/wp-json\/wp\/v2\/tags?post=51045"}],"curies":[{"name":"wp","href":"https:\/\/api.w.org\/{rel}","templated":true}]}}