{"id":51049,"date":"2025-10-02T02:22:07","date_gmt":"2025-10-02T02:22:07","guid":{"rendered":"https:\/\/www.europesays.com\/fi\/51049\/"},"modified":"2025-10-02T02:22:07","modified_gmt":"2025-10-02T02:22:07","slug":"ensitreffit-pari-eroaa-naiselta-kylma-ratti-vasten-miehen-kasvoja-iltalehti","status":"publish","type":"post","link":"https:\/\/www.europesays.com\/fi\/51049\/","title":{"rendered":"Ensitreffit-pari eroaa \u2013 Naiselta kylm\u00e4 r\u00e4tti vasten miehen kasvoja &#8211; Iltalehti"},"content":{"rendered":"<ol>\n<li><a href=\"https:\/\/news.google.com\/rss\/articles\/CBMiggFBVV95cUxNLVNlRnFWaUxkYmFoVEdjajNidm5ua3FfbWVqU3BXcDdDa2JWUERqVTl1NjA0MGptVjZmNFk1WjhsVml0X18wdUxWWWkwWkt2Ym5VTDRnMktrYjBJbll3a2JCVUJqMTdlZmtwb1k2YktONDI4MlhoSzQtcllvbHlvN3BB?oc=5\" target=\"_blank\" rel=\"nofollow noopener\">Ensitreffit-pari eroaa \u2013 Naiselta kylm\u00e4 r\u00e4tti vasten miehen kasvoja<\/a>&nbsp;&nbsp;Iltalehti<\/li>\n<li><a href=\"https:\/\/news.google.com\/rss\/articles\/CBMimgFBVV95cUxNQ1ZxX0pZTUs0QzVxM1RRQm84LW44Nnl1Y0NCZEdoUTQ2cEhOSVlrMDdSWGpuTlQ0WmJfbjJDMlpXTjVyZUdaT1ZkTFZuWkJQa3ItYTdwdEc3Zk84NmRERzc2elBXMnpmQVQ5eXZvYkZGMTVPYmxqYlRuOENWcjJkU2hBQmdGNl9xdklqT3dHT3RWUVRPNEhhaGtR?oc=5\" target=\"_blank\" rel=\"nofollow noopener\">Ensitreffit alttarilla -ohjelmassa shokkiero: &#8221;En halua edes yritt\u00e4\u00e4&#8221;<\/a>&nbsp;&nbsp;Como.fi<\/li>\n<li><a href=\"https:\/\/news.google.com\/rss\/articles\/CBMivAFBVV95cUxQX1hXNGlvLUR6ZVFwX3dYaXN2YkJXMThleW51dTdkSjZmbTFqVWNpT0Jkalh6eTlNS0s2UEJoT1BTbDA2aFBYakxkWG1NWVNzc0p4TmkwOEZONjVXTzVfR3dFTFpYdVVkZkRGUjdaMTlsb1RwelFiY0EzMG1VRElnZUoycVRoNU9WbTYycFR1Rk9kbGVuQVNmU2tYRTFzY3VWcDE5LUdOU3oyVHJZd09JQmF5UldkOU9HU0lDZg?oc=5\" target=\"_blank\" rel=\"nofollow noopener\">Ensitreffit-Katri t\u00e4r\u00e4ytt\u00e4\u00e4 viinilasillisen \u00e4\u00e4ress\u00e4 &#8211; T\u00e4m\u00e4 k\u00e4yt\u00f6s ei vetele Janne-puolisossa<\/a>&nbsp;&nbsp;Suomi24.fi<\/li>\n<li><a href=\"https:\/\/news.google.com\/rss\/articles\/CBMiZkFVX3lxTE85TV96Y0lnZE1xS0JVYjE5bWViMkZrYy1hRXU5b1owN2lYdUp2ZUlHajd2enNtUTY3anpwS052OFp0WWNIdDBWRnZKN3lTZlhPZUZ4MDcyTjQ0OVJETlRza2xaQURqUQ?oc=5\" target=\"_blank\" rel=\"nofollow noopener\">Toisenkin Ensitreffit-parin v\u00e4lit tulehtuvat totaalisesti: \u201dKauheinta mit\u00e4 voi olla\u201d<\/a>&nbsp;&nbsp;Ilta-Sanomat<\/li>\n<li><a href=\"https:\/\/news.google.com\/rss\/articles\/CBMivAFBVV95cUxOa0twWUVhZ01seEg1dXVMSVFMVmQyY2VCNnRURTB5OXA3QW03QlFVNkQ4NHMwbzZVenlYeWNWNEhrTWdzMnRDNmVTdmo4LWMwSmwyOXZVcWlFMTlOc0pka2ZUQy1JT2p6bVM2d3hGWFp3WWVmN2N3LVVVQlJralNObHgtZzFpanRMN1pqanpLYWFZMGRfYU5Xa0YydVJQdHI4Q09PYmRQeDFMbHJvNF9qTzFVLWNYenRnNno1ZA?oc=5\" target=\"_blank\" rel=\"nofollow noopener\">Ensitreffit alttarilla: &#8221;Eksoottiset&#8221; h\u00e4\u00e4matkakohteet ihmetytt\u00e4v\u00e4t &#8211; Aktiviteettina kasvonaamio!<\/a>&nbsp;&nbsp;Suomi24.fi<\/li>\n<\/ol>\n","protected":false},"excerpt":{"rendered":"Ensitreffit-pari eroaa \u2013 Naiselta kylm\u00e4 r\u00e4tti vasten miehen kasvoja&nbsp;&nbsp;Iltalehti Ensitreffit alttarilla -ohjelmassa shokkiero: &#8221;En halua edes yritt\u00e4\u00e4&#8221;&nbsp;&nbsp;Como.fi Ensitreffit-Katri&hellip;\n","protected":false},"author":2,"featured_media":51050,"comment_status":"","ping_status":"","sticky":false,"template":"","format":"standard","meta":{"footnotes":""},"categories":[133],"tags":[35,1074,137,33,31,30,101,2718,32,206,140,139,156,109],"class_list":{"0":"post-51049","1":"post","2":"type-post","3":"status-publish","4":"format-standard","5":"has-post-thumbnail","7":"category-televisiot","8":"tag-24h","9":"tag-avioliitto-ja-parisuhde","10":"tag-entertainment","11":"tag-fi","12":"tag-finland","13":"tag-finnish","14":"tag-ihmissuhteet","15":"tag-romantiikka","16":"tag-suomi","17":"tag-televisiot","18":"tag-tv-ja-elokuvat","19":"tag-tv-ohjelmat","20":"tag-tv","21":"tag-viihde"},"share_on_mastodon":{"url":"","error":""},"_links":{"self":[{"href":"https:\/\/www.europesays.com\/fi\/wp-json\/wp\/v2\/posts\/51049","targetHints":{"allow":["GET"]}}],"collection":[{"href":"https:\/\/www.europesays.com\/fi\/wp-json\/wp\/v2\/posts"}],"about":[{"href":"https:\/\/www.europesays.com\/fi\/wp-json\/wp\/v2\/types\/post"}],"author":[{"embeddable":true,"href":"https:\/\/www.europesays.com\/fi\/wp-json\/wp\/v2\/users\/2"}],"replies":[{"embeddable":true,"href":"https:\/\/www.europesays.com\/fi\/wp-json\/wp\/v2\/comments?post=51049"}],"version-history":[{"count":0,"href":"https:\/\/www.europesays.com\/fi\/wp-json\/wp\/v2\/posts\/51049\/revisions"}],"wp:featuredmedia":[{"embeddable":true,"href":"https:\/\/www.europesays.com\/fi\/wp-json\/wp\/v2\/media\/51050"}],"wp:attachment":[{"href":"https:\/\/www.europesays.com\/fi\/wp-json\/wp\/v2\/media?parent=51049"}],"wp:term":[{"taxonomy":"category","embeddable":true,"href":"https:\/\/www.europesays.com\/fi\/wp-json\/wp\/v2\/categories?post=51049"},{"taxonomy":"post_tag","embeddable":true,"href":"https:\/\/www.europesays.com\/fi\/wp-json\/wp\/v2\/tags?post=51049"}],"curies":[{"name":"wp","href":"https:\/\/api.w.org\/{rel}","templated":true}]}}