{"id":51053,"date":"2025-10-02T02:26:08","date_gmt":"2025-10-02T02:26:08","guid":{"rendered":"https:\/\/www.europesays.com\/fi\/51053\/"},"modified":"2025-10-02T02:26:08","modified_gmt":"2025-10-02T02:26:08","slug":"janne-katajalta-huikea-yllatys-uudelle-alalle","status":"publish","type":"post","link":"https:\/\/www.europesays.com\/fi\/51053\/","title":{"rendered":"Janne Katajalta huikea yll\u00e4tys &#8211; uudelle alalle!"},"content":{"rendered":"<p>Janne Kataja l\u00e4htee t\u00e4ysin uudelle alalle. Eli suorittaa suorastaan uuden aluevaltauksen.<\/p>\n<p>Mist\u00e4 on kyse? Siit\u00e4 ett\u00e4 Jannesta tulee ruokakirjailija.<\/p>\n<p>Katajan keitti\u00f6ss\u00e4<\/p>\n<p>Jannehan on kova kokkailemaan. H\u00e4n pit\u00e4\u00e4 ehtimiseen ruokalive\u00e4 kotonaan, ja itse asiassa er\u00e4\u00e4n t\u00e4llaisen ruoanlaittoliven yhteydess\u00e4 vilahti my\u00f6s h\u00e4nen Krista-siippansa kuvissa.<\/p>\n<p>My\u00f6hemmin Janne kutsui h\u00e4net isomminkin ruutuun esiintym\u00e4\u00e4n, ja nyt he ovat olleet esill\u00e4 Tanssii t\u00e4htien kanssa -ohjelman yleis\u00f6n\u00e4kin.<\/p>\n<p>Ei siis ihme, ett\u00e4 Jannelle tekev\u00e4n\u00e4 ihmisen\u00e4 on luontaista tehd\u00e4 ruokakirja seuraajilleen.<\/p>\n<p>-Ihana matka josta yksi osa on p\u00e4\u00e4ttym\u00e4ss\u00e4 ja toinen vasta alussa. Toukokuussa 2023 kysyin Jannelta, ett\u00e4 tehd\u00e4\u00e4nk\u00f6 ruokakirja ja t\u00e4ss\u00e4 sit\u00e4 ollaan, kertoo Pauliina Virta, kirjan toinen tekij\u00f6ist\u00e4.<\/p>\n<p>Kirja nimelt\u00e4 Katajan keitti\u00f6ss\u00e4 on jo ennakkotilattavissa ja se ilmestyy 17.2.2026. Ennakkotilaajille l\u00e4htee kuulemma yll\u00e4tyksen\u00e4 ylim\u00e4\u00e4r\u00e4inen resepti joka on samalla kirjanmerkki.<\/p>\n<p>-Meill\u00e4 on ollut apuna ihania ihmisi\u00e4. Prosessi on ollut hauska ja innoittava. Kiitos jokaiselle joka on ollut mukana prosessissa, Virta kiittelee omasta ja Jannen puolesta.<\/p>\n<p>Kuva kirjan kannesta, kirjan, jonka julkaisee Tammi.<\/p>\n<p><img loading=\"lazy\" height=\"445\" width=\"438\" class=\"wp-image-123812 sp-no-webp perfmatters-lazy\" alt=\"\" decoding=\"async\" src=\"https:\/\/www.europesays.com\/fi\/wp-content\/uploads\/2025\/10\/image-3-42.jpg\"  data-\/> <\/p>\n<p>Lue my\u00f6s: <a href=\"https:\/\/www.como.fi\/tilaa-comon-uutiskirje\/\" title=\"Tilaa Comon uutiskirje ja tied\u00e4t mist\u00e4 kahvitauolla puhutaan! Nappaa kotimaan tv-vinkit ja puheenaiheet suoraan s\u00e4hk\u00f6postiin t\u00e4st\u00e4.\" class=\"underline-custom !font-montserrat !font-bold !underline-offset-4 !decoration-4 !decoration-red-600 !text-md\" rel=\"nofollow noopener\" target=\"_blank\">Tilaa Comon uutiskirje ja tied\u00e4t mist\u00e4 kahvitauolla puhutaan! Nappaa kotimaan tv-vinkit ja puheenaiheet suoraan s\u00e4hk\u00f6postiin t\u00e4st\u00e4.<\/a><\/p>\n","protected":false},"excerpt":{"rendered":"Janne Kataja l\u00e4htee t\u00e4ysin uudelle alalle. Eli suorittaa suorastaan uuden aluevaltauksen. Mist\u00e4 on kyse? Siit\u00e4 ett\u00e4 Jannesta tulee&hellip;\n","protected":false},"author":2,"featured_media":51054,"comment_status":"","ping_status":"","sticky":false,"template":"","format":"standard","meta":{"footnotes":""},"categories":[158],"tags":[33,31,30,2366,159,32,160],"class_list":{"0":"post-51053","1":"post","2":"type-post","3":"status-publish","4":"format-standard","5":"has-post-thumbnail","7":"category-urheilu","8":"tag-fi","9":"tag-finland","10":"tag-finnish","11":"tag-janne-kataja","12":"tag-sports","13":"tag-suomi","14":"tag-urheilu"},"share_on_mastodon":{"url":"","error":""},"_links":{"self":[{"href":"https:\/\/www.europesays.com\/fi\/wp-json\/wp\/v2\/posts\/51053","targetHints":{"allow":["GET"]}}],"collection":[{"href":"https:\/\/www.europesays.com\/fi\/wp-json\/wp\/v2\/posts"}],"about":[{"href":"https:\/\/www.europesays.com\/fi\/wp-json\/wp\/v2\/types\/post"}],"author":[{"embeddable":true,"href":"https:\/\/www.europesays.com\/fi\/wp-json\/wp\/v2\/users\/2"}],"replies":[{"embeddable":true,"href":"https:\/\/www.europesays.com\/fi\/wp-json\/wp\/v2\/comments?post=51053"}],"version-history":[{"count":0,"href":"https:\/\/www.europesays.com\/fi\/wp-json\/wp\/v2\/posts\/51053\/revisions"}],"wp:featuredmedia":[{"embeddable":true,"href":"https:\/\/www.europesays.com\/fi\/wp-json\/wp\/v2\/media\/51054"}],"wp:attachment":[{"href":"https:\/\/www.europesays.com\/fi\/wp-json\/wp\/v2\/media?parent=51053"}],"wp:term":[{"taxonomy":"category","embeddable":true,"href":"https:\/\/www.europesays.com\/fi\/wp-json\/wp\/v2\/categories?post=51053"},{"taxonomy":"post_tag","embeddable":true,"href":"https:\/\/www.europesays.com\/fi\/wp-json\/wp\/v2\/tags?post=51053"}],"curies":[{"name":"wp","href":"https:\/\/api.w.org\/{rel}","templated":true}]}}