{"id":51060,"date":"2025-10-02T02:32:09","date_gmt":"2025-10-02T02:32:09","guid":{"rendered":"https:\/\/www.europesays.com\/fi\/51060\/"},"modified":"2025-10-02T02:32:09","modified_gmt":"2025-10-02T02:32:09","slug":"talta-nayttaa-helsingin-uusin-hotelli-remontti-kesti-vuoden-paikalliset","status":"publish","type":"post","link":"https:\/\/www.europesays.com\/fi\/51060\/","title":{"rendered":"T\u00e4lt\u00e4 n\u00e4ytt\u00e4\u00e4 Helsingin uusin hotelli \u2013 remontti kesti vuoden | Paikalliset"},"content":{"rendered":"<p>Ydinkeskustaan, Elielin aukiolle avautui t\u00e4n\u00e4\u00e4n (1. lokakuuta) uusi Scandic-hotelli.<\/p>\n<p>Scandic Helsinki Station avasi ovensa iltap\u00e4iv\u00e4ll\u00e4.<\/p>\n<p><strong class=\"diks-storyline__impact\">Kyseess\u00e4 on<\/strong> kompakti hotelli, jossa on 174 uudistettua huonetta, aulabaari, aamiaisravintola, lasitettu terassi sek\u00e4 saunat ja kuntohuone, tiedotteessa kerrotaan.<\/p>\n<p>\t\t<a class=\"diks-gallery__link\" href=\"https:\/\/i.media.fi\/incoming\/5gcqwp\/11073350.jpg\/alternates\/FREE_1440\/11073350.jpg\" data-thumbnail=\"\" data-sub-html=\"Hotellista l\u00f6ytyy 174 huonetta, kahdeksassa kerroksessa. Scandic\" aria-label=\"Katso isompi kuva\" rel=\"nofollow noopener\" target=\"_blank\"><br \/>\n\t\t\t\t<img class=\"diks-figure__image\" src=\"https:\/\/www.europesays.com\/fi\/wp-content\/uploads\/2025\/10\/11073350.jpg\" loading=\"lazy\" decoding=\"sync\" alt=\"\"\/><\/p>\n<p>\t\t\t<\/a><br \/>\n\t\t\t\t\tHotellista l\u00f6ytyy 174 huonetta, kahdeksassa kerroksessa. Scandic<\/p>\n<p>\t\t<a class=\"diks-gallery__link\" href=\"https:\/\/i.media.fi\/incoming\/vak0e6\/11073345.jpg\/alternates\/FREE_1440\/11073345.jpg\" data-thumbnail=\"\" data-sub-html=\"Hotellissa on aulabaarin lis\u00e4ksi coworking-tiloja, 2 saunaa ja kuntoiluhuone. Scandic\" aria-label=\"Katso isompi kuva\" rel=\"nofollow noopener\" target=\"_blank\"><br \/>\n\t\t\t\t<img class=\"diks-figure__image\" src=\"https:\/\/www.europesays.com\/fi\/wp-content\/uploads\/2025\/10\/11073345.jpg\" loading=\"lazy\" decoding=\"sync\" alt=\"\"\/><\/p>\n<p>\t\t\t<\/a><br \/>\n\t\t\t\t\tHotellissa on aulabaarin lis\u00e4ksi coworking-tiloja, 2 saunaa ja kuntoiluhuone. Scandic<\/p>\n<p>Scandic kertoo, ett\u00e4 asiakkaat ovat jo osoittaneet kiinnostusta avautuvaa hotellia kohtaan.<\/p>\n<p>\u2013 Varauskanavien avauduttua hotelli on her\u00e4tt\u00e4nyt suurta kiinnostusta. Tavoitteenamme on luoda paikka, jossa vieraat viihtyv\u00e4t, kohtaavat ja haluavat palata uudelleen, kertoo hotellinjohtaja <strong>Satu Aalto<\/strong>.<\/p>\n<p><strong class=\"diks-storyline__impact\">Rakennus toimi<\/strong> aiemmin Holiday Inn -hotellina. Uudistusty\u00f6t kestiv\u00e4t vuoden.<\/p>\n<p>Scandic kertoo, ett\u00e4 rakennukselle tehtiin mittavia muutoksia. Huoneiden ja yleisten tilojen uudistamisen lis\u00e4ksi rakennuksen talotekniikkaa modernisoitiin ja energiatehokkuutta paranneltiin muun muassa asentamalla katolle aurinkopaneelit.<\/p>\n<p>\t\t<a class=\"diks-gallery__link\" href=\"https:\/\/i.media.fi\/incoming\/qujuaa\/11073346.jpg\/alternates\/FREE_1440\/11073346.jpg\" data-thumbnail=\"\" data-sub-html=\"Hotellin lasitetulta terassilta on n\u00e4kym\u00e4 Elielinaukiolle. Scandic\" aria-label=\"Katso isompi kuva\" rel=\"nofollow noopener\" target=\"_blank\"><br \/>\n\t\t\t\t<img class=\"diks-figure__image\" src=\"https:\/\/www.europesays.com\/fi\/wp-content\/uploads\/2025\/10\/11073346.jpg\" loading=\"lazy\" decoding=\"sync\" alt=\"\"\/><\/p>\n<p>\t\t\t<\/a><br \/>\n\t\t\t\t\tHotellin lasitetulta terassilta on n\u00e4kym\u00e4 Elielinaukiolle. Scandic<\/p>\n<p><strong class=\"diks-storyline__impact\">Uuden hotellin <\/strong>my\u00f6t\u00e4 p\u00e4\u00e4rautatieaseman ymp\u00e4rist\u00f6\u00f6n tulee jo toinen Scandic-hotelli, nimitt\u00e4in Scandic remontoi VR:n entisen p\u00e4\u00e4konttorin tilat Scandic Grand Central Helsingin k\u00e4ytt\u00f6\u00f6n vuonna 2021.<\/p>\n","protected":false},"excerpt":{"rendered":"Ydinkeskustaan, Elielin aukiolle avautui t\u00e4n\u00e4\u00e4n (1. lokakuuta) uusi Scandic-hotelli. Scandic Helsinki Station avasi ovensa iltap\u00e4iv\u00e4ll\u00e4. Kyseess\u00e4 on kompakti&hellip;\n","protected":false},"author":2,"featured_media":51061,"comment_status":"","ping_status":"","sticky":false,"template":"","format":"standard","meta":{"footnotes":""},"categories":[12],"tags":[36,22,23,26,27,33,31,30,17,8876,104,2353,24,25,28,29,923,15,18,21,932,32,822,19,20,16],"class_list":{"0":"post-51060","1":"post","2":"type-post","3":"status-publish","4":"format-standard","5":"has-post-thumbnail","7":"category-suomi","8":"tag-asuintalot-ja-asunnot","9":"tag-breaking-news","10":"tag-breakingnews","11":"tag-featured-news","12":"tag-featurednews","13":"tag-fi","14":"tag-finland","15":"tag-finnish","16":"tag-headlines","17":"tag-helsingin-hotellit","18":"tag-helsinki","19":"tag-hotellit-ja-majoitus","20":"tag-latest-news","21":"tag-latestnews","22":"tag-main-news","23":"tag-mainnews","24":"tag-matkustaminen","25":"tag-news","26":"tag-otsikot","27":"tag-paauutiset","28":"tag-sahkontuotanto-ja-jakelu","29":"tag-suomi","30":"tag-teollisuustuotteet-ja-palvelut-sektori","31":"tag-top-stories","32":"tag-topstories","33":"tag-uutiset"},"share_on_mastodon":{"url":"","error":""},"_links":{"self":[{"href":"https:\/\/www.europesays.com\/fi\/wp-json\/wp\/v2\/posts\/51060","targetHints":{"allow":["GET"]}}],"collection":[{"href":"https:\/\/www.europesays.com\/fi\/wp-json\/wp\/v2\/posts"}],"about":[{"href":"https:\/\/www.europesays.com\/fi\/wp-json\/wp\/v2\/types\/post"}],"author":[{"embeddable":true,"href":"https:\/\/www.europesays.com\/fi\/wp-json\/wp\/v2\/users\/2"}],"replies":[{"embeddable":true,"href":"https:\/\/www.europesays.com\/fi\/wp-json\/wp\/v2\/comments?post=51060"}],"version-history":[{"count":0,"href":"https:\/\/www.europesays.com\/fi\/wp-json\/wp\/v2\/posts\/51060\/revisions"}],"wp:featuredmedia":[{"embeddable":true,"href":"https:\/\/www.europesays.com\/fi\/wp-json\/wp\/v2\/media\/51061"}],"wp:attachment":[{"href":"https:\/\/www.europesays.com\/fi\/wp-json\/wp\/v2\/media?parent=51060"}],"wp:term":[{"taxonomy":"category","embeddable":true,"href":"https:\/\/www.europesays.com\/fi\/wp-json\/wp\/v2\/categories?post=51060"},{"taxonomy":"post_tag","embeddable":true,"href":"https:\/\/www.europesays.com\/fi\/wp-json\/wp\/v2\/tags?post=51060"}],"curies":[{"name":"wp","href":"https:\/\/api.w.org\/{rel}","templated":true}]}}