{"id":51062,"date":"2025-10-02T02:33:12","date_gmt":"2025-10-02T02:33:12","guid":{"rendered":"https:\/\/www.europesays.com\/fi\/51062\/"},"modified":"2025-10-02T02:33:12","modified_gmt":"2025-10-02T02:33:12","slug":"poliisi-tyoskenteli-vahvassa-humalassa-lapinlahdella-tuomittiin-sakkoihin-pohjois-savo","status":"publish","type":"post","link":"https:\/\/www.europesays.com\/fi\/51062\/","title":{"rendered":"Poliisi ty\u00f6skenteli vahvassa humalassa Lapinlahdella \u2013 tuomittiin sakkoihin | Pohjois-Savo"},"content":{"rendered":"<p class=\"aw-1gybjub aw-5vja16 cmIuaG zKETg yle__article__paragraph\">Virkavelvollisuuden rikkominen tapahtui poliisin kentt\u00e4teht\u00e4vi\u00e4 hoitavan partioinnin yhteydess\u00e4 viime helmikuussa. Vanhempi konstaapeli my\u00f6nsi rikoksen.<\/p>\n<p><img decoding=\"async\" alt=\"Poliisin hihamerkki.\" src=\"https:\/\/www.europesays.com\/fi\/wp-content\/uploads\/2025\/10\/39-1469592682ecd844cfc3.jpeg\" class=\"aw-1l9m598 hKVVvP\"\/><\/p>\n<p>Avaa kuvien katselu<\/p>\n<p>Poliisi sai tuomion virkavelvollisuuden rikkomisesta, koska h\u00e4n joi alkoholia ty\u00f6aikana. Kuvituskuva. Kuva: Antro Valo \/ Yle<\/p>\n<p>1.10. 15:08\u2022P\u00e4ivitetty 1.10. 15:45<\/p>\n<p class=\"aw-1gybjub aw-1p7kakr cmIuaG fmSRng yle__article__paragraph\">Nelikymppinen It\u00e4-Suomen poliisilaitoksen vanhempi konstaapeli on tuomittu sakkoihin virkavelvollisuuden rikkomisesta, koska h\u00e4n ty\u00f6skenteli humalassa.<\/p>\n<p class=\"aw-1gybjub aw-1p7kakr cmIuaG fmSRng yle__article__paragraph\">Pohjois-Savon k\u00e4r\u00e4j\u00e4oikeuden mukaan rikos tapahtui helmikuussa Lapinlahdella. Vanhempi konstaapeli oli ty\u00f6vuorossa kentt\u00e4teht\u00e4vi\u00e4 hoitavassa partiossa. H\u00e4n joi vuoronsa aikana alkoholia ja p\u00e4ihtyi voimakkaasti.<\/p>\n<p class=\"aw-1gybjub aw-1p7kakr cmIuaG fmSRng yle__article__paragraph\">Mies ehti osallistua ty\u00f6teht\u00e4vien hoitamiseen humalassa useiden tuntien ajan. Lopulta h\u00e4nen ty\u00f6vuoronsa keskeytettiin. Vastaaja kantoi p\u00e4ihtymyksens\u00e4 aikana virka-asetta ja muita poliisin voimank\u00e4ytt\u00f6v\u00e4lineit\u00e4.<\/p>\n<p class=\"aw-1gybjub aw-1p7kakr cmIuaG fmSRng yle__article__paragraph\">Vanhempi konstaapeli tunnusti teon oikeudessa ja pahoitteli sit\u00e4. H\u00e4n kertoi hakeneensa tapahtuman j\u00e4lkeen apua ongelmiinsa ty\u00f6terveydest\u00e4.<\/p>\n<p class=\"aw-1gybjub aw-1p7kakr cmIuaG fmSRng yle__article__paragraph\">Mies sai teostaan 40 p\u00e4iv\u00e4sakon rangaistuksen, mist\u00e4 kertyy maksettavaa noin 1\u00a0700 euroa.<\/p>\n<p class=\"aw-1gybjub aw-1p7kakr cmIuaG fmSRng yle__article__paragraph\">It\u00e4-Suomen poliisilaitokselta kerrotaan, ett\u00e4 se odottaa tuomion lainvoimaisuutta ja p\u00e4\u00e4tt\u00e4\u00e4 sen j\u00e4lkeen, mit\u00e4 seuraamuksia tuomitulle koituu.<\/p>\n<p class=\"aw-1gybjub aw-1p7kakr cmIuaG fmSRng yle__article__paragraph\">Tuomiosta uutisoi ensimm\u00e4isen\u00e4 <a class=\"aw-iao6s4 iHOxEa yle__article__link\" href=\"https:\/\/www.savonsanomat.fi\/paikalliset\/8887633\" role=\"link\" rel=\"nofollow noopener\" target=\"_blank\">Savon Sanomat.<\/a><\/p>\n<p class=\"aw-1gybjub aw-1p7kakr cmIuaG fmSRng yle__article__paragraph\">P\u00e4ivitetty klo 15.45: Lis\u00e4tty tieto, ett\u00e4 kyseess\u00e4 oli It\u00e4-Suomen poliisilaitoksen konstaapeli ja se, ett\u00e4 poliisilaitos p\u00e4\u00e4tt\u00e4\u00e4 teosta koituvista seuraamuksista sen j\u00e4lkeen, kun tuomio on saanut lainvoiman.<\/p>\n","protected":false},"excerpt":{"rendered":"Virkavelvollisuuden rikkominen tapahtui poliisin kentt\u00e4teht\u00e4vi\u00e4 hoitavan partioinnin yhteydess\u00e4 viime helmikuussa. Vanhempi konstaapeli my\u00f6nsi rikoksen. Avaa kuvien katselu Poliisi&hellip;\n","protected":false},"author":2,"featured_media":51063,"comment_status":"","ping_status":"","sticky":false,"template":"","format":"standard","meta":{"footnotes":""},"categories":[5],"tags":[22,23,26,27,33,31,30,17,71,4644,24,25,28,29,15,2098,18,21,1136,12621,52,32,19,20,16,12620],"class_list":{"0":"post-51062","1":"post","2":"type-post","3":"status-publish","4":"format-standard","5":"has-post-thumbnail","7":"category-otsikot","8":"tag-breaking-news","9":"tag-breakingnews","10":"tag-featured-news","11":"tag-featurednews","12":"tag-fi","13":"tag-finland","14":"tag-finnish","15":"tag-headlines","16":"tag-kotimaa","17":"tag-lapinlahti","18":"tag-latest-news","19":"tag-latestnews","20":"tag-main-news","21":"tag-mainnews","22":"tag-news","23":"tag-oikeudenkaynnit","24":"tag-otsikot","25":"tag-paauutiset","26":"tag-pohjois-savo","27":"tag-pohjois-savon-karajaoikeus","28":"tag-poliisi","29":"tag-suomi","30":"tag-top-stories","31":"tag-topstories","32":"tag-uutiset","33":"tag-virkavelvollisuuden-rikkominen"},"share_on_mastodon":{"url":"","error":""},"_links":{"self":[{"href":"https:\/\/www.europesays.com\/fi\/wp-json\/wp\/v2\/posts\/51062","targetHints":{"allow":["GET"]}}],"collection":[{"href":"https:\/\/www.europesays.com\/fi\/wp-json\/wp\/v2\/posts"}],"about":[{"href":"https:\/\/www.europesays.com\/fi\/wp-json\/wp\/v2\/types\/post"}],"author":[{"embeddable":true,"href":"https:\/\/www.europesays.com\/fi\/wp-json\/wp\/v2\/users\/2"}],"replies":[{"embeddable":true,"href":"https:\/\/www.europesays.com\/fi\/wp-json\/wp\/v2\/comments?post=51062"}],"version-history":[{"count":0,"href":"https:\/\/www.europesays.com\/fi\/wp-json\/wp\/v2\/posts\/51062\/revisions"}],"wp:featuredmedia":[{"embeddable":true,"href":"https:\/\/www.europesays.com\/fi\/wp-json\/wp\/v2\/media\/51063"}],"wp:attachment":[{"href":"https:\/\/www.europesays.com\/fi\/wp-json\/wp\/v2\/media?parent=51062"}],"wp:term":[{"taxonomy":"category","embeddable":true,"href":"https:\/\/www.europesays.com\/fi\/wp-json\/wp\/v2\/categories?post=51062"},{"taxonomy":"post_tag","embeddable":true,"href":"https:\/\/www.europesays.com\/fi\/wp-json\/wp\/v2\/tags?post=51062"}],"curies":[{"name":"wp","href":"https:\/\/api.w.org\/{rel}","templated":true}]}}