{"id":51064,"date":"2025-10-02T02:45:10","date_gmt":"2025-10-02T02:45:10","guid":{"rendered":"https:\/\/www.europesays.com\/fi\/51064\/"},"modified":"2025-10-02T02:45:10","modified_gmt":"2025-10-02T02:45:10","slug":"erikoisjoukot-tahti-jan-knutti-viihtyy-julkkiskaunottaren-seurassa-paljonpuhuvat-kuvat-lentoasemalta","status":"publish","type":"post","link":"https:\/\/www.europesays.com\/fi\/51064\/","title":{"rendered":"Erikoisjoukot-t\u00e4hti Jan Knutti viihtyy julkkiskaunottaren seurassa \u2013 paljonpuhuvat kuvat lentoasemalta"},"content":{"rendered":"<p>\n            Jan Knutti, Nikki Taifuun<br \/>\n            Atte Kajova, Monica Ollas\n        <\/p>\n<p class=\"subtitle \">Entisen ammattisotilaan ja kaunottaren l\u00e4heiset v\u00e4lit her\u00e4tt\u00e4v\u00e4t h\u00e4mmennyst\u00e4. Kun Jan saapui Helsinki-Vantaalle, nainen oli h\u00e4nt\u00e4 vastassa.<\/p>\n<p class=\"article-content article-content-width !bg-background\">Erikoisjoukot-sarjasta tutun kouluttajan  , 50, suhdekuviot puhuttavat.\u00a0<\/p>\n<p class=\"font-weight-bold m-font-weight-bold article-content article-content-width !bg-background\">Katso video: N\u00e4in erikoisesti Jan Knutti ja nainen k\u00e4ytt\u00e4ytyiv\u00e4t Helsinki-Vantaalla<\/p>\n<p class=\"article-content article-content-width !bg-background\">Jan on ollut naimisissa vaimonsa kanssa vuodesta 2008 asti. Jan on julkisuudessa kertonut, ett\u00e4 h\u00e4n ja h\u00e4nen perheens\u00e4 asuvat Belgiassa.<\/p>\n<p class=\"article-content article-content-width !bg-background\">Jan on p\u00e4\u00e4tynyt Belgiaan aikoinaan t\u00f6iden kautta. <a href=\"https:\/\/www.instagram.com\/p\/CRQy15PNhRc\/?hl=en\" target=\"_blank\" rel=\"nofollow noopener\">Vuonna 2021 h\u00e4n kertoi Instagramissa<\/a> vuoden olleen h\u00e4nelle yksi el\u00e4m\u00e4ns\u00e4 rankimmista mutta samalla my\u00f6s yksi parhaista.<\/p>\n<p class=\"article-content article-content-width !bg-background\">\u2013 Valmistuin yliopistosta, ja samaan aikaan menin Euroopan Unioniin t\u00f6ihin Brysseliin.<\/p>\n<p>        <a itemprop=\"url\" href=\"https:\/\/www.seiska.fi\/katso\/janne-lehtonen-paljastaa-tata-et-nae-erikoisjoukot-ohjelmassa\/1909131\" rel=\"nofollow noopener\" target=\"_blank\"><\/p>\n<p>\nJanne Lehtonen paljastaa Erikoisjoukoista\n<\/p>\n<p class=\"section-date\">\n        <strong class=\"article-section\" data-section=\"katso\"><br \/>\n            katso<br \/>\n        <\/strong><br \/>\n        25.8. 12:15\n    <\/p>\n<p>Janne Lehtonen paljastaa: T\u00e4t\u00e4 et n\u00e4e Erikoisjoukot-ohjelmassa\n    <\/p>\n<p itemprop=\"description\" class=\"subtitle \">\n    Janne Lehtonen on toiminut brutaalin tv-ohjelman p\u00e4\u00e4kouluttajana ensimm\u00e4isest\u00e4 kaudesta alkaen.\n<\/p>\n<p>        <\/a><\/p>\n<p class=\"article-content article-content-width !bg-background\">Jan on kertonut perheasioistaan ja asumiskuvioistaan Turvacast-podcastissa lokakuussa 2024.<\/p>\n<p class=\"article-content article-content-width !bg-background\">Erikoisjoukot-t\u00e4hti matkustaa ty\u00f6ns\u00e4 puolesta ymp\u00e4ri maailmaa.\u00a0Janilla on oma yritys, joka\u00a0kehitt\u00e4\u00e4, valmistaa ja tuottaa tuotteita sotilas- sek\u00e4 viranomaisk\u00e4ytt\u00f6\u00f6n.<\/p>\n<p>                <img decoding=\"async\" src=\"https:\/\/www.europesays.com\/fi\/wp-content\/uploads\/2025\/10\/1946809.webp\" width=\"576\" height=\"720\" title=\"Ammattisotilasuransa j\u00e4lkeen Jan ryhtyi henkivartijaksi. Nyky\u00e4\u00e4n h\u00e4n luo uraa Erikoisjoukot-ohjelman parissa sek\u00e4 ty\u00f6skentelee yritt\u00e4j\u00e4n\u00e4.\" alt=\"Jan Knutti kuvattuna Erikoisjoukot-ohjelman lehdist\u00f6tilaisuudessa.\" loading=\"lazy\" \/>            <\/p>\n<p>\n            Ammattisotilasuransa j\u00e4lkeen Jan ryhtyi henkivartijaksi. Nyky\u00e4\u00e4n h\u00e4n luo uraa Erikoisjoukot-ohjelman parissa sek\u00e4 ty\u00f6skentelee yritt\u00e4j\u00e4n\u00e4.<br \/>\n            ATTE KAJOVA\n        <\/p>\n<p>Kaunotar vastassa lentokent\u00e4ll\u00e4<\/p>\n<p class=\"article-content article-content-width !bg-background\">Jan lensi 17. syyskuuta Brysselist\u00e4 Suomeen. H\u00e4n saapui aamup\u00e4iv\u00e4st\u00e4 Helsinki-Vantaalle.<\/p>\n<p class=\"article-content article-content-width !bg-background\">Seiskan toimittaja todisti erikoista tilannetta saapuvien lentojen aulassa.\u00a0<\/p>\n<p>        <a itemprop=\"url\" href=\"https:\/\/www.seiska.fi\/katso\/nain-paljon-erikoisjoukot-kouluttajilla-on-valtaa\/1906082\" rel=\"nofollow noopener\" target=\"_blank\"><\/p>\n<p>\nErikoisjoukot\n<\/p>\n<p class=\"section-date\">\n        <strong class=\"article-section\" data-section=\"katso\"><br \/>\n            katso<br \/>\n        <\/strong><br \/>\n        21.8. 15:15\n    <\/p>\n<p>N\u00e4in paljon Erikoisjoukot-kouluttajilla on valtaa\n    <\/p>\n<p itemprop=\"description\" class=\"subtitle \">\n    Kouluttaja Jan Knutti kertoo, millainen on siviiliss\u00e4.\n<\/p>\n<p>        <\/a><\/p>\n<p class=\"article-content article-content-width !bg-background\">Nuori nainen ilmestyi paikalle hieman kello kymmenen j\u00e4lkeen.Tumma kaunotar hymyili kuin Naantalin aurinko ja r\u00e4pl\u00e4si puhelintaan.\u00a0H\u00e4nen katseensa liikkui puhelimen ja liukuovien v\u00e4lill\u00e4.<\/p>\n<p class=\"article-content article-content-width !bg-background\">Lopulta Erikoisjoukot-Jan ilmestyi ovien v\u00e4list\u00e4, ja naiselta p\u00e4\u00e4si hento huuto. Jan k\u00e4\u00e4ntyi kohti naista ja hymyili leve\u00e4sti.<\/p>\n<p class=\"article-content article-content-width !bg-background\">\u00a0Jan ei\u00a0kuitenkaan vaikuttanut yll\u00e4ttyneelt\u00e4 siit\u00e4, ett\u00e4 nuori nainen oli h\u00e4nt\u00e4 vastassa.<\/p>\n<p class=\"article-content article-content-width !bg-background\">Nainen silitti hell\u00e4sti Janin matkalaukkua, mutta h\u00e4n ei muuten ottanut mink\u00e4\u00e4nlaista fyysist\u00e4 kontaktia Janiin.<\/p>\n<p class=\"article-content article-content-width !bg-background\">\u00a0Jan ja nainen alkoivat heti jutella innokkaina.<\/p>\n<p>                <img decoding=\"async\" src=\"https:\/\/www.europesays.com\/fi\/wp-content\/uploads\/2025\/10\/1946689.webp\" width=\"576\" height=\"495\" alt=\"Jan Knutti saapui Helsinki-Vantaan lentoasemalle syyskuussa. N\u00e4ytt\u00e4v\u00e4 kaunotar Nikki Taifuun oli h\u00e4nt\u00e4 vastassa.\" loading=\"lazy\" \/>            <\/p>\n<p>\n            Jan Knutti saapui Helsinki-Vantaan lentoasemalle syyskuussa. N\u00e4ytt\u00e4v\u00e4 kaunotar Nikki Taifuun oli h\u00e4nt\u00e4 vastassa.<br \/>\n            Monica Ollas\n        <\/p>\n<p>Erikoisjoukot-kouluttajalta outo reaktio<\/p>\n<p class=\"article-content article-content-width !bg-background\">Seiskan toimittaja l\u00e4hestyi kaksikkoa tiedustelemalla, miksi nainen oli Jania vastassa lentoasemalla. Jan suhtautui ensin reportteriin neutraalilla ilmeell\u00e4.<\/p>\n<p class=\"article-content article-content-width !bg-background\">Miehen olemus muuttui, kun toimittaja esitteli itsens\u00e4.Jan jatkoi matkaa kohti ulosk\u00e4ynti\u00e4 eik\u00e4 en\u00e4\u00e4 katsonut reportterin suuntaan.\u00a0<\/p>\n<p class=\"article-content article-content-width !bg-background\">My\u00f6s nainen keskittyi aulasta poistumiseen, mutta h\u00e4n oli selke\u00e4sti huvittunut Seiskan toimittajan l\u00e4sn\u00e4olosta.<\/p>\n<p>        <a itemprop=\"url\" href=\"https:\/\/www.seiska.fi\/kotimaa\/erikoisjoukot-kouluttajalta-pysayttava-ulostulo\/1697100\" rel=\"nofollow noopener\" target=\"_blank\"><\/p>\n<p>\nErikoisjoukot-kouluttaja\n<\/p>\n<p class=\"section-date\">\n        <strong class=\"article-section\" data-section=\"kotimaa\"><br \/>\n            kotimaa<br \/>\n        <\/strong><br \/>\n        9.5. 14:24\n    <\/p>\n<p>Erikoisjoukot-kouluttajalta pys\u00e4ytt\u00e4v\u00e4 ulostulo\n    <\/p>\n<p itemprop=\"description\" class=\"subtitle \">\n    Jan Knutti on avannut sanaisen arkkunsa saatuaan ik\u00e4v\u00e4n viestin someseuraajaltaan.\n<\/p>\n<p>        <\/a><\/p>\n<p class=\"article-content article-content-width !bg-background\">Jan tai nainen eiv\u00e4t halunneet kommentoida suhdettaan lainkaan. Seiska yritti tiedustella my\u00f6s sit\u00e4, miten Janin matka sujui, ja milt\u00e4 tuntui olla taas Suomessa.<\/p>\n<p class=\"article-content article-content-width !bg-background\">Kommentteja ei herunut.<\/p>\n<p>                <img decoding=\"async\" src=\"https:\/\/www.europesays.com\/fi\/wp-content\/uploads\/2025\/10\/1946691.webp\" width=\"576\" height=\"375\" alt=\"Nikki Taifuun tai Jan Knutti eiv\u00e4t halunneet kommentoida suhdettaan lainkaan.\" loading=\"lazy\" \/>            <\/p>\n<p>\n            Nikki Taifuun tai Jan Knutti eiv\u00e4t halunneet kommentoida suhdettaan lainkaan.<br \/>\n            Monica Ollas\n        <\/p>\n<p>Nopea irtautuminen<\/p>\n<p class=\"article-content article-content-width !bg-background\">Ulosk\u00e4ynnin kohdalla nainen siirtyi maksamaan pys\u00e4k\u00f6intimaksun.\u00a0Jan puolestaan jatkoi ulosmarssiaan ja meni lentoaseman pikaparkkipaikalla seisovalle punaiselle autolle.<\/p>\n<p class=\"article-content article-content-width !bg-background\">Erikoisjoukot-kouluttaja ilmeisesti tiesi jo etuk\u00e4teen, mill\u00e4 autolla nainen saapui h\u00e4nt\u00e4 vastaan lentoasemalle.<\/p>\n<p>        <a itemprop=\"url\" href=\"https:\/\/www.seiska.fi\/katso\/erikoisjoukot-kouluttaja-kuvattiin-ilman-paitaa-hurja-naky\/1664582\" rel=\"nofollow noopener\" target=\"_blank\"><\/p>\n<p>\nErikoisjoukot-kouluttaja\n<\/p>\n<p class=\"section-date\">\n        <strong class=\"article-section\" data-section=\"katso\"><br \/>\n            katso<br \/>\n        <\/strong><br \/>\n        3.4. 16:15\n    <\/p>\n<p>Erikoisjoukot-kouluttaja kuvattiin ilman paitaa \u2013 hurja n\u00e4ky\n    <\/p>\n<p itemprop=\"description\" class=\"subtitle \">\n    Erikoisjoukot-ohjelmassa kouluttajana n\u00e4ht\u00e4v\u00e4 Jan Knutti julkaisi kuvia kulissien takaa.\n<\/p>\n<p>        <\/a><\/p>\n<p class=\"article-content article-content-width !bg-background\">Jan joutui odottamaan, ett\u00e4 nainen avaisi punaisen paholaisen ovet.\u00a0<\/p>\n<p class=\"article-content article-content-width !bg-background\">Nainen hypp\u00e4si pikavauhtia kuskin paikalle, ja Jan heitti laukkunsa autoon. Kaksikko kurvasi pikavauhtia pois paikalta.<\/p>\n<p class=\"article-content article-content-width !bg-background\">Seiskan tietojen mukaan nainen on Ylen sarjastakin tuttu  , 35.<\/p>\n<p><script async src=\"\/\/www.instagram.com\/embed.js\"><\/script><\/p>\n","protected":false},"excerpt":{"rendered":"Jan Knutti, Nikki Taifuun Atte Kajova, Monica Ollas Entisen ammattisotilaan ja kaunottaren l\u00e4heiset v\u00e4lit her\u00e4tt\u00e4v\u00e4t h\u00e4mmennyst\u00e4. Kun Jan&hellip;\n","protected":false},"author":2,"featured_media":51065,"comment_status":"","ping_status":"","sticky":false,"template":"","format":"standard","meta":{"footnotes":""},"categories":[136],"tags":[407,137,2159,33,31,30,7845,2160,408,12622,7844,12623,651,32,109],"class_list":{"0":"post-51064","1":"post","2":"type-post","3":"status-publish","4":"format-standard","5":"has-post-thumbnail","7":"category-julkkikset","8":"tag-celebrities","9":"tag-entertainment","10":"tag-erikoisjoukot","11":"tag-fi","12":"tag-finland","13":"tag-finnish","14":"tag-helsinki-vantaa","15":"tag-jan-knutti","16":"tag-julkkikset","17":"tag-julkkiskaunotar","18":"tag-lentoasema","19":"tag-nikki-taifuun","20":"tag-suhteet","21":"tag-suomi","22":"tag-viihde"},"share_on_mastodon":{"url":"","error":""},"_links":{"self":[{"href":"https:\/\/www.europesays.com\/fi\/wp-json\/wp\/v2\/posts\/51064","targetHints":{"allow":["GET"]}}],"collection":[{"href":"https:\/\/www.europesays.com\/fi\/wp-json\/wp\/v2\/posts"}],"about":[{"href":"https:\/\/www.europesays.com\/fi\/wp-json\/wp\/v2\/types\/post"}],"author":[{"embeddable":true,"href":"https:\/\/www.europesays.com\/fi\/wp-json\/wp\/v2\/users\/2"}],"replies":[{"embeddable":true,"href":"https:\/\/www.europesays.com\/fi\/wp-json\/wp\/v2\/comments?post=51064"}],"version-history":[{"count":0,"href":"https:\/\/www.europesays.com\/fi\/wp-json\/wp\/v2\/posts\/51064\/revisions"}],"wp:featuredmedia":[{"embeddable":true,"href":"https:\/\/www.europesays.com\/fi\/wp-json\/wp\/v2\/media\/51065"}],"wp:attachment":[{"href":"https:\/\/www.europesays.com\/fi\/wp-json\/wp\/v2\/media?parent=51064"}],"wp:term":[{"taxonomy":"category","embeddable":true,"href":"https:\/\/www.europesays.com\/fi\/wp-json\/wp\/v2\/categories?post=51064"},{"taxonomy":"post_tag","embeddable":true,"href":"https:\/\/www.europesays.com\/fi\/wp-json\/wp\/v2\/tags?post=51064"}],"curies":[{"name":"wp","href":"https:\/\/api.w.org\/{rel}","templated":true}]}}