{"id":51066,"date":"2025-10-02T02:48:14","date_gmt":"2025-10-02T02:48:14","guid":{"rendered":"https:\/\/www.europesays.com\/fi\/51066\/"},"modified":"2025-10-02T02:48:14","modified_gmt":"2025-10-02T02:48:14","slug":"tanaan-tvssa-vuoden-1990-oscar-menestys-palautti-uskon-lannenelokuvaan-nyt-erikoispitkana-ohjaajan-versiona","status":"publish","type":"post","link":"https:\/\/www.europesays.com\/fi\/51066\/","title":{"rendered":"T\u00e4n\u00e4\u00e4n tv:ss\u00e4: Vuoden 1990 Oscar-menestys palautti uskon l\u00e4nnenelokuvaan \u2013 Nyt erikoispitk\u00e4n\u00e4 ohjaajan versiona"},"content":{"rendered":"<p>Tanssii susien kanssa oli valmistumisvuotensa 1990 suuria yll\u00e4tyksi\u00e4. Western tuntui kummalliselta menneen maailman tuulahdukselta nousukauden huipulla Pretty Womanin, Total Recallin sek\u00e4 Kummiset\u00e4 III:n ja Mafiaveljien kaltaisten mafialeffojen rinnalla. Poikkeava teos erottui kuitenkin massasta ja nousi valtavaksi menestykseksi, joka tuotti moninkertaisesti budjettinsa takaisin ja voitti seitsem\u00e4n Oscaria, muun muassa parhaan elokuvan ja ohjauksen palkinnot.<\/p>\n<p><strong>Kevin Costner <\/strong>esitt\u00e4\u00e4 p\u00e4\u00e4osaa klassikoksi nousseeksi elokuvaksi, joka oli samalla h\u00e4nen debyyttiohjauksensa. Costner esitt\u00e4\u00e4 sis\u00e4llissodan upseeria nimelt\u00e4 John Dunbari, joka saa komennuksen yksin\u00e4iselle rajalinnoitukselle preerialle. Yksin\u00e4isyys johdattaa h\u00e4net kohtaamaan Lakota-intiaanit, joiden parissa h\u00e4n l\u00f6yt\u00e4\u00e4 uuden el\u00e4m\u00e4n ja merkityksen. Elokuvan vahvuuksia ovat sen visuaaliset maisemat, <strong>John Barryn<\/strong> kaunis musiikki ja koskettava tarina kulttuurien kohtaamisesta rajakauden Amerikassa.<\/p>\n<p>Costnerin lis\u00e4ksi mukana ovat <strong>Mary McDonnell, Graham Greene<\/strong> ja<strong> Rodney A. Grant. <\/strong>Loppu on avoimen liikuttava ja vihjaa jo niihin historian k\u00e4\u00e4nteisiin, jotka on kuvattu esimerkiksi <strong>Dee Brownin <\/strong>klassikkoteoksessa Haudatkaa syd\u00e4meni Wounded Kneehen. Ajan my\u00f6t\u00e4 Tanssii susien kanssa on patinoitunut klassikoksi, jonka vaikutus l\u00e4nnenelokuvan uudistajana on kiistaton.<\/p>\n<p>Lue my\u00f6s: <a href=\"https:\/\/www.episodi.fi\/uutiset\/tanssii-susien-kanssa-legenda-graham-greene-on-kuollut\/\" title=\"Tanssii susien kanssa -legenda Graham Greene on kuollut\" class=\"underline-custom !font-montserrat !font-bold !underline-offset-4 !decoration-4 !decoration-episodi-blue !text-md\" rel=\"nofollow noopener\" target=\"_blank\">Tanssii susien kanssa -legenda Graham Greene on kuollut<\/a><\/p>\n<p>Tanssii susien kanssa n\u00e4hd\u00e4\u00e4n Yle Teemalla keskiviikkona 1.10.2025 klo 21.00. Elokuvasta esitet\u00e4\u00e4n erikoispitk\u00e4 ohjaajan versio, jonka kesto on 3 t 44 min. Areenassa 14.11.2025 saakka. Kuuntele alta elokuvan tunnusmusiikki.<\/p>\n<p><img loading=\"lazy\" decoding=\"async\" alt=\"YouTube video\" width=\"480\" height=\"360\" data-pin-nopin=\"true\" nopin=\"nopin\" class=\"perfmatters-lazy\" src=\"https:\/\/www.europesays.com\/fi\/wp-content\/uploads\/2025\/10\/1759373294_518_hqdefault.jpg\"\/><\/p>\n<p>Lue my\u00f6s: <a href=\"https:\/\/www.episodi.fi\/uutiskirje\/?uutiskirjemainos=tekstilinkkimainos\" title=\"Tilaa Episodin uutiskirje ja voit voittaa leffalippuja! Nappaa tv-vinkit suoraan s\u00e4hk\u00f6postiin t\u00e4st\u00e4.\" class=\"underline-custom !font-montserrat !font-bold !underline-offset-4 !decoration-4 !decoration-episodi-blue !text-md\" rel=\"nofollow noopener\" target=\"_blank\">Tilaa Episodin uutiskirje ja voit voittaa leffalippuja! Nappaa katseluvinkit suoraan s\u00e4hk\u00f6postiin t\u00e4st\u00e4.<\/a><\/p>\n","protected":false},"excerpt":{"rendered":"Tanssii susien kanssa oli valmistumisvuotensa 1990 suuria yll\u00e4tyksi\u00e4. Western tuntui kummalliselta menneen maailman tuulahdukselta nousukauden huipulla Pretty Womanin,&hellip;\n","protected":false},"author":2,"featured_media":51067,"comment_status":"","ping_status":"","sticky":false,"template":"","format":"standard","meta":{"footnotes":""},"categories":[133],"tags":[137,33,31,30,32,206,139,156,109,913],"class_list":{"0":"post-51066","1":"post","2":"type-post","3":"status-publish","4":"format-standard","5":"has-post-thumbnail","7":"category-televisiot","8":"tag-entertainment","9":"tag-fi","10":"tag-finland","11":"tag-finnish","12":"tag-suomi","13":"tag-televisiot","14":"tag-tv-ohjelmat","15":"tag-tv","16":"tag-viihde","17":"tag-yle-areena"},"share_on_mastodon":{"url":"","error":""},"_links":{"self":[{"href":"https:\/\/www.europesays.com\/fi\/wp-json\/wp\/v2\/posts\/51066","targetHints":{"allow":["GET"]}}],"collection":[{"href":"https:\/\/www.europesays.com\/fi\/wp-json\/wp\/v2\/posts"}],"about":[{"href":"https:\/\/www.europesays.com\/fi\/wp-json\/wp\/v2\/types\/post"}],"author":[{"embeddable":true,"href":"https:\/\/www.europesays.com\/fi\/wp-json\/wp\/v2\/users\/2"}],"replies":[{"embeddable":true,"href":"https:\/\/www.europesays.com\/fi\/wp-json\/wp\/v2\/comments?post=51066"}],"version-history":[{"count":0,"href":"https:\/\/www.europesays.com\/fi\/wp-json\/wp\/v2\/posts\/51066\/revisions"}],"wp:featuredmedia":[{"embeddable":true,"href":"https:\/\/www.europesays.com\/fi\/wp-json\/wp\/v2\/media\/51067"}],"wp:attachment":[{"href":"https:\/\/www.europesays.com\/fi\/wp-json\/wp\/v2\/media?parent=51066"}],"wp:term":[{"taxonomy":"category","embeddable":true,"href":"https:\/\/www.europesays.com\/fi\/wp-json\/wp\/v2\/categories?post=51066"},{"taxonomy":"post_tag","embeddable":true,"href":"https:\/\/www.europesays.com\/fi\/wp-json\/wp\/v2\/tags?post=51066"}],"curies":[{"name":"wp","href":"https:\/\/api.w.org\/{rel}","templated":true}]}}