{"id":51068,"date":"2025-10-02T02:49:09","date_gmt":"2025-10-02T02:49:09","guid":{"rendered":"https:\/\/www.europesays.com\/fi\/51068\/"},"modified":"2025-10-02T02:49:09","modified_gmt":"2025-10-02T02:49:09","slug":"norjan-yleisradio-syyttaa-suomi-mukana-hiihdon-salajuonessa","status":"publish","type":"post","link":"https:\/\/www.europesays.com\/fi\/51068\/","title":{"rendered":"Norjan yleisradio syytt\u00e4\u00e4: Suomi mukana hiihdon salajuonessa"},"content":{"rendered":"<p>Marleena Valtasola kiist\u00e4\u00e4 Suomen laittaneen nime\u00e4 paperiin.<\/p>\n<p><img decoding=\"async\" class=\"image image-show image-preview\" src=\"https:\/\/www.europesays.com\/fi\/wp-content\/uploads\/2025\/10\/33f274c90fe25a9468cd4dbe8e37c555d59d1b44c34c97d0214ded893039d19a.jpg\" alt=\"\"\/><img decoding=\"async\" class=\"image image-show\" src=\"https:\/\/www.europesays.com\/fi\/wp-content\/uploads\/2025\/10\/1759373348_381_33f274c90fe25a9468cd4dbe8e37c555d59d1b44c34c97d0214ded893039d19a.jpg\" alt=\"\"\/><\/p>\n<p>Johan Eliaschilla on paljon vastustajia. EPA \/ AOP<\/p>\n<p class=\"paragraph\">Suomi oli mukana juonittelemassa vallankaappausta Kansainv\u00e4lisess\u00e4 hiihtoliitossa, Norjan yleisradio <a href=\"https:\/\/www.nrk.no\/sport\/nrk-erfarer_-slik-provde-norge-a-kuppe-presidenten-i-fis_-johan-eliasch-1.17583896\" target=\"_blank\" rel=\"noopener nofollow\">NRK<\/a> uutisoi.<\/p>\n<p class=\"paragraph\">NRK:n tietojan mukaan muun muassa Norjan, Suomen, Saksan, It\u00e4vallan, Sveitsin ja USA:n liitot suunnittelivat Fisin puheenjohtajan <a href=\"https:\/\/www.iltalehti.fi\/henkilot\/Johan Eliasch\" class=\"article-link-person-page\" rel=\"nofollow noopener\" target=\"_blank\">Johan Eliaschin<\/a> syrj\u00e4ytt\u00e4mist\u00e4 viime helmikuussa.<\/p>\n<p class=\"paragraph\">Suomi ja muut liitot yrittiv\u00e4t haalia tukijoita omalle suunnitelmalleen Saalbachissa k\u00e4ytyjen alppihiihdon MM-kisojen yhteydess\u00e4.<\/p>\n<p class=\"paragraph\">\u2013 Siell\u00e4 oli tapaamisia joka nurkassa. Tunnelma oli erikoinen, NRK:n l\u00e4hde kertoo.<\/p>\n<p class=\"paragraph\">Useat Fisin j\u00e4senmaat, kuten Norja, ovat ilmaisseet avoimesti vastustavansa Eliaschia ja t\u00e4m\u00e4n johtamistyyli\u00e4.<\/p>\n<p class=\"paragraph\">Suomen hiihtoliiton toiminnanjohtaja <strong>Marleena Valtasola<\/strong> kiist\u00e4\u00e4 NRK:n jutussa, ett\u00e4 Suomi olisi laittanut nime\u00e4 esitykseen, jossa vaadittiin Eliaschin korvaamista.<\/p>\n<p class=\"paragraph\">\u2013 Olemme olleet tietoisia t\u00e4st\u00e4 aloitteesta jo vuoden. Emme kuitenkaan ole allekirjoittaneet sit\u00e4. Meill\u00e4 ei ole enemp\u00e4\u00e4 kommentoitavaa, Valtasola ilmoitti.<\/p>\n<p>Marleena Valtasola nimitettiin Hiihtoliiton toiminnanjohtajaksi joulukuussa 2024. PASI LIESIMAA<\/p>\n<p class=\"paragraph\">NRK:n mukaan Norjalla ja muilla liitoilla ei ollut ehdottaa toista henkil\u00f6\u00e4 Eliaschin tilalle. Nykyisest\u00e4 puheenjohtajasta haluttiin vain p\u00e4\u00e4st\u00e4 eroon.<\/p>\n<p class=\"paragraph\">Lopulta potkuvaatimusta ei viety loppuun asti.<\/p>\n<p class=\"paragraph\">\u2013 Se oli puolivillainen viritys. Vasta viimeisess\u00e4 kokouksessa pari tuntia ennen m\u00e4\u00e4r\u00e4aikaa my\u00f6nnettiin, ettei siit\u00e4 tulisi mit\u00e4\u00e4n, NRK:n l\u00e4hde kommentoi.<\/p>\n<p><a href=\"https:\/\/www.iltalehti.fi\/telkku\/?utm_source=iltalehti.fi&amp;utm_medium=almainternal&amp;utm_campaign=urheilu_artikkelibanneri&amp;utm_content=banner_612_a\" rel=\"nofollow noopener\" target=\"_blank\"><img decoding=\"async\" src=\"https:\/\/www.europesays.com\/fi\/wp-content\/uploads\/2025\/08\/7ef604e47d46ca174b7df4149bd3557dbde56a86d520f8e1b2125548b0a2e03a.png\" alt=\"TV-ohjelmat t\u00e4n\u00e4\u00e4n, TV-opas\"\/><\/a><\/p>\n","protected":false},"excerpt":{"rendered":"Marleena Valtasola kiist\u00e4\u00e4 Suomen laittaneen nime\u00e4 paperiin. Johan Eliaschilla on paljon vastustajia. EPA \/ AOP Suomi oli mukana&hellip;\n","protected":false},"author":2,"featured_media":51069,"comment_status":"","ping_status":"","sticky":false,"template":"","format":"standard","meta":{"footnotes":""},"categories":[132],"tags":[35,137,33,31,30,1511,41,1616,195,47,637,979,32,109],"class_list":{"0":"post-51068","1":"post","2":"type-post","3":"status-publish","4":"format-standard","5":"has-post-thumbnail","7":"category-musiikki","8":"tag-24h","9":"tag-entertainment","10":"tag-fi","11":"tag-finland","12":"tag-finnish","13":"tag-joukkoviestinta","14":"tag-liikunta-ja-urheilu","15":"tag-media-viestinta","16":"tag-music","17":"tag-musiikki","18":"tag-politiikka","19":"tag-sahkoinen-media","20":"tag-suomi","21":"tag-viihde"},"share_on_mastodon":{"url":"","error":""},"_links":{"self":[{"href":"https:\/\/www.europesays.com\/fi\/wp-json\/wp\/v2\/posts\/51068","targetHints":{"allow":["GET"]}}],"collection":[{"href":"https:\/\/www.europesays.com\/fi\/wp-json\/wp\/v2\/posts"}],"about":[{"href":"https:\/\/www.europesays.com\/fi\/wp-json\/wp\/v2\/types\/post"}],"author":[{"embeddable":true,"href":"https:\/\/www.europesays.com\/fi\/wp-json\/wp\/v2\/users\/2"}],"replies":[{"embeddable":true,"href":"https:\/\/www.europesays.com\/fi\/wp-json\/wp\/v2\/comments?post=51068"}],"version-history":[{"count":0,"href":"https:\/\/www.europesays.com\/fi\/wp-json\/wp\/v2\/posts\/51068\/revisions"}],"wp:featuredmedia":[{"embeddable":true,"href":"https:\/\/www.europesays.com\/fi\/wp-json\/wp\/v2\/media\/51069"}],"wp:attachment":[{"href":"https:\/\/www.europesays.com\/fi\/wp-json\/wp\/v2\/media?parent=51068"}],"wp:term":[{"taxonomy":"category","embeddable":true,"href":"https:\/\/www.europesays.com\/fi\/wp-json\/wp\/v2\/categories?post=51068"},{"taxonomy":"post_tag","embeddable":true,"href":"https:\/\/www.europesays.com\/fi\/wp-json\/wp\/v2\/tags?post=51068"}],"curies":[{"name":"wp","href":"https:\/\/api.w.org\/{rel}","templated":true}]}}