{"id":51081,"date":"2025-10-02T03:16:08","date_gmt":"2025-10-02T03:16:08","guid":{"rendered":"https:\/\/www.europesays.com\/fi\/51081\/"},"modified":"2025-10-02T03:16:08","modified_gmt":"2025-10-02T03:16:08","slug":"schwarzenegger-on-pohjannut-yhden-roolihahmonsa-naisnayttelijaan-kyseinen-toimintapatka-nakyy-illalla-televisiosta","status":"publish","type":"post","link":"https:\/\/www.europesays.com\/fi\/51081\/","title":{"rendered":"Schwarzenegger on pohjannut yhden roolihahmonsa naisn\u00e4yttelij\u00e4\u00e4n &#8211; kyseinen toimintap\u00e4tk\u00e4 n\u00e4kyy illalla televisiosta"},"content":{"rendered":"<p>Illan tv-ohjelmistossa n\u00e4hd\u00e4\u00e4n toimintakomedia Punainen vaara (1988), joka toi aikoinaan uudenlaista otetta perinteiseen buddy cop -genreen.<\/p>\n<p>T\u00e4ll\u00e4 kertaa kaksikon muodostavat erikoisemmat hahmot. <strong>Arnold Schwarzenegger <\/strong>esitt\u00e4\u00e4 neuvostomiliisi Ivan Dankoa, joka ly\u00f6tt\u00e4ytyy yhteen amerikkalaisen poliisin, Ridzikin, kanssa. Yhdess\u00e4 heid\u00e4n on pys\u00e4ytett\u00e4v\u00e4 vaarallinen huumepomo Rostavili.<\/p>\n<p>Ohjaajana <strong>Walter Hill<\/strong>. N\u00e4yttelij\u00f6in\u00e4 Schwarzeneggerin lis\u00e4ksi <strong>Jim Belushi<\/strong>, <strong>Peter Boyle<\/strong> sek\u00e4 <strong>Ed O\u2019Ross<\/strong>.<\/p>\n<p>Ohjaaja Walter Hill piti Schwarzeneggeria liian lihaksikkaana, joten h\u00e4n pyysi t\u00e4t\u00e4 pudottamaan painoaan kymmenen kiloa. Hillill\u00e4 oli my\u00f6s erikoisempi pyynt\u00f6 Arskalle, sill\u00e4 h\u00e4n pyysi t\u00e4t\u00e4 katsomaan elokuvan Ninotchka (1939), ja perustavan roolihahmonsa naist\u00e4hti <strong>Greta Garbon <\/strong>roolisuoritukseen. Hillin mukaan Schwarzenegger sai heti ideasta kiinni.<\/p>\n<p>Suurin osa Neuvostoliittoon sijoittuvista kohtauksista kuvattiin Unkarissa, mutta tekij\u00e4t onnistuivat pienell\u00e4 tiimill\u00e4 kuvaamaan p\u00e4tk\u00e4n Moskovan Punaisella torilla.<\/p>\n<p>Elokuvan kriitikkomittari Rotten Tomatoesissa on luvussa 67. Alla traileri.<\/p>\n<p>Tulevat l\u00e4hetykset:<\/p>\n<ul class=\"wp-block-list\">\n<li>To 2.10.2025 klo 21.00 \u00b7 MTV Sub<\/li>\n<li>Ke 8.10.2025 klo 23.15 \u00b7 MTV Sub<\/li>\n<\/ul>\n<p>Lue my\u00f6s: <a href=\"https:\/\/www.episodi.fi\/uutiset\/toinen-kerta-toden-sanoo-stephen-kingin-kirjasta-tehtiin-uskollinen-elokuvaversio\/\" title=\"Toinen kerta toden sanoo \u2013\u00a0Stephen Kingin kirjasta tehtiin uskollinen elokuvaversio\" class=\"underline-custom !font-montserrat !font-bold !underline-offset-4 !decoration-4 !decoration-episodi-blue !text-md\" rel=\"nofollow noopener\" target=\"_blank\">Toinen kerta toden sanoo \u2013\u00a0Stephen Kingin kirjasta tehtiin uskollinen elokuvaversio<\/a><\/p>\n<p>Lue my\u00f6s: <a href=\"https:\/\/www.episodi.fi\/uutiset\/tiesitko-tata-arnold-schwarzenegger-treenasi-itsensa-verille-terminator-2-elokuvaa-varten-parin-sekunnin-takia\/\" title=\"Tiesitk\u00f6 t\u00e4t\u00e4? Arnold Schwarzenegger treenasi itsens\u00e4 verille Terminator 2 -elokuvaa varten \u2013 parin sekunnin takia\" class=\"underline-custom !font-montserrat !font-bold !underline-offset-4 !decoration-4 !decoration-episodi-blue !text-md\" rel=\"nofollow noopener\" target=\"_blank\">Tiesitk\u00f6 t\u00e4t\u00e4? Arnold Schwarzenegger treenasi itsens\u00e4 verille Terminator 2 -elokuvaa varten \u2013 parin sekunnin takia<\/a><\/p>\n<p>Lue my\u00f6s: <a href=\"https:\/\/www.episodi.fi\/uutiset\/schwarzenegger-salamurhatusta-charlie-kirkista-han-oli-mahtava-republikaanien-asioiden-puolestapuhuja\/\" title=\"Schwarzenegger salamurhatusta Charlie Kirkist\u00e4: \u201dH\u00e4n oli mahtava republikaanien asioiden puolestapuhuja\u201d\" class=\"underline-custom !font-montserrat !font-bold !underline-offset-4 !decoration-4 !decoration-episodi-blue !text-md\" rel=\"nofollow noopener\" target=\"_blank\">Schwarzenegger salamurhatusta Charlie Kirkist\u00e4: \u201dH\u00e4n oli mahtava republikaanien asioiden puolestapuhuja\u201d<\/a><\/p>\n<p>Lue my\u00f6s: <a href=\"https:\/\/www.episodi.fi\/uutiset\/nyt-ilmaiskatselussa-kultaista-kasaritoimintaa-vietnam-sotavangit-ja-ylivoimainen-chuck-norris\/\" title=\"Nyt ilmaiskatselussa: Kultaista kasaritoimintaa \u2013 Vietnam, sotavangit ja ylivoimainen Chuck Norris\" class=\"underline-custom !font-montserrat !font-bold !underline-offset-4 !decoration-4 !decoration-episodi-blue !text-md\" rel=\"nofollow noopener\" target=\"_blank\">Nyt ilmaiskatselussa: Kultaista kasaritoimintaa \u2013 Vietnam, sotavangit ja ylivoimainen Chuck Norris<\/a><\/p>\n<p><img loading=\"lazy\" decoding=\"async\" alt=\"YouTube video\" width=\"480\" height=\"360\" data-pin-nopin=\"true\" nopin=\"nopin\" class=\"perfmatters-lazy\" src=\"https:\/\/www.europesays.com\/fi\/wp-content\/uploads\/2025\/10\/1759374968_304_hqdefault.jpg\"\/><\/p>\n<p>L\u00e4hde: <a href=\"https:\/\/www.imdb.com\/title\/tt0095963\/trivia\/\" target=\"_blank\" rel=\"noreferrer noopener nofollow\">IMDb<\/a><\/p>\n<p>Lue my\u00f6s: <a href=\"https:\/\/www.episodi.fi\/uutiskirje\/?uutiskirjemainos=tekstilinkkimainos\" title=\"Tilaa Episodin uutiskirje ja voit voittaa leffalippuja! Nappaa tv-vinkit suoraan s\u00e4hk\u00f6postiin t\u00e4st\u00e4.\" class=\"underline-custom !font-montserrat !font-bold !underline-offset-4 !decoration-4 !decoration-episodi-blue !text-md\" rel=\"nofollow noopener\" target=\"_blank\">Tilaa Episodin uutiskirje ja voit voittaa leffalippuja! Nappaa katseluvinkit suoraan s\u00e4hk\u00f6postiin t\u00e4st\u00e4.<\/a><\/p>\n","protected":false},"excerpt":{"rendered":"Illan tv-ohjelmistossa n\u00e4hd\u00e4\u00e4n toimintakomedia Punainen vaara (1988), joka toi aikoinaan uudenlaista otetta perinteiseen buddy cop -genreen. T\u00e4ll\u00e4 kertaa&hellip;\n","protected":false},"author":2,"featured_media":51082,"comment_status":"","ping_status":"","sticky":false,"template":"","format":"standard","meta":{"footnotes":""},"categories":[131],"tags":[155,137,33,173,31,30,172,32,139,109],"class_list":{"0":"post-51081","1":"post","2":"type-post","3":"status-publish","4":"format-standard","5":"has-post-thumbnail","7":"category-elokuvat","8":"tag-elokuvat","9":"tag-entertainment","10":"tag-fi","11":"tag-film","12":"tag-finland","13":"tag-finnish","14":"tag-movies","15":"tag-suomi","16":"tag-tv-ohjelmat","17":"tag-viihde"},"share_on_mastodon":{"url":"","error":""},"_links":{"self":[{"href":"https:\/\/www.europesays.com\/fi\/wp-json\/wp\/v2\/posts\/51081","targetHints":{"allow":["GET"]}}],"collection":[{"href":"https:\/\/www.europesays.com\/fi\/wp-json\/wp\/v2\/posts"}],"about":[{"href":"https:\/\/www.europesays.com\/fi\/wp-json\/wp\/v2\/types\/post"}],"author":[{"embeddable":true,"href":"https:\/\/www.europesays.com\/fi\/wp-json\/wp\/v2\/users\/2"}],"replies":[{"embeddable":true,"href":"https:\/\/www.europesays.com\/fi\/wp-json\/wp\/v2\/comments?post=51081"}],"version-history":[{"count":0,"href":"https:\/\/www.europesays.com\/fi\/wp-json\/wp\/v2\/posts\/51081\/revisions"}],"wp:featuredmedia":[{"embeddable":true,"href":"https:\/\/www.europesays.com\/fi\/wp-json\/wp\/v2\/media\/51082"}],"wp:attachment":[{"href":"https:\/\/www.europesays.com\/fi\/wp-json\/wp\/v2\/media?parent=51081"}],"wp:term":[{"taxonomy":"category","embeddable":true,"href":"https:\/\/www.europesays.com\/fi\/wp-json\/wp\/v2\/categories?post=51081"},{"taxonomy":"post_tag","embeddable":true,"href":"https:\/\/www.europesays.com\/fi\/wp-json\/wp\/v2\/tags?post=51081"}],"curies":[{"name":"wp","href":"https:\/\/api.w.org\/{rel}","templated":true}]}}