{"id":51086,"date":"2025-10-02T03:23:09","date_gmt":"2025-10-02T03:23:09","guid":{"rendered":"https:\/\/www.europesays.com\/fi\/51086\/"},"modified":"2025-10-02T03:23:09","modified_gmt":"2025-10-02T03:23:09","slug":"trump-paasti-rokotekriitikot-paattamaan-rokotteista-laakareita-hirvittaa-ulkomaat","status":"publish","type":"post","link":"https:\/\/www.europesays.com\/fi\/51086\/","title":{"rendered":"Trump p\u00e4\u00e4sti rokotekriitikot p\u00e4\u00e4tt\u00e4m\u00e4\u00e4n rokotteista \u2013 l\u00e4\u00e4k\u00e4reit\u00e4 hirvitt\u00e4\u00e4 | Ulkomaat"},"content":{"rendered":"<p>Juttu tiivistettyn\u00e4<\/p>\n<ul class=\"aw-1jjocuh iJTSwP yle__article__list yle__article__list--ul\">\n<li class=\"aw-1j7gwms kUeLji\">Donald Trump v\u00e4itti, ett\u00e4 parasetamolin k\u00e4ytt\u00f6 raskauden aikana aiheuttaa autismia, mutta asiantuntijat kumoavat v\u00e4itteen.<\/li>\n<li class=\"aw-1j7gwms kUeLji\">WHO ja muut asiantuntijat varoittavat, ettei Trumpin v\u00e4itteelle ole tieteellist\u00e4 n\u00e4ytt\u00f6\u00e4.<\/li>\n<li class=\"aw-1j7gwms kUeLji\">Terveysministeri Robert Kennedy Jr. on erottanut rokotealan asiantuntijoita ja nimitt\u00e4nyt rokotteiden kritisoijia komiteaan.<\/li>\n<li class=\"aw-1j7gwms kUeLji\">Rokotekomitean ep\u00e4selv\u00e4t p\u00e4\u00e4t\u00f6kset voivat heikent\u00e4\u00e4 rokotuskattavuutta ja siten lis\u00e4t\u00e4 tautiriski\u00e4 Yhdysvalloissa.<\/li>\n<\/ul>\n<p class=\"aw-1gybjub aw-1p7kakr cmIuaG fmSRng yle__article__paragraph\">T\u00e4m\u00e4 on teko\u00e4lyn avulla tuotettu, toimittajan tarkistama tiivistelm\u00e4.<\/p>\n<p class=\"aw-1gybjub aw-1p7kakr cmIuaG fmSRng yle__article__paragraph\">Yhdysvaltain presidentti <strong class=\"aw-ak79eh KyCXm yle__article__strong\">Donald Trump<\/strong> julisti viime viikon maanantaina, ett\u00e4 raskaana olevien naisten parasetamolin k\u00e4ytt\u00f6 aiheuttaa autismia.<\/p>\n<p class=\"aw-1gybjub aw-1p7kakr cmIuaG fmSRng yle__article__paragraph\"><a class=\"aw-iao6s4 iHOxEa yle__article__link\" href=\"https:\/\/yle.fi\/a\/74-20184471\" role=\"link\" rel=\"nofollow noopener\" target=\"_blank\">Asiantuntijat<\/a>, maailman terveysj\u00e4rjest\u00f6 WHO:sta alkaen totesivat, ett\u00e4 t\u00e4st\u00e4 ei ole mit\u00e4\u00e4n varmaa tieteellist\u00e4 n\u00e4ytt\u00f6\u00e4.<\/p>\n<p class=\"aw-1gybjub aw-1p7kakr cmIuaG fmSRng yle__article__paragraph\">Parasetamoli on yksi harvoista raskaana oleville naisille suositelluista kipul\u00e4\u00e4kkeist\u00e4.<\/p>\n<p class=\"aw-1gybjub aw-1p7kakr cmIuaG fmSRng yle__article__paragraph\"><strong class=\"aw-ak79eh KyCXm yle__article__strong\">Trump kehotti kuitenkin naisia mieluummin k\u00e4rsim\u00e4\u00e4n kivusta kuin ottamaan l\u00e4\u00e4kett\u00e4:<\/strong><\/p>\n<p class=\"aw-1gybjub aw-1p7kakr cmIuaG fmSRng yle__article__paragraph\">\u2013 T\u00e4m\u00e4 lis\u00e4\u00e4 ahdistusta. T\u00e4llainen saattaa ohjata raskaana olevia naisia tekem\u00e4\u00e4n asioita l\u00e4\u00e4k\u00e4rins\u00e4 neuvojen vastaisesti, autismiasiantuntija, l\u00e4\u00e4k\u00e4ri <strong class=\"aw-ak79eh KyCXm yle__article__strong\">Audrey Brumback<\/strong> Texasin yliopistosta sanoi huolestuneena Reutersin haastattelussa.<\/p>\n<p class=\"aw-1gybjub aw-1p7kakr cmIuaG fmSRng yle__article__paragraph\">Trump ja h\u00e4nen terveysministerins\u00e4 <strong class=\"aw-ak79eh KyCXm yle__article__strong\">Robert Kennedy Jr.:n<\/strong> lehdist\u00f6tilaisuus oli vain yksi esimerkki tavasta, jolla Trumpin hallinto on politisoinut terveytt\u00e4 koskevan tieteen.<\/p>\n<p class=\"aw-1gybjub aw-1p7kakr cmIuaG fmSRng yle__article__paragraph\">Kennedy on my\u00f6s antanut potkuja keskeisille terveysvirkamiehille ja nimitt\u00e4nyt rokotteita suosittelevaan komiteaan ihmisi\u00e4, jotka ovat vastustaneet rokotuksia.<\/p>\n<p class=\"aw-1gybjub aw-1p7kakr cmIuaG fmSRng yle__article__paragraph\">Vaikuttaa silt\u00e4, ett\u00e4 Trump ja Kennedy valikoivat l\u00e4\u00e4ketieteellisist\u00e4 tai ep\u00e4tieteellisist\u00e4 tutkimuksista juuri ne todisteet, jotka tukevat heid\u00e4n omia uskomuksiaan.<\/p>\n<p class=\"aw-1gybjub aw-1p7kakr cmIuaG fmSRng yle__article__paragraph\">Lukuisat l\u00e4\u00e4k\u00e4rit ja l\u00e4\u00e4ketieteelliset yhdistykset ovat olleet huolissaan siit\u00e4, ett\u00e4 hallinto ei en\u00e4\u00e4 arvioi rokotteiden ja l\u00e4\u00e4kkeiden hy\u00f6tyj\u00e4 tai haittavaikutuksia huolellisesti ja kokonaisuutena.<\/p>\n<p>Tohtori Trumpin klinikka<\/p>\n<p class=\"aw-1gybjub aw-1p7kakr cmIuaG fmSRng yle__article__paragraph\">Ilman l\u00e4\u00e4ketieteellist\u00e4 koulutusta oleva Yhdysvaltain presidentti esitti samassa tilaisuudessa muitakin omia tulkintojaan.<\/p>\n<p class=\"aw-1gybjub aw-1p7kakr cmIuaG fmSRng yle__article__paragraph\">Trump v\u00e4itti, ett\u00e4 lapsiin pumpataan rokotteita kuin hevosiin. H\u00e4nen mukaansa pienet lapset saavat jopa 80 erilaista rokotusta. Oikeasti Yhdysvaltain rokoteohjelmassa annetaan ihmiselle noin 30 erilaista rokotusta ennen 18-vuotisp\u00e4iv\u00e4\u00e4.<\/p>\n<p class=\"aw-1gybjub aw-1p7kakr cmIuaG fmSRng yle__article__paragraph\">Trumpin mielest\u00e4 Suomessakin rokoteohjelmaan kuuluva MPR-yhdistelm\u00e4rokote pit\u00e4isi jakaa osiin. MPR suojaa tuhkarokolta, sikotaudilta ja vihurirokolta.<\/p>\n<p class=\"aw-1gybjub aw-1p7kakr cmIuaG fmSRng yle__article__paragraph\">\u2013 MPR pit\u00e4isi ottaa erikseen. T\u00e4m\u00e4 pohjaa siihen, milt\u00e4 minusta tuntuu, Trump perusteli.<\/p>\n<p><img decoding=\"async\" alt=\"Nuori poika saa rokotuksen olkap\u00e4\u00e4h\u00e4n. \" src=\"https:\/\/www.europesays.com\/fi\/wp-content\/uploads\/2025\/10\/39-153143068dd1b53d074b.jpeg\" loading=\"lazy\" class=\"aw-1l9m598 hKVVvP\"\/><\/p>\n<p>Avaa kuvien katselu<\/p>\n<p>Yhdeks\u00e4nvuotias Jexer Brayan sai MPR-rokotuksen Texasissa maaliskuussa 2025.  Kuva: Annie Rice \/ EPA<\/p>\n<p class=\"aw-1gybjub aw-1p7kakr cmIuaG fmSRng yle__article__paragraph\">Trumpin mielest\u00e4 hepatiitti B -rokotetta ei pit\u00e4isi antaa lapsille, sill\u00e4 \u201dhepatiitti B levi\u00e4\u00e4 seksin v\u00e4lityksell\u00e4\u201d. H\u00e4n sanoi, ett\u00e4 rokotukset voisi aloittaa vasta 12-vuotiaana.<\/p>\n<p class=\"aw-1gybjub aw-1p7kakr cmIuaG fmSRng yle__article__paragraph\">On totta, ett\u00e4 hepatiitti B levi\u00e4\u00e4 suojaamattomassa seksiss\u00e4. Mutta se voi levit\u00e4 my\u00f6s veren v\u00e4lityksell\u00e4, esimerkiksi huumeruiskujen tai tatuointineulojen kautta.<\/p>\n<p class=\"aw-1gybjub aw-1p7kakr cmIuaG fmSRng yle__article__paragraph\">Jos \u00e4idill\u00e4 on hepatiitti B, vastasyntynyt saa sen l\u00e4hes aina, mik\u00e4li sit\u00e4 ei yritet\u00e4 est\u00e4\u00e4, Suomen <a class=\"aw-iao6s4 iHOxEa yle__article__link\" href=\"https:\/\/thl.fi\/aiheet\/infektiotaudit-ja-rokotukset\/rokotteet-a-o\/hepatiittirokotteet\/hepatiitti-b-rokote\/tvastasyntyneiden-tartuntavaara-ja-hepatiitti-b-rokotukset\" role=\"link\" rel=\"nofollow noopener\" target=\"_blank\">THL toteaa<\/a>. THL suosittelee infektoituneen \u00e4idin lapselle rokotusta heti syntym\u00e4n j\u00e4lkeen.<\/p>\n<p>Rokotevastainen terveysministeri<\/p>\n<p class=\"aw-1gybjub aw-1p7kakr cmIuaG fmSRng yle__article__paragraph\">Trumpin terveysministeri Robert Kennedy Jr. on vuosia ollut rokotevastaisten liikkeiden supert\u00e4hti Yhdysvalloissa.<\/p>\n<p class=\"aw-1gybjub aw-1p7kakr cmIuaG fmSRng yle__article__paragraph\">Kennedy on v\u00e4itt\u00e4nyt vuosikymmeni\u00e4 vastoin tieteellist\u00e4 tietoa, ett\u00e4 rokotteet synnytt\u00e4v\u00e4t autismia. My\u00f6s Trump on toistanut samaa <a class=\"aw-iao6s4 iHOxEa yle__article__link\" href=\"https:\/\/edition.cnn.com\/2025\/09\/23\/politics\/trump-off-script-on-tylenol-autism-vaccines\" role=\"link\" rel=\"nofollow noopener\" target=\"_blank\">ainakin vuodesta 2007<\/a> alkaen.<\/p>\n<p><img decoding=\"async\" alt=\"Robert Kennedy Jr. l\u00e4hikuvassa, aika tuima katse. \" src=\"https:\/\/www.europesays.com\/fi\/wp-content\/uploads\/2025\/10\/39-153142968dd1b52d6620.jpeg\" loading=\"lazy\" class=\"aw-1l9m598 hKVVvP\"\/><\/p>\n<p>Avaa kuvien katselu<\/p>\n<p>Yhdysvaltain terveysministeri Robert Kennedy Jr. 28. elokuuta 2025. Kuva: AOP<\/p>\n<p class=\"aw-1gybjub aw-1p7kakr cmIuaG fmSRng yle__article__paragraph\">Viime viikon lehdist\u00f6tilaisuus liittyi luultavasti Kennedyn huhtikuiseen lupaukseen. H\u00e4n ilmoitti tuolloin, ett\u00e4 autismin syy selvi\u00e4\u00e4 syyskuuhun menness\u00e4.<\/p>\n<p class=\"aw-1gybjub aw-1p7kakr cmIuaG fmSRng yle__article__paragraph\">V\u00e4ite oli hyvin erikoinen, sill\u00e4 autismia on tutkittu ymp\u00e4ri maailman vuosikymmeni\u00e4. Useimmat tutkijat uskovat autismin syiden johtuvan monimutkaisesta perint\u00f6- ja ymp\u00e4rist\u00f6tekij\u00f6iden kokonaisuudesta.<\/p>\n<p class=\"aw-1gybjub aw-1p7kakr cmIuaG fmSRng yle__article__paragraph\">Kennedy on lyhyess\u00e4 ajassa pist\u00e4nyt tuulemaan.<\/p>\n<p class=\"aw-1gybjub aw-1p7kakr cmIuaG fmSRng yle__article__paragraph\">Maaliskuussa Yhdysvaltain ruoka- ja l\u00e4\u00e4keviraston FDA:n rokotejohtaja <strong class=\"aw-ak79eh KyCXm yle__article__strong\">Peter Marks<\/strong> pakotettiin eroamaan. Marks kirjoitti Wall Street Journalin mukaan erokirjeess\u00e4\u00e4n, ett\u00e4 Kennedy Jr. ei ole kiinnostunut totuudesta tai l\u00e4pin\u00e4kyvyydest\u00e4.<\/p>\n<p><img decoding=\"async\" alt=\"Nainen violetti MAHA-lippis p\u00e4\u00e4ss\u00e4. \" src=\"https:\/\/www.europesays.com\/fi\/wp-content\/uploads\/2025\/10\/39-153143268dd1b54cd2be.jpeg\" loading=\"lazy\" class=\"aw-1l9m598 hKVVvP\"\/><\/p>\n<p>Avaa kuvien katselu<\/p>\n<p>MAGA-lippisten rinnalle on ilmestynyt MAHA-lippiksi\u00e4. MAHA on lyhenne Kennedyn Make America Healthy Again -ohjelmasta.   Kuva: Aaron Schwartz \/ AOP<\/p>\n<p class=\"aw-1gybjub aw-1p7kakr cmIuaG fmSRng yle__article__paragraph\">Kes\u00e4kuussa Kennedy erotti liittovaltion rokotekomitean eli Advisory Committee on Immunization Policyn (ACIP) kaikki j\u00e4senet. H\u00e4n nimitti tilalle rokotteiden turvallisuutta kyseenalaistavia henkil\u00f6it\u00e4.<\/p>\n<p class=\"aw-1gybjub aw-1p7kakr cmIuaG fmSRng yle__article__paragraph\">Elokuussa Valkoinen talo erotti Yhdysvaltain tautien torjunnasta vastaavan terveysviraston CDC:n p\u00e4\u00e4johtaja <strong class=\"aw-ak79eh KyCXm yle__article__strong\">Susan Monarezin.<\/strong> Monarez oli vasta aloittanut p\u00e4\u00e4johtajana, ja h\u00e4n oli Trumpin hallinnon oma ehdokas vaikutusvaltaiseen virkaan.<\/p>\n<p class=\"aw-1gybjub aw-1p7kakr cmIuaG fmSRng yle__article__paragraph\">Kaksi viikkoa sitten Monarez oli Yhdysvaltain senaatin valiokunnan kuultava.<\/p>\n<p class=\"aw-1gybjub aw-1p7kakr cmIuaG fmSRng yle__article__paragraph\"><strong class=\"aw-ak79eh KyCXm yle__article__strong\">Monarezin mukaan h\u00e4nen erottamisensa oli suoraan seurausta siit\u00e4, ett\u00e4 h\u00e4n halusi pit\u00e4\u00e4 tieteellisest\u00e4 n\u00e4yt\u00f6st\u00e4 kiinni:<\/strong><\/p>\n<p>Rokotelautakunnan sekasortoinen kokous<\/p>\n<p class=\"aw-1gybjub aw-1p7kakr cmIuaG fmSRng yle__article__paragraph\">Kennedyn nimitt\u00e4m\u00e4n rokotekomitean kokous syyskuun puoliv\u00e4liss\u00e4 oli suorastaan kaoottinen.<\/p>\n<p class=\"aw-1gybjub aw-1p7kakr cmIuaG fmSRng yle__article__paragraph\">Suurin osa komitean uusista j\u00e4senist\u00e4 on aiemmin julkisesti vastustanut koronarokotteita tai rokotteita ylip\u00e4\u00e4t\u00e4\u00e4n.<\/p>\n<p class=\"aw-1gybjub aw-1p7kakr cmIuaG fmSRng yle__article__paragraph\">New York Timesin <a class=\"aw-iao6s4 iHOxEa yle__article__link\" href=\"https:\/\/www.nytimes.com\/2025\/09\/19\/health\/cdc-vaccines-mmrv-hepatitis-b.html\" role=\"link\" rel=\"nofollow noopener\" target=\"_blank\">kuvauksen<\/a> mukaan komitean j\u00e4senet eiv\u00e4t aina tuntuneet ymm\u00e4rt\u00e4v\u00e4n, mist\u00e4 he olivat \u00e4\u00e4nest\u00e4m\u00e4ss\u00e4.<\/p>\n<p><img decoding=\"async\" alt=\" Joseph R. Hibbeln puhuu rokotekomitean kokouksessa. \" src=\"https:\/\/www.europesays.com\/fi\/wp-content\/uploads\/2025\/10\/39-153125768dd0639d6870.jpeg\" loading=\"lazy\" class=\"aw-1l9m598 hKVVvP\"\/><\/p>\n<p>Avaa kuvien katselu<\/p>\n<p>Yhdysvaltain rokotekomitean kokous 19. syyskuuta.  Kuva: Erik S. Lesser \/ EPA<\/p>\n<p class=\"aw-1gybjub aw-1p7kakr cmIuaG fmSRng yle__article__paragraph\">Perjantaina 19. syyskuuta he p\u00e4\u00e4ttiv\u00e4t, ett\u00e4 liittovaltion rokoteohjelmasta ei voi en\u00e4\u00e4 maksaa muun muassa tuhkarokkoa torjuvan MRP-rokotteen kustannuksia. Edellisen\u00e4 p\u00e4iv\u00e4n\u00e4 komitea oli p\u00e4\u00e4tt\u00e4nyt toisin, mutta osa j\u00e4senist\u00e4 sanoi, etteiv\u00e4t he olleet t\u00e4ysin ymm\u00e4rt\u00e4neet, mist\u00e4 oli \u00e4\u00e4nestetty.<\/p>\n<p class=\"aw-1gybjub aw-1p7kakr cmIuaG fmSRng yle__article__paragraph\">Yhdysvaltain sis\u00e4tautil\u00e4\u00e4k\u00e4reiden liittoa ACP:ta kokouksessa edustanut <strong class=\"aw-ak79eh KyCXm yle__article__strong\">Jason Goldman<\/strong> syytti komitean uutta puheenjohtajaa <strong class=\"aw-ak79eh KyCXm yle__article__strong\">Martin Kulldoffia<\/strong> yrityksist\u00e4 tukkia h\u00e4nen suunsa ja est\u00e4\u00e4 keskustelua.<\/p>\n<p class=\"aw-1gybjub aw-1p7kakr cmIuaG fmSRng yle__article__paragraph\">Kun CDC:n hengitysinfektio-osastoa johtaja <strong class=\"aw-ak79eh KyCXm yle__article__strong\">Natalie Thornburg<\/strong> esitteli koronarokotteen suojaavaa vaikutusta, komitean uusi j\u00e4sen, <strong class=\"aw-ak79eh KyCXm yle__article__strong\">Robert Malone<\/strong> v\u00e4itti vihaisesti Thornburgin esitt\u00e4v\u00e4n vain omia tuntemuksiaan, eik\u00e4 faktoja.<\/p>\n<p><img decoding=\"async\" alt=\"Rokotekomitean j\u00e4sen  Robert W. Malone puhuu pahvinen kahvikuppi k\u00e4dess\u00e4. \" src=\"https:\/\/www.europesays.com\/fi\/wp-content\/uploads\/2025\/10\/39-153125668dd0639adaf4.jpeg\" loading=\"lazy\" class=\"aw-1l9m598 hKVVvP\"\/><\/p>\n<p>Avaa kuvien katselu<\/p>\n<p> Robert Malone rokotekomitean kokouksessa syyskuussa.  Kuva: Erik S. Lesser \/ EPA<\/p>\n<p class=\"aw-1gybjub aw-1p7kakr cmIuaG fmSRng yle__article__paragraph\">Malone tuli koronaepidemian aikaan laitaoikeistoin piiriss\u00e4 hyvin tunnetuksi koronarokotteiden raivokkaana vastustajana. H\u00e4net muun muassa heitettiin Twitterist\u00e4 ulos per\u00e4tt\u00f6mien koronav\u00e4itteiden levitt\u00e4misen takia.<\/p>\n<p>Vaarallisia rokotesuosituksia<\/p>\n<p class=\"aw-1gybjub aw-1p7kakr cmIuaG fmSRng yle__article__paragraph\">Rokotekomitea antaa periaatteessa vain suosituksia rokotuksista, ei m\u00e4\u00e4r\u00e4yksi\u00e4.<\/p>\n<p class=\"aw-1gybjub aw-1p7kakr cmIuaG fmSRng yle__article__paragraph\">Rokotekomitean ja varsinkin CDC:n p\u00e4\u00e4t\u00f6kset saattavat vaikuttaa kuitenkin siihen, mink\u00e4laisia asioita yhdysvaltalaisten yksityisist\u00e4 sairausvakuutuksista korvataan.<\/p>\n<p><img decoding=\"async\" alt=\"Mies avaa apteekin oven, ovi-ikkunassa lukee &quot;Free flu&amp; covid 19 vaccines&quot;\" src=\"https:\/\/www.europesays.com\/fi\/wp-content\/uploads\/2025\/10\/39-153124668dd063304009.jpeg\" loading=\"lazy\" class=\"aw-1l9m598 hKVVvP\"\/><\/p>\n<p>Avaa kuvien katselu<\/p>\n<p>Ilmaisia kausirokotteita mainostettiin apteekin ovessa New Yorkissa elokuussa 2025.  Kuva: Richard Levine \/ AOP<\/p>\n<p class=\"aw-1gybjub aw-1p7kakr cmIuaG fmSRng yle__article__paragraph\">Ep\u00e4varma tieto rokotteiden tarpeellisuudesta ja sek\u00e4 niiden muuttuminen mahdollisesti maksulliseksi voi johtaa siihen, ett\u00e4 ihmiset j\u00e4tt\u00e4v\u00e4t rokotuksia ottamatta.<\/p>\n<p class=\"aw-1gybjub aw-1p7kakr cmIuaG fmSRng yle__article__paragraph\">L\u00e4\u00e4k\u00e4rij\u00e4rjest\u00f6t ovat olleet t\u00e4st\u00e4 hyvin huolissaan. Mahdollisimman suuri rokotekattavuus eli niin sanottu laumasuoja on tautien torjunnassa \u00e4\u00e4rimm\u00e4isen t\u00e4rke\u00e4\u00e4. Kun v\u00e4est\u00f6st\u00e4 suuri osa on rokotettu, tartuntataudit eiv\u00e4t pysty levi\u00e4m\u00e4\u00e4n helposti.<\/p>\n<p class=\"aw-1gybjub aw-1p7kakr cmIuaG fmSRng yle__article__paragraph\">Rokotelautakunta p\u00e4\u00e4tti syyskuussa my\u00f6s, ett\u00e4 koronarokotuksen saisi jatkossa vain l\u00e4\u00e4k\u00e4rin m\u00e4\u00e4r\u00e4yksest\u00e4. Viel\u00e4 viime vuonna suurin osa koronarokotuksen hakeneista amerikkalaisista sai sen apteekissa, ilman erillist\u00e4 l\u00e4\u00e4k\u00e4rik\u00e4ynti\u00e4.<\/p>\n<p>L\u00e4\u00e4k\u00e4rit ja j\u00e4rjest\u00f6t ovat huolissaan<\/p>\n<p class=\"aw-1gybjub aw-1p7kakr cmIuaG fmSRng yle__article__paragraph\">CDC:n koronarokotusryhm\u00e4\u00e4 aiemmin johtanut <strong class=\"aw-ak79eh KyCXm yle__article__strong\">Lakshmi Panagiotakopoulos<\/strong> totesi:<\/p>\n<p class=\"aw-1gybjub aw-1p7kakr cmIuaG fmSRng yle__article__paragraph\">\u2013 N\u00e4iden p\u00e4\u00e4t\u00f6sten seurauksena ihmisi\u00e4 kuolee syist\u00e4, jotka olisivat olleet estett\u00e4viss\u00e4.<\/p>\n<p><img decoding=\"async\" alt=\"Robert Kennedy Jr. puhuu, taustalla Yhdysvaltain lippu. \" src=\"https:\/\/www.europesays.com\/fi\/wp-content\/uploads\/2025\/10\/39-153125268dd063782cc7.jpeg\" loading=\"lazy\" class=\"aw-1l9m598 hKVVvP\"\/><\/p>\n<p>Avaa kuvien katselu<\/p>\n<p>Terveysministeri Robert Kennedy Jr. puhumassa 19. syyskuuta 2025.  Kuva: Jim Lo Scalzo \/ EPA<\/p>\n<p class=\"aw-1gybjub aw-1p7kakr cmIuaG fmSRng yle__article__paragraph\">Jokaiseen rokotteeseen ja l\u00e4\u00e4kkeeseen liittyy riskej\u00e4, <strong class=\"aw-ak79eh KyCXm yle__article__strong\">Amy Middleman<\/strong>, Case Western Reserve -yliopiston johtava lastenl\u00e4\u00e4k\u00e4ri muistutti <a class=\"aw-iao6s4 iHOxEa yle__article__link\" href=\"https:\/\/www.nytimes.com\/2025\/09\/19\/health\/cdc-vaccines-mmrv-hepatitis-b.html\" role=\"link\" rel=\"nofollow noopener\" target=\"_blank\">New York Timesissa<\/a>.<\/p>\n<p class=\"aw-1gybjub aw-1p7kakr cmIuaG fmSRng yle__article__paragraph\">\u2013 Mutta lautakunnan tieteellinen teht\u00e4v\u00e4 on m\u00e4\u00e4ritell\u00e4, ovatko hy\u00f6dyt suurempia kuin riskit, Middleman sanoi. Middleman on toiminut aiemmin rokotelautakunnan kuulemana asiantuntijana.<\/p>\n<p class=\"aw-1gybjub aw-1p7kakr cmIuaG fmSRng yle__article__paragraph\">L\u00e4\u00e4k\u00e4riyhdistykset ovat esitt\u00e4neet huolta, ett\u00e4 lautakunta haluaa korostaa riskej\u00e4, vaikka juuri mik\u00e4\u00e4n l\u00e4\u00e4ketieteen saavutus ei ole pelastanut yht\u00e4 paljon ihmishenki\u00e4 kuin rokotukset.<\/p>\n<p class=\"aw-1gybjub aw-1p7kakr cmIuaG fmSRng yle__article__paragraph\">Rokotelautakunnan kokous ei lopulta tuottanut aivan niin vaarallisia p\u00e4\u00e4t\u00f6ksi\u00e4 kuin mit\u00e4 esimerkiksi Yhdysvaltain l\u00e4\u00e4k\u00e4rikunta oli pel\u00e4nnyt.<\/p>\n<p class=\"aw-1gybjub aw-1p7kakr cmIuaG fmSRng yle__article__paragraph\">Suurin syy siihen, ett\u00e4 p\u00e4\u00e4t\u00f6kset eiv\u00e4t olleet aivan pel\u00e4tyn kaltaisia, oli ilmeisesti se, ett\u00e4 lautakunnan kokous oli niin kaoottinen. Monet vaaralliset p\u00e4\u00e4t\u00f6kset j\u00e4iv\u00e4t viel\u00e4 toistaiseksi p\u00f6yd\u00e4lle.<\/p>\n","protected":false},"excerpt":{"rendered":"Juttu tiivistettyn\u00e4 Donald Trump v\u00e4itti, ett\u00e4 parasetamolin k\u00e4ytt\u00f6 raskauden aikana aiheuttaa autismia, mutta asiantuntijat kumoavat v\u00e4itteen. WHO ja&hellip;\n","protected":false},"author":2,"featured_media":51087,"comment_status":"","ping_status":"","sticky":false,"template":"","format":"standard","meta":{"footnotes":""},"categories":[14],"tags":[22,23,585,12627,26,27,33,31,30,17,766,12097,24,25,28,29,15,18,21,7271,768,32,767,167,19,20,56,16,59,60,61,619],"class_list":{"0":"post-51086","1":"post","2":"type-post","3":"status-publish","4":"format-standard","5":"has-post-thumbnail","7":"category-ulkomaat","8":"tag-breaking-news","9":"tag-breakingnews","10":"tag-donald-trump","11":"tag-ennaltaehkaiseva-terveydenhuolto","12":"tag-featured-news","13":"tag-featurednews","14":"tag-fi","15":"tag-finland","16":"tag-finnish","17":"tag-headlines","18":"tag-koronavirus","19":"tag-laaketiede","20":"tag-latest-news","21":"tag-latestnews","22":"tag-main-news","23":"tag-mainnews","24":"tag-news","25":"tag-otsikot","26":"tag-paauutiset","27":"tag-robert-f-kennedy-jr","28":"tag-rokotteet","29":"tag-suomi","30":"tag-tartuntataudit","31":"tag-terveys","32":"tag-top-stories","33":"tag-topstories","34":"tag-ulkomaat","35":"tag-uutiset","36":"tag-world","37":"tag-world-news","38":"tag-worldnews","39":"tag-yhdysvallat"},"share_on_mastodon":{"url":"","error":""},"_links":{"self":[{"href":"https:\/\/www.europesays.com\/fi\/wp-json\/wp\/v2\/posts\/51086","targetHints":{"allow":["GET"]}}],"collection":[{"href":"https:\/\/www.europesays.com\/fi\/wp-json\/wp\/v2\/posts"}],"about":[{"href":"https:\/\/www.europesays.com\/fi\/wp-json\/wp\/v2\/types\/post"}],"author":[{"embeddable":true,"href":"https:\/\/www.europesays.com\/fi\/wp-json\/wp\/v2\/users\/2"}],"replies":[{"embeddable":true,"href":"https:\/\/www.europesays.com\/fi\/wp-json\/wp\/v2\/comments?post=51086"}],"version-history":[{"count":0,"href":"https:\/\/www.europesays.com\/fi\/wp-json\/wp\/v2\/posts\/51086\/revisions"}],"wp:featuredmedia":[{"embeddable":true,"href":"https:\/\/www.europesays.com\/fi\/wp-json\/wp\/v2\/media\/51087"}],"wp:attachment":[{"href":"https:\/\/www.europesays.com\/fi\/wp-json\/wp\/v2\/media?parent=51086"}],"wp:term":[{"taxonomy":"category","embeddable":true,"href":"https:\/\/www.europesays.com\/fi\/wp-json\/wp\/v2\/categories?post=51086"},{"taxonomy":"post_tag","embeddable":true,"href":"https:\/\/www.europesays.com\/fi\/wp-json\/wp\/v2\/tags?post=51086"}],"curies":[{"name":"wp","href":"https:\/\/api.w.org\/{rel}","templated":true}]}}