{"id":51088,"date":"2025-10-02T03:24:14","date_gmt":"2025-10-02T03:24:14","guid":{"rendered":"https:\/\/www.europesays.com\/fi\/51088\/"},"modified":"2025-10-02T03:24:14","modified_gmt":"2025-10-02T03:24:14","slug":"joukko-nuoria-noyryytti-14-vuotiasta-poikaa-koulun-pihassa-keski-suomessa-hovioikeus-kovensi-tuomioita-keski-suomi","status":"publish","type":"post","link":"https:\/\/www.europesays.com\/fi\/51088\/","title":{"rendered":"Joukko nuoria n\u00f6yryytti 14-vuotiasta poikaa koulun pihassa Keski-Suomessa \u2013 hovioikeus kovensi tuomioita | Keski-Suomi"},"content":{"rendered":"<p>14-vuotias poika joutui n\u00f6yryytt\u00e4v\u00e4n rikoksen uhriksi pohjoisessa Keski-Suomessa sijaitsevan koulun pihassa hein\u00e4kuussa 2023. Poika kaadettiin maahan, h\u00e4nest\u00e4 pidettiin kiinni, h\u00e4nen housunsa vedettiin alas ja h\u00e4nen takapuoleensa ty\u00f6nnettiin tikkukaramellin tikkuja. Teko kuvattiin videolle. Tekij\u00f6ist\u00e4 kolme oli 16-vuotiaita ja yksi 15-vuotias.<\/p>\n<p>Keski-Suomen k\u00e4r\u00e4j\u00e4oikeudessa nelj\u00e4\u00e4 poikaa syytettiin nuorena henkil\u00f6n\u00e4 tehdyst\u00e4 lapsenraiskauksesta ja videon kuvannutta ja sit\u00e4 jakanutta viidett\u00e4 poikaa nuorena henkil\u00f6n\u00e4 tehdyst\u00e4 lasta seksuaalisesti esitt\u00e4v\u00e4n kuvan levitt\u00e4misest\u00e4. K\u00e4r\u00e4j\u00e4oikeus ei pit\u00e4nyt tekoa seksuaalirikoksena, vaan katsoi poikien syyllistyneen pahoinpitelyyn. Videota koskeva syyte hyl\u00e4ttiin.<\/p>\n<p>Pojat tuomittiin 75 p\u00e4iv\u00e4n ehdolliseen vankeuteen ja maksamaan uhrille 2\u2009000 euron korvaukset sek\u00e4 valtiolle oikeudenk\u00e4yntikuluja runsaat 2\u2009400 euroa.<\/p>\n<p><strong class=\"diks-storyline__impact\">Syytt\u00e4j\u00e4 valitti<\/strong> ratkaisusta Vaasan hovioikeuteen, joka arvioi asiaa nyt toisin kuin k\u00e4r\u00e4j\u00e4oikeus. Hovioikeuden mukaan teko oli seksuaalisesti olennainen ja pahoinpitelyn sijaan kyseess\u00e4 katsottiin olleen seksuaalirikos.<\/p>\n","protected":false},"excerpt":{"rendered":"14-vuotias poika joutui n\u00f6yryytt\u00e4v\u00e4n rikoksen uhriksi pohjoisessa Keski-Suomessa sijaitsevan koulun pihassa hein\u00e4kuussa 2023. Poika kaadettiin maahan, h\u00e4nest\u00e4 pidettiin&hellip;\n","protected":false},"author":2,"featured_media":51089,"comment_status":"","ping_status":"","sticky":false,"template":"","format":"standard","meta":{"footnotes":""},"categories":[12],"tags":[22,23,26,27,33,31,30,17,425,2288,24,25,28,29,15,977,976,18,21,1726,38,32,19,20,1727,16],"class_list":{"0":"post-51088","1":"post","2":"type-post","3":"status-publish","4":"format-standard","5":"has-post-thumbnail","7":"category-suomi","8":"tag-breaking-news","9":"tag-breakingnews","10":"tag-featured-news","11":"tag-featurednews","12":"tag-fi","13":"tag-finland","14":"tag-finnish","15":"tag-headlines","16":"tag-jyvaskyla","17":"tag-karajaoikeus","18":"tag-latest-news","19":"tag-latestnews","20":"tag-main-news","21":"tag-mainnews","22":"tag-news","23":"tag-oikeusistuimet","24":"tag-oikeusprosessit","25":"tag-otsikot","26":"tag-paauutiset","27":"tag-rangaistukset","28":"tag-rikos","29":"tag-suomi","30":"tag-top-stories","31":"tag-topstories","32":"tag-tuomiot","33":"tag-uutiset"},"share_on_mastodon":{"url":"","error":""},"_links":{"self":[{"href":"https:\/\/www.europesays.com\/fi\/wp-json\/wp\/v2\/posts\/51088","targetHints":{"allow":["GET"]}}],"collection":[{"href":"https:\/\/www.europesays.com\/fi\/wp-json\/wp\/v2\/posts"}],"about":[{"href":"https:\/\/www.europesays.com\/fi\/wp-json\/wp\/v2\/types\/post"}],"author":[{"embeddable":true,"href":"https:\/\/www.europesays.com\/fi\/wp-json\/wp\/v2\/users\/2"}],"replies":[{"embeddable":true,"href":"https:\/\/www.europesays.com\/fi\/wp-json\/wp\/v2\/comments?post=51088"}],"version-history":[{"count":0,"href":"https:\/\/www.europesays.com\/fi\/wp-json\/wp\/v2\/posts\/51088\/revisions"}],"wp:featuredmedia":[{"embeddable":true,"href":"https:\/\/www.europesays.com\/fi\/wp-json\/wp\/v2\/media\/51089"}],"wp:attachment":[{"href":"https:\/\/www.europesays.com\/fi\/wp-json\/wp\/v2\/media?parent=51088"}],"wp:term":[{"taxonomy":"category","embeddable":true,"href":"https:\/\/www.europesays.com\/fi\/wp-json\/wp\/v2\/categories?post=51088"},{"taxonomy":"post_tag","embeddable":true,"href":"https:\/\/www.europesays.com\/fi\/wp-json\/wp\/v2\/tags?post=51088"}],"curies":[{"name":"wp","href":"https:\/\/api.w.org\/{rel}","templated":true}]}}