{"id":51092,"date":"2025-10-02T03:37:08","date_gmt":"2025-10-02T03:37:08","guid":{"rendered":"https:\/\/www.europesays.com\/fi\/51092\/"},"modified":"2025-10-02T03:37:08","modified_gmt":"2025-10-02T03:37:08","slug":"maria-nordin-tekee-sami-kuroselle-paljastuksen-orgasmistaan-se-oli-niin-intensiivinen","status":"publish","type":"post","link":"https:\/\/www.europesays.com\/fi\/51092\/","title":{"rendered":"Maria Nordin tekee Sami Kuroselle paljastuksen orgasmistaan: \u201dSe oli niin intensiivinen&#8230;\u201d"},"content":{"rendered":"<p>Nordinit tekev\u00e4t Sami Kurosen podcastissa paljastuksia muun muassa seksiel\u00e4m\u00e4st\u00e4\u00e4n.<\/p>\n<p class=\"article-body mb-nof-24 px-nof-16\">Kummelissa Esko M\u00f6rk\u00f6 -niminen hahmo lukee vanhasta Jallu-lehdest\u00e4 eroottisen novellin, jossa soramonttu hehkuu ihmeellist\u00e4 v\u00e4rett\u00e4, Skodan ikkunat saavat huurteisen peitteen ja \u201dkello\u201d pys\u00e4htyy.<\/p>\n<p class=\"article-body mb-nof-24 px-nof-16\"><a class=\"article-personlink\" href=\"https:\/\/www.is.fi\/haku\/?query=Reino\" rel=\"nofollow noopener\" target=\"_blank\">Reino<\/a> ja <a class=\"article-personlink\" href=\"https:\/\/www.is.fi\/haku\/?query=Maria%20Nordinilla\" rel=\"nofollow noopener\" target=\"_blank\">Maria Nordinilla<\/a> on ollut aikoinaan v\u00e4hint\u00e4\u00e4nkin yht\u00e4 intensiivinen meininki.<\/p>\n<p class=\"article-body mb-nof-24 px-nof-16\">Tai n\u00e4in he ainakin kertovat <a class=\"article-personlink\" href=\"https:\/\/www.is.fi\/haku\/?query=Sami%20Kurosen\" rel=\"nofollow noopener\" target=\"_blank\">Sami Kurosen<\/a> Iltanuotiolla-podcastissa.<\/p>\n<p class=\"article-body mb-nof-24 px-nof-16\">Pariskunnan suhteen alkuajoissa oli nimitt\u00e4in \u201dintensiivist\u00e4 v\u00e4reily\u00e4\u201d.<\/p>\n<p class=\"article-body mb-nof-24 px-nof-16\">\u2013 Me oltiin kerran meill\u00e4 kotona huoneessa. Se oli niin intensiivinen se v\u00e4reily. Se oli jotain ihan k\u00e4sitt\u00e4m\u00e4t\u00f6nt\u00e4. M\u00e4h\u00e4n siis&#8230; pystyin&#8230; no&#8230; saamaan orgasmeja ihan vain ajatuksen voimalla siit\u00e4 v\u00e4reilyst\u00e4.<\/p>\n<p class=\"article-body mb-nof-24 px-nof-16\">Tuntui siis, kuin suuret voimat olisivat parin apuna. Muutakin ihmeellist\u00e4 tapahtui.<\/p>\n<p class=\"article-body mb-nof-24 px-nof-16\">\u2013 Yht\u00e4kki\u00e4 katkesi kitaran kieli. Ihan itsest\u00e4\u00e4n. Kukaan ei hievahtanutkaan siin\u00e4 huoneessa.<\/p>\n<p class=\"article-body mb-nof-24 px-nof-16\">Reino vitsailee v\u00e4liin:<\/p>\n<p class=\"article-body mb-nof-24 px-nof-16\">\u2013 Nyky\u00e4\u00e4n se on niin, ett\u00e4 kun anoppi tulee, kitaran kieli katkee, ja multa menee kaikki kielet poikki!<\/p>\n<p class=\"article-body mb-nof-24 px-nof-16\">Maria jatkaa miehens\u00e4 hihityksen p\u00e4\u00e4lle:<\/p>\n<p class=\"article-body mb-nof-24 px-nof-16\">\u2013 M\u00e4h\u00e4n oon paljon tutkinut tietoisuutta ja mielt\u00e4 ja sit\u00e4, ett\u00e4 mit\u00e4 aika on.<\/p>\n<p class=\"article-body mb-nof-24 px-nof-16\">My\u00f6s esimerkiksi CMX:n Aivos\u00e4hk\u00f6\u00e4-kappaleessa maataan rannalla nuotiotulen valossa t\u00e4htien alla ajatellaan aikaa. Asia on esill\u00e4 my\u00f6s filosofi <a class=\"article-personlink\" href=\"https:\/\/www.is.fi\/haku\/?query=Martin%20Heideggerin\" rel=\"nofollow noopener\" target=\"_blank\">Martin Heideggerin<\/a> suurteoksessa Oleminen ja aika (1927).<\/p>\n<p class=\"article-body mb-nof-24 px-nof-16\">Maria on aikaa ajatellessaan tullut seuraavanlaiseen johtop\u00e4\u00e4t\u00f6kseen:<\/p>\n<p class=\"article-body mb-nof-24 px-nof-16\">\u2013 Se oli niin vaikuttava se kokemus, ett\u00e4 sen on pakko olla, ett\u00e4 me tulevaisuudesta annettiin itsellemme siihen menneisyyden hetkeen merkki, ett\u00e4 t\u00e4m\u00e4 on oikea polku.<\/p>\n<p class=\"article-body mb-nof-24 px-nof-16\">Maria my\u00f6nt\u00e4\u00e4 per\u00e4\u00e4n, ett\u00e4 parilla on ollut \u201dtosi isoja haasteita\u201d.<\/p>\n<p class=\"article-body mb-nof-24 px-nof-16\">Reinolla oli p\u00e4ihdeongelma.<\/p>\n<p class=\"article-body mb-nof-24 px-nof-16\">H\u00e4n k\u00e4rysi vuonna 2017 ratista, ja h\u00e4nt\u00e4 ep\u00e4iltiin tuolloin rattijuopumuksesta, huumausainerikoksesta ja huumausaineen k\u00e4ytt\u00f6rikoksesta. Tuomio asiasta langetettiin saman vuoden kes\u00e4ll\u00e4 ja tuomiossa kerrottiin, ett\u00e4 Nordinin hallusta l\u00f6ydettiin marihuanaa. Lis\u00e4ksi ilmeni, ett\u00e4 mies oli k\u00e4ytt\u00e4nyt my\u00f6s kokaiinia.<\/p>\n<p class=\"article-body mb-nof-24 px-nof-16\">Lis\u00e4ksi pari k\u00e4rsi lapsettomuudesta. Maria pelk\u00e4si, ett\u00e4 Reino j\u00e4tt\u00e4\u00e4 h\u00e4net, jos lapsia ei ilmaannu. Pari kuulemma kokeili IVF-hoitoakin. Ei auttanut.<\/p>\n<p class=\"article-body mb-nof-24 px-nof-16\">Yritt\u00e4misen j\u00e4lkeen pari kuitenkin sai ensimm\u00e4isen lapsen.<\/p>\n<p class=\"article-body mb-nof-24 px-nof-16\">Siit\u00e4 tosin alkoi Reinon sekoilu.<\/p>\n<p class=\"article-body mb-nof-24 px-nof-16\">\u2013 Ehk\u00e4 Reino ei ihan sitten viel\u00e4 valmis kypsym\u00e4\u00e4n vanhemmaksi siin\u00e4 vaiheessa. Ja sitten olisiko se ollut niin, ett\u00e4 se p\u00e4ihdeongelma ik\u00e4\u00e4n kuin v\u00e4h\u00e4n k\u00e4rjistyi sitten siin\u00e4, Maria pohtii.<\/p>\n<p class=\"article-body mb-nof-24 px-nof-16\">Muutakin harmia tuli.<\/p>\n<p class=\"article-body mb-nof-24 px-nof-16\">Kitarankieli\u00e4kin katkovasta lemmest\u00e4 huolimatta Reinolla on riitt\u00e4nyt lempe\u00e4 my\u00f6s suhteen ulkopuolelle.<\/p>\n<p class=\"article-body mb-nof-24 px-nof-16\">\u2013 Mun pett\u00e4miset on ollu isoimpia (vaikeita paikkoja suhteessa), Reino sanoo Kuroselle.<\/p>\n<p class=\"article-body mb-nof-24 px-nof-16\">Reino kertoo t\u00e4m\u00e4n t\u00e4st\u00e4 hairahdelleensa \u201djohonkin tavallaan ihan muuhun maailmaan\u201d, jossa h\u00e4n keksii kaikenlaisia suureellisia visioita. Kuten:<\/p>\n<p class=\"article-body mb-nof-24 px-nof-16\">\u2013 Ett\u00e4 m\u00e4h\u00e4n voisin vaan rakentaa avaruusrakettia ja l\u00e4hte\u00e4 yksin tonne.<\/p>\n<p class=\"article-body mb-nof-24 px-nof-16\">Reino Nordin on k\u00e4rsinyt my\u00f6s p\u00e4ihdeongelmista.<\/p>\n<p class=\"article-body mb-nof-24 px-nof-16\">Kuronen kysyy, liittyiv\u00e4tk\u00f6 suuruudenhullut ajatukset niihin aikoihin, kun h\u00e4n k\u00e4ytti p\u00e4ihteit\u00e4.<\/p>\n<p class=\"article-body mb-nof-24 px-nof-16\">\u2013 Silloin joo, ja on my\u00f6hemminkin ollut tilanteita ja isoja mish\u00e4ppej\u00e4 (onnettomuuksia), ett\u00e4 ne (pett\u00e4miset) on ehk\u00e4 ne pahimmat.<\/p>\n<p class=\"article-body mb-nof-24 px-nof-16\">Maria kertoo, miten huolista on selvitty:<\/p>\n<p class=\"article-body mb-nof-24 px-nof-16\">\u2013 Tekem\u00e4ll\u00e4 n\u00e4it\u00e4 harjoituksia, mit\u00e4 m\u00e4 opetan. Esimerkiksi hengitysharjoituksia, mielikuvaharjoituksia. Reino oli tosi mahtavalla retriitill\u00e4&#8230;<\/p>\n<p class=\"article-body mb-nof-24 px-nof-16\">\u2013 Kai se hengityksen lis\u00e4ksi tarvitsee jotain muutakin, kuten keskustelua? Sami Kuronen kysyy v\u00e4liin.<\/p>\n<p class=\"article-body mb-nof-24 px-nof-16\">Reino linjaa, miten h\u00e4n ja h\u00e4nen vaimonsa eroavat \u201dmuista ihmisist\u00e4\u201d.<\/p>\n<p class=\"article-body mb-nof-24 px-nof-16\">\u2013 Ihmiset alkaa syytt\u00e4\u00e4 muita. Me ollaan viimeiset 10 vuotta l\u00e4hdetty siit\u00e4, ett\u00e4 jos on joku ongelma, niin l\u00e4hdet ensin katsomaan, ett\u00e4 miksi s\u00e4 (itse) ajattelet n\u00e4in. Miksi sulle tulee aggressio tai triggeri? Jos joku loukkaantuu, oonks m\u00e4 tehny sen? M\u00e4 oon vaan sanonu jotain, s\u00e4 oot loukkaantunu.<\/p>\n<p class=\"article-body mb-nof-24 px-nof-16\">Reinon mielest\u00e4 \u201dkaikilla on vastuu omista tunteistaan\u201d.<\/p>\n<p class=\"article-body mb-nof-24 px-nof-16\">Sami Kuronen kysyy uudelleen, eik\u00f6 ristiriitojen ratkaisu vaatisi kahdenkeskist\u00e4 keskustelua.<\/p>\n<p class=\"article-body mb-nof-24 px-nof-16\">\u2013 Vaatii, mutta kaksi ihmist\u00e4 ei voi keskustella, jos ne vain syytt\u00e4\u00e4 toisiaan.<\/p>\n<p class=\"article-body mb-nof-24 px-nof-16\">Ent\u00e4p\u00e4 p\u00e4\u00e4siv\u00e4tk\u00f6 Nordinit uskottomuuskriisien yli, j\u00e4ttiv\u00e4tk\u00f6 ne j\u00e4lki\u00e4?<\/p>\n<p class=\"article-body mb-nof-24 px-nof-16\">\u2013 Ne j\u00e4tt\u00e4\u00e4 mulle j\u00e4ljen siit\u00e4, ett\u00e4 m\u00e4 oon ep\u00e4onnistunut. Mutta taas kerran, se on mun k\u00e4sitelt\u00e4v\u00e4 asia, Reino toteaa.<\/p>\n<p class=\"article-body mb-nof-24 px-nof-16\">\u2013 Mulla on isoja haavoja siit\u00e4. Ja m\u00e4 en voi olla kiitollisempi siit\u00e4, ett\u00e4 Maria on ymm\u00e4rt\u00e4nyt mua ja me ollaan voitu kasvaa.<\/p>\n<p class=\"article-body mb-nof-24 px-nof-16\">Kuronen esitt\u00e4\u00e4 saman kysymyksen Marialle.<\/p>\n<p class=\"article-body mb-nof-24 px-nof-16\">\u2013 Mulla on niin hyv\u00e4t n\u00e4m\u00e4 mun ty\u00f6kalut, t\u00e4m\u00e4 vastaa lyhyesti.<\/p>\n<p class=\"article-body mb-nof-24 px-nof-16\">\u2013 \u00c4l\u00e4 viitti, Reino mutisee v\u00e4liin ja jatkaa puhumalla raitistumisestaan.<\/p>\n<p class=\"article-body mb-nof-24 px-nof-16\">Siis: moni saattaa Reinon mielest\u00e4 k\u00e4yd\u00e4 AA-kerhossa 20 vuotta ja m\u00e4\u00e4ritell\u00e4 itsens\u00e4 joka p\u00e4iv\u00e4 alkoholistiksi. H\u00e4n ajattelee eri lailla.<\/p>\n<p class=\"article-body mb-nof-24 px-nof-16\">\u2013 Meid\u00e4n mentaliteetti ja perhefilosofia on se, ett\u00e4 jos s\u00e4 et juo alkoholia, s\u00e4 et oo alkoholisti. Me ei kanneta sairauksia ja virheit\u00e4 en\u00e4\u00e4 meiss\u00e4.<\/p>\n<p class=\"article-body mb-nof-24 px-nof-16\">Nyky\u00e4\u00e4n h\u00e4n on \u201dUusi Uljas Reino\u201d.<\/p>\n<p class=\"article-body nof-ui-body-medium mb-nof-24 px-nof-16\">Iltanuotiolla Podimossa.<\/p>\n","protected":false},"excerpt":{"rendered":"Nordinit tekev\u00e4t Sami Kurosen podcastissa paljastuksia muun muassa seksiel\u00e4m\u00e4st\u00e4\u00e4n. Kummelissa Esko M\u00f6rk\u00f6 -niminen hahmo lukee vanhasta Jallu-lehdest\u00e4 eroottisen&hellip;\n","protected":false},"author":2,"featured_media":51093,"comment_status":"","ping_status":"","sticky":false,"template":"","format":"standard","meta":{"footnotes":""},"categories":[136],"tags":[407,137,33,31,30,34,408,32,109],"class_list":{"0":"post-51092","1":"post","2":"type-post","3":"status-publish","4":"format-standard","5":"has-post-thumbnail","7":"category-julkkikset","8":"tag-celebrities","9":"tag-entertainment","10":"tag-fi","11":"tag-finland","12":"tag-finnish","13":"tag-ilta-sanomat","14":"tag-julkkikset","15":"tag-suomi","16":"tag-viihde"},"share_on_mastodon":{"url":"","error":""},"_links":{"self":[{"href":"https:\/\/www.europesays.com\/fi\/wp-json\/wp\/v2\/posts\/51092","targetHints":{"allow":["GET"]}}],"collection":[{"href":"https:\/\/www.europesays.com\/fi\/wp-json\/wp\/v2\/posts"}],"about":[{"href":"https:\/\/www.europesays.com\/fi\/wp-json\/wp\/v2\/types\/post"}],"author":[{"embeddable":true,"href":"https:\/\/www.europesays.com\/fi\/wp-json\/wp\/v2\/users\/2"}],"replies":[{"embeddable":true,"href":"https:\/\/www.europesays.com\/fi\/wp-json\/wp\/v2\/comments?post=51092"}],"version-history":[{"count":0,"href":"https:\/\/www.europesays.com\/fi\/wp-json\/wp\/v2\/posts\/51092\/revisions"}],"wp:featuredmedia":[{"embeddable":true,"href":"https:\/\/www.europesays.com\/fi\/wp-json\/wp\/v2\/media\/51093"}],"wp:attachment":[{"href":"https:\/\/www.europesays.com\/fi\/wp-json\/wp\/v2\/media?parent=51092"}],"wp:term":[{"taxonomy":"category","embeddable":true,"href":"https:\/\/www.europesays.com\/fi\/wp-json\/wp\/v2\/categories?post=51092"},{"taxonomy":"post_tag","embeddable":true,"href":"https:\/\/www.europesays.com\/fi\/wp-json\/wp\/v2\/tags?post=51092"}],"curies":[{"name":"wp","href":"https:\/\/api.w.org\/{rel}","templated":true}]}}