{"id":51096,"date":"2025-10-02T03:45:08","date_gmt":"2025-10-02T03:45:08","guid":{"rendered":"https:\/\/www.europesays.com\/fi\/51096\/"},"modified":"2025-10-02T03:45:08","modified_gmt":"2025-10-02T03:45:08","slug":"ellen-jokikunnakselta-paljastus-ralph-pojasta","status":"publish","type":"post","link":"https:\/\/www.europesays.com\/fi\/51096\/","title":{"rendered":"Ellen Jokikunnakselta paljastus Ralph-pojasta"},"content":{"rendered":"<p>            Jani Korpela\n        <\/p>\n<p class=\"subtitle \">Ellen Jokikunnas ja Jari Rask ovat uuden edess\u00e4, kun syksy tuo mukanaan makaronilaatikon tuoksuisen arjen.<\/p>\n<p class=\"article-content article-content-width !bg-background\"> Juontaja<br \/>\n ja h\u00e4nen puolisonsa  edustivat tyylikk\u00e4in\u00e4 yhdess\u00e4<br \/>\nKirjamessut \u2013 Eli haastattelu, joka meni p\u00e4in helvetti\u00e4 -komedian ensi-illassa Suomen komediateatterissa.<\/p>\n<p class=\"font-weight-bold m-font-weight-bold article-content article-content-width !bg-background\">Katso video: Ellen Jokikunnas Seiskalle \u2013 &#8221;Ralph ui Suomesta Italiaan&#8221;<\/p>\n<p>        <a itemprop=\"url\" href=\"https:\/\/www.seiska.fi\/kotimaa\/vau-nain-sujuvasti-ellen-jokikunnaksen-poika-puhuu-suomea\/1901826\" rel=\"nofollow noopener\" target=\"_blank\"><\/p>\n<p>\nEllen Jokikunnas\n<\/p>\n<p class=\"section-date\">\n        <strong class=\"article-section\" data-section=\"kotimaa\"><br \/>\n            kotimaa<br \/>\n        <\/strong><br \/>\n        16.8. 18:30\n    <\/p>\n<p>Vau! N\u00e4in sujuvasti Ellen Jokikunnaksen poika puhuu Suomea\n    <\/p>\n<p itemprop=\"description\" class=\"subtitle \">\n    Ralph on ollut osa Ellenin perhett\u00e4 nyt vajaan vuoden.\n<\/p>\n<p>        <\/a><\/p>\n<p class=\"article-content article-content-width !bg-background\">\u00a0 <br \/>Pariskunnasta tuli vanhempia viime marraskuussa, kun , 9, astui heid\u00e4n<br \/>\nel\u00e4m\u00e4\u00e4ns\u00e4. Ralph on valloittanut Ellenin someseuraajia esittelem\u00e4ll\u00e4 rumputaitojaan, ja my\u00f6s<br \/>\npojan osaaminen keitti\u00f6ss\u00e4 on Ellenin mukaan saanut runsaasti kehuja.\u00a0<\/p>\n<p class=\"article-content article-content-width !bg-background\">Kehuista<br \/>\nhuolimatta Ellen ja Jari haluavat muistuttaa, ett\u00e4 kyse on viel\u00e4 lapsesta.<\/p>\n<p class=\"article-content article-content-width !bg-background\">\u2013 Pyrit\u00e4\u00e4n altistamaan Ralphia, kun selke\u00e4sti lahjoja on, toteaa Jari Seiskalle.<\/p>\n<p class=\"article-content article-content-width !bg-background\">\u2013 Lapsilta ei tarvitse odottaa<br \/>\nmit\u00e4\u00e4n, Ellen lis\u00e4\u00e4.<\/p>\n<p>Uiden Suomesta Italiaan\u00a0<\/p>\n<p class=\"article-content article-content-width !bg-background\">Alkukes\u00e4n perhe vietti kuvankauniissa maisemissa Etel\u00e4-Italiassa. Kes\u00e4ll\u00e4 poppoon harrastuksiin kuului py\u00f6r\u00e4ily ja uinti. Ellen naurahtaakin, ett\u00e4 perheen kesken<br \/>\non laskettu leikki\u00e4, kuinka Ralph uisi vaikka Suomesta Italiaan.<\/p>\n<p class=\"article-content article-content-width !bg-background\">\u2013 Jokaisella pys\u00e4hdyksell\u00e4 piti olla joku l\u00e4t\u00e4kk\u00f6 tai meri. Uinti on jatkunut<br \/>\nharrastuksena siit\u00e4 l\u00e4htien, Ellen nauraa.<\/p>\n<p class=\"article-content article-content-width !bg-background\">\u2013 Polkupy\u00f6r\u00e4ily ja etenkin polkupy\u00f6r\u00e4n tuunaaminen kiinnostaa my\u00f6s. R\u00e4p\u00e4ttimi\u00e4 ja<br \/>\nlis\u00e4varusteita rakennellaan l\u00e4hes p\u00e4ivitt\u00e4in. Ralph tykk\u00e4\u00e4 tehd\u00e4 k\u00e4sill\u00e4\u00e4n ja rakentaa<br \/>\nomaa polkupy\u00f6r\u00e4\u00e4. Musta se on tosi upeeta, Jari sanoo.<\/p>\n<p>        <a itemprop=\"url\" href=\"https:\/\/www.seiska.fi\/kotimaa\/oho-ellen-jokikunnas-jarjesti-pojalleen-uskomattomat-syntymapaivajuhlat\/1895861\" rel=\"nofollow noopener\" target=\"_blank\"><\/p>\n<p>\nOho!\n<\/p>\n<p class=\"section-date\">\n        <strong class=\"article-section\" data-section=\"kotimaa\"><br \/>\n            kotimaa<br \/>\n        <\/strong><br \/>\n        11.8. 13:59\n    <\/p>\n<p>Oho! Ellen Jokikunnas j\u00e4rjesti pojalleen uskomattomat syntym\u00e4p\u00e4iv\u00e4juhlat\n    <\/p>\n<p itemprop=\"description\" class=\"subtitle \">\n    Perhe vietti Ralph Jamesin syntym\u00e4p\u00e4iv\u00e4\u00e4 ensimm\u00e4ist\u00e4 kertaa yhdess\u00e4.\n<\/p>\n<p>        <\/a><\/p>\n<p>Makaronilaatikon tuoksuinen arki<\/p>\n<p class=\"article-content article-content-width !bg-background\">Syksy on tuonut perheen arkeen muutoksia, sill\u00e4 Ralph on aloittanut koulunk\u00e4ynnin.<br \/>\nRalph k\u00e4y suomenkielist\u00e4 koulua ja perheen p\u00e4\u00e4kieli on suomi. Kotona keskityt\u00e4\u00e4n nyt makaronilaatikon tuoksuiseen arkeen ja kouluun.\u00a0<\/p>\n<p class=\"article-content article-content-width !bg-background\">Ralphin syyslomalla perhe suuntaa Italiaan, jossa on tarkoitus jatkaa talon kunnostamista. Kodin remonttia ja perheen arkea<br \/>\non seurattu Unelmia Italiassa -tv-sarjassa.<\/p>\n<p>        <a itemprop=\"url\" href=\"https:\/\/www.seiska.fi\/kotimaa\/ellen-jokikunnaksen-kotona-myrskyvaurio\/1938601\" rel=\"nofollow noopener\" target=\"_blank\"><\/p>\n<p>\nEllen Jokikunnas\n<\/p>\n<p class=\"section-date\">\n        <strong class=\"article-section\" data-section=\"kotimaa\"><br \/>\n            kotimaa<br \/>\n        <\/strong><br \/>\n        22.9. 15:29\n    <\/p>\n<p>Ellen Jokikunnaksen kotona myrskyvaurio!\n    <\/p>\n<p itemprop=\"description\" class=\"subtitle \">\n    Vanhalla rautatieasemalla rytisi.\n<\/p>\n<p>        <\/a><\/p>\n<p class=\"article-content article-content-width !bg-background\">\u2013 T\u00e4rke\u00e4\u00e4 on, ett\u00e4 Ralph saa nyt laulaa uusien suomalaisten kavereiden kanssa<br \/>\nja rakentaa omaa sosiaalista ympyr\u00e4\u00e4. Sen puitteissa sitten Italiaan sopivissa<br \/>\nsuhteissa, Jari kuvailee syksyn kuvioita Seiskalle.<\/p>\n<p>                <img decoding=\"async\" src=\"https:\/\/www.europesays.com\/fi\/wp-content\/uploads\/2025\/10\/1859263.webp\" width=\"576\" height=\"274\" alt=\"Perheen arkea on seurattu Unelmia Italiassa -tv-sarjassa. Etel\u00e4-Italian kodissa on vierallut my\u00f6s Ron Moss.\" loading=\"lazy\" \/>            <\/p>\n<p>\n            Perheen arkea on seurattu Unelmia Italiassa -tv-sarjassa. Etel\u00e4-Italian kodissa on vierallut my\u00f6s Ron Moss.<br \/>\n            MTV\n        <\/p>\n","protected":false},"excerpt":{"rendered":"Jani Korpela Ellen Jokikunnas ja Jari Rask ovat uuden edess\u00e4, kun syksy tuo mukanaan makaronilaatikon tuoksuisen arjen. Juontaja&hellip;\n","protected":false},"author":2,"featured_media":51097,"comment_status":"","ping_status":"","sticky":false,"template":"","format":"standard","meta":{"footnotes":""},"categories":[130],"tags":[1125,137,33,31,30,199,1129,98,1126,32,9008,109],"class_list":{"0":"post-51096","1":"post","2":"type-post","3":"status-publish","4":"format-standard","5":"has-post-thumbnail","7":"category-viihde","8":"tag-ellen-jokikunnas","9":"tag-entertainment","10":"tag-fi","11":"tag-finland","12":"tag-finnish","13":"tag-italia","14":"tag-jari-rask","15":"tag-perhe","16":"tag-ralph-james","17":"tag-suomi","18":"tag-unelmia-italiassa","19":"tag-viihde"},"share_on_mastodon":{"url":"","error":""},"_links":{"self":[{"href":"https:\/\/www.europesays.com\/fi\/wp-json\/wp\/v2\/posts\/51096","targetHints":{"allow":["GET"]}}],"collection":[{"href":"https:\/\/www.europesays.com\/fi\/wp-json\/wp\/v2\/posts"}],"about":[{"href":"https:\/\/www.europesays.com\/fi\/wp-json\/wp\/v2\/types\/post"}],"author":[{"embeddable":true,"href":"https:\/\/www.europesays.com\/fi\/wp-json\/wp\/v2\/users\/2"}],"replies":[{"embeddable":true,"href":"https:\/\/www.europesays.com\/fi\/wp-json\/wp\/v2\/comments?post=51096"}],"version-history":[{"count":0,"href":"https:\/\/www.europesays.com\/fi\/wp-json\/wp\/v2\/posts\/51096\/revisions"}],"wp:featuredmedia":[{"embeddable":true,"href":"https:\/\/www.europesays.com\/fi\/wp-json\/wp\/v2\/media\/51097"}],"wp:attachment":[{"href":"https:\/\/www.europesays.com\/fi\/wp-json\/wp\/v2\/media?parent=51096"}],"wp:term":[{"taxonomy":"category","embeddable":true,"href":"https:\/\/www.europesays.com\/fi\/wp-json\/wp\/v2\/categories?post=51096"},{"taxonomy":"post_tag","embeddable":true,"href":"https:\/\/www.europesays.com\/fi\/wp-json\/wp\/v2\/tags?post=51096"}],"curies":[{"name":"wp","href":"https:\/\/api.w.org\/{rel}","templated":true}]}}