{"id":51105,"date":"2025-10-02T04:03:08","date_gmt":"2025-10-02T04:03:08","guid":{"rendered":"https:\/\/www.europesays.com\/fi\/51105\/"},"modified":"2025-10-02T04:03:08","modified_gmt":"2025-10-02T04:03:08","slug":"andy-mccoy-kaivoi-lompakkonsa-esiin-naky-raivostutti-suomen","status":"publish","type":"post","link":"https:\/\/www.europesays.com\/fi\/51105\/","title":{"rendered":"Andy McCoy kaivoi lompakkonsa esiin \u2013 n\u00e4ky raivostutti Suomen"},"content":{"rendered":"<p>Tv:ss\u00e4 n\u00e4ht\u00e4v\u00e4 kuusi- ja puoliminuuttinen tuokio Michael Monroen ja Andy McCoyn seurassa on lyhyk\u00e4isyydess\u00e4\u00e4nkin mahtava paketti ajankuvaa ja nostalgiaa.<\/p>\n<p class=\"article-body mb-nof-24 px-nof-16\">Tv-lehti arvioi: Harva asia on enemm\u00e4n kasaria kuin tukkahevi. Aiheelle omistetun dokumentin j\u00e4lkeen Teeman illan ottaa haltuun Hanoi Rocks, jonka kokemukset melkein valloitetusta Amerikasta ja hukatuista dollaripinoista kuuluvat Suomi-rockin suuriin tarinoihin.<\/p>\n<p class=\"article-body mb-nof-24 px-nof-16\">Vuoden 1985 j\u00e4lkeen aika moni suomalainen tiesi, paljonko <a class=\"article-personlink\" href=\"https:\/\/www.is.fi\/haku\/?query=Andy%20McCoylla\" rel=\"nofollow noopener\" target=\"_blank\">Andy McCoylla<\/a> on fyrkkaa taskussa. Tietenkin \u201dkolkyt donaa\u201d, mink\u00e4 t\u00e4m\u00e4 my\u00f6s todisti <a class=\"article-personlink\" href=\"https:\/\/www.is.fi\/haku\/?query=Arvo%20Tuomisen\" rel=\"nofollow noopener\" target=\"_blank\">Arvo Tuomisen<\/a> tekem\u00e4ss\u00e4 A-studion haastattelussa.<\/p>\n<p class=\"article-body mb-nof-24 px-nof-16\">Kuusi- ja puoliminuuttinen tuokio on lyhyk\u00e4isyydess\u00e4\u00e4nkin mahtava paketti ajankuvaa ja nostalgiaa.<\/p>\n<p class=\"article-body mb-nof-24 px-nof-16\">Ajan tavan mukaan kulttuuriv\u00e4ki odotti b\u00e4ndeilt\u00e4 \u201dsanomaa\u201d. Niinp\u00e4 pahoitellaan, ett\u00e4 Lontooseen muuttaneella Hanoilla se hukkuu v\u00e4rivaloihin, savuun ja \u00e4\u00e4nivalliin.<\/p>\n<p class=\"article-body mb-nof-24 px-nof-16\">N\u00f6yryys piti olla Suomi-rokkarin ty\u00f6kalupakissa p\u00e4\u00e4llimm\u00e4isen\u00e4. Mike Monroe ja Andy McCoy tiesiv\u00e4t sen tarkkaan, eiv\u00e4tk\u00e4 l\u00e4hteneet leikkiin mukaan. Varsinkaan j\u00e4lkimm\u00e4inen ei s\u00e4\u00e4stellyt sanojaan.<\/p>\n<p class=\"article-body mb-nof-24 px-nof-16\">\u2013 Mit\u00e4 kauempana m\u00e4 oon t\u00e4\u00e4lt\u00e4, sit\u00e4 parempi fiilis, lausui ketjupolttava kitaristi, joka my\u00f6hemmin on viihtynyt kotimaassaan hyvinkin vahvasti.<\/p>\n<p class=\"article-body mb-nof-24 px-nof-16\">Sovinnollisempi Mike Monroe kehuu faneja ja sukulaisia. Andykin hieman pehmenee.<\/p>\n<p class=\"article-body mb-nof-24 px-nof-16\">\u2013 Rock\u2019n\u2019rollilla, alkoholilla, seksill\u00e4 ja huumeilla ei oo mit\u00e4\u00e4n yhteist\u00e4, h\u00e4n yll\u00e4tt\u00e4en toteaa kuin partiopoika, ja ehk\u00e4 huomaa, ett\u00e4 homma alkaa menn\u00e4 turhan pehmoksi.<\/p>\n<p class=\"article-body mb-nof-24 px-nof-16\">\u2013 M\u00e4 myyn persett\u00e4 Amsterdamissa, h\u00e4n sitten kuittaa tulevaisuuden suunnitelmat.<\/p>\n<p><img decoding=\"async\" src=\"https:\/\/www.europesays.com\/fi\/wp-content\/uploads\/2025\/10\/1759377788_117_468.jpg\" alt=\"Hanoi Rocks sai rivins\u00e4 j\u00e4rjestykseen viel\u00e4 tammikuun 1985 Kulttuuritalo-keikalle. Kuvassa solisti Michael Monroe.\" class=\"_Img_1rerz_1\" style=\"aspect-ratio:1.294672960215779\" loading=\"eager\"\/><\/p>\n<p class=\"article-picture-caption\">Hanoi Rocks sai rivins\u00e4 j\u00e4rjestykseen viel\u00e4 tammikuun 1985 Kulttuuritalo-keikalle. Kuvassa solisti Michael Monroe. Kuva:\u00a0YLE<\/p>\n<p class=\"article-body mb-nof-24 px-nof-16\">Ja kun vauhtiin p\u00e4\u00e4stiin, McCoy kaivaa virnuillen lompakostaan 30 000 markkaa. Parhaaseen katseluaikaan ei moista rehvastelua ollut totuttu siet\u00e4m\u00e4\u00e4n kuin <a class=\"article-personlink\" href=\"https:\/\/www.is.fi\/haku\/?query=J%C3%B6rn%20Donnerilta\" rel=\"nofollow noopener\" target=\"_blank\">J\u00f6rn Donnerilta<\/a>, joten raivo repesi.<\/p>\n<p class=\"article-body mb-nof-24 px-nof-16\">Musiikkipiireiss\u00e4 faktat tunnettiin jo aika pian, mutta vuoden 1994 Suurenmoinen 80-luku -ohjelmassa Andy paljasti suurellekin yleis\u00f6lle, ettei h\u00e4n jatkuvasti sellaisia rahoja kanniskellut.<\/p>\n<p class=\"article-body mb-nof-24 px-nof-16\">\u2013 Mulla sattu oleen kolkyt donaa. M\u00e4 olin menossa ostamaan pari uutta skebaa (kitaraa).<\/p>\n<p class=\"article-body mb-nof-24 px-nof-16\">Vain reilua kuukautta ennen kohuhaastattelua Hanoi Rocks oli menett\u00e4nyt brittil\u00e4isen rumpalinsa <a class=\"article-personlink\" href=\"https:\/\/www.is.fi\/haku\/?query=Razzlen\" rel=\"nofollow noopener\" target=\"_blank\">Razzlen<\/a> (<a class=\"article-personlink\" href=\"https:\/\/www.is.fi\/haku\/?query=Nicholas%20Dingley\" rel=\"nofollow noopener\" target=\"_blank\">Nicholas Dingley<\/a>) auto-onnettomuudessa, M\u00f6tley Cr\u00fce -solisti <a class=\"article-personlink\" href=\"https:\/\/www.is.fi\/haku\/?query=Vince%20Neilin\" rel=\"nofollow noopener\" target=\"_blank\">Vince Neilin<\/a> rattijuoppouden seurauksena. Mike ja Andy eiv\u00e4t haastattelussa tehneet asiasta isompaa numeroa, mutta tapaus k\u00e4yt\u00e4nn\u00f6ss\u00e4 katkaisi Hanoi Rocksin nousukiidon huipulle.<\/p>\n<p class=\"article-body mb-nof-24 px-nof-16\">Aihetta k\u00e4sitell\u00e4\u00e4n t\u00e4n\u00e4\u00e4n klo 21.00 alkavan Tukkahevin hullu 80-luku -dokumentin toisessa jaksossa ensi torstaina. Hanoi Rocksin vaikutus Guns N\u2019 Rosesiin ja muihin suuruuksiin muistetaan sin\u00e4 my\u00f6s.<\/p>\n<p class=\"article-body mb-nof-24 px-nof-16\">Hanoi-ilta jatkuu Razzlen muistokonsertin taltioinnilla Helsingin Kulttuuritalolta tammikuussa 1985. B\u00e4ndi oli viel\u00e4 kelpo iskussa, ja alkuper\u00e4inen The Clash -rumpali <a class=\"article-personlink\" href=\"https:\/\/www.is.fi\/haku\/?query=Terry%20Chimes\" rel=\"nofollow noopener\" target=\"_blank\">Terry Chimes<\/a> hoiti muutaman treenin j\u00e4lkeen osuutensa mallikkaasti. Sis\u00e4isesti b\u00e4ndi oli kuitenkin murenemassa, ja basisti <a class=\"article-personlink\" href=\"https:\/\/www.is.fi\/haku\/?query=Sam%20Yaffa\" rel=\"nofollow noopener\" target=\"_blank\">Sam Yaffa<\/a> erosi heti Kulttuuritalon keikan j\u00e4lkeen.<\/p>\n<p class=\"article-body mb-nof-24 px-nof-16\">Energisen\u00e4 keikkailijana tunnettu Mike Monroe (63 v.) on t\u00e4ll\u00e4 hetkell\u00e4 sairaslomalla polven nivelkierukan repe\u00e4misen j\u00e4lkeen. Siin\u00e4 kunnossa ei kannata tuttuun tapaan kiipeill\u00e4 lavarakennelmissa.<\/p>\n<p><img decoding=\"async\" src=\"https:\/\/www.europesays.com\/fi\/wp-content\/uploads\/2025\/10\/1759377788_485_468.jpg\" alt=\"Hanoi Rocksin Andy McCoy (vas.) ja Mike Monroe ovat osa Suomi-rockin historiaa. Kuva kokoelmalevyn julkaisutilaisuudesta vuonna 2001.\" class=\"_Img_1rerz_1\" style=\"aspect-ratio:1.5213946117274169\" loading=\"eager\"\/><\/p>\n<p class=\"article-picture-caption\">Hanoi Rocksin Andy McCoy (vas.) ja Mike Monroe ovat osa Suomi-rockin historiaa. Kuva kokoelmalevyn julkaisutilaisuudesta vuonna 2001. Kuva:\u00a0Jukka Ritola \/ Lehtikuva<\/p>\n<p class=\"article-body mb-nof-24 px-nof-16\">K\u00e4velykepin kanssa kes\u00e4ll\u00e4 bongattu Andy McCoy (62 v.) on puolestaan viime ajat viett\u00e4nyt hiljaiseloa Karkkilassa ja Mallorcalla.<\/p>\n<p class=\"article-body mb-nof-24 px-nof-16\">Hanoi-ilta p\u00e4\u00e4ttyy <a class=\"article-personlink\" href=\"https:\/\/www.is.fi\/haku\/?query=Pekka%20Lehdon\" rel=\"nofollow noopener\" target=\"_blank\">Pekka Lehdon<\/a> hulluun henkil\u00f6kuvaan The Real McCoy vuodelta 1999. Kitaristin hammaskalusto alkoi v\u00e4itetysti metadonin j\u00e4ljilt\u00e4 olla pahassa kunnossa. Osa elokuvan tuotoista ohjattiinkin \u201dAndylle uudet legot\u201d -kansalaisker\u00e4ykseen. Sen turvin hankitut tekohampaat katosivat Aftonbladetin mukaan Peace &amp; Love -festareilla vuonna 2006. Kunnon implantit ja kultaiset kulmahampaat Andy hankki viime vuonna.<\/p>\n<p class=\"article-body nof-ui-body-medium mb-nof-24 px-nof-16\">Klassikkohaastattelu: Hanoi Rocks klo 21.45 Teema &amp; Fem torstaina 2.10.<\/p>\n<p class=\"article-body nof-ui-body-medium mb-nof-24 px-nof-16\">Hanoi Rocks konserttilavalla 1985 klo 21.51 Teema &amp; Fem torstaina 2.10.<\/p>\n","protected":false},"excerpt":{"rendered":"Tv:ss\u00e4 n\u00e4ht\u00e4v\u00e4 kuusi- ja puoliminuuttinen tuokio Michael Monroen ja Andy McCoyn seurassa on lyhyk\u00e4isyydess\u00e4\u00e4nkin mahtava paketti ajankuvaa ja&hellip;\n","protected":false},"author":2,"featured_media":51106,"comment_status":"","ping_status":"","sticky":false,"template":"","format":"standard","meta":{"footnotes":""},"categories":[136],"tags":[407,137,33,31,30,34,408,32,109],"class_list":{"0":"post-51105","1":"post","2":"type-post","3":"status-publish","4":"format-standard","5":"has-post-thumbnail","7":"category-julkkikset","8":"tag-celebrities","9":"tag-entertainment","10":"tag-fi","11":"tag-finland","12":"tag-finnish","13":"tag-ilta-sanomat","14":"tag-julkkikset","15":"tag-suomi","16":"tag-viihde"},"share_on_mastodon":{"url":"","error":""},"_links":{"self":[{"href":"https:\/\/www.europesays.com\/fi\/wp-json\/wp\/v2\/posts\/51105","targetHints":{"allow":["GET"]}}],"collection":[{"href":"https:\/\/www.europesays.com\/fi\/wp-json\/wp\/v2\/posts"}],"about":[{"href":"https:\/\/www.europesays.com\/fi\/wp-json\/wp\/v2\/types\/post"}],"author":[{"embeddable":true,"href":"https:\/\/www.europesays.com\/fi\/wp-json\/wp\/v2\/users\/2"}],"replies":[{"embeddable":true,"href":"https:\/\/www.europesays.com\/fi\/wp-json\/wp\/v2\/comments?post=51105"}],"version-history":[{"count":0,"href":"https:\/\/www.europesays.com\/fi\/wp-json\/wp\/v2\/posts\/51105\/revisions"}],"wp:featuredmedia":[{"embeddable":true,"href":"https:\/\/www.europesays.com\/fi\/wp-json\/wp\/v2\/media\/51106"}],"wp:attachment":[{"href":"https:\/\/www.europesays.com\/fi\/wp-json\/wp\/v2\/media?parent=51105"}],"wp:term":[{"taxonomy":"category","embeddable":true,"href":"https:\/\/www.europesays.com\/fi\/wp-json\/wp\/v2\/categories?post=51105"},{"taxonomy":"post_tag","embeddable":true,"href":"https:\/\/www.europesays.com\/fi\/wp-json\/wp\/v2\/tags?post=51105"}],"curies":[{"name":"wp","href":"https:\/\/api.w.org\/{rel}","templated":true}]}}