{"id":51107,"date":"2025-10-02T04:06:10","date_gmt":"2025-10-02T04:06:10","guid":{"rendered":"https:\/\/www.europesays.com\/fi\/51107\/"},"modified":"2025-10-02T04:06:10","modified_gmt":"2025-10-02T04:06:10","slug":"erikoisjoukot-kokelas-avautuu-jarkyttavasta-perhetragediastaan-murtuu-kuulustelussa","status":"publish","type":"post","link":"https:\/\/www.europesays.com\/fi\/51107\/","title":{"rendered":"Erikoisjoukot-kokelas avautuu j\u00e4rkytt\u00e4v\u00e4st\u00e4 perhetragediastaan \u2013 murtuu kuulustelussa"},"content":{"rendered":"<p>\n            Kokelaat jaettiin kahteen tiimiin.<br \/>\n            Sanoma\n        <\/p>\n<p class=\"subtitle \">Kokelas kokee uudessa jaksossa kovaa simputusta Erikoisjoukot-kouluttajilta.<\/p>\n<p class=\"article-content article-content-width !bg-background\">Erikoisjoukot-kokelas joutuu kouluttajien kuulusteluun, sill\u00e4 h\u00e4n murtuu teht\u00e4v\u00e4n aikana kauden viidenness\u00e4 jaksossa, joka esitet\u00e4\u00e4n tv:ss\u00e4 2. lokakuuta.<\/p>\n<p class=\"font-weight-bold m-font-weight-bold article-content article-content-width !bg-background\">Arkistovideo: Erikoisjoukot-kouluttajat vastaavat v\u00e4itt\u00e4miin.<\/p>\n<p class=\"article-content article-content-width !bg-background\">Teht\u00e4v\u00e4n aikana kokelas numero 15 eli  t\u00e4risee, eik\u00e4\u00a0 meinaa pysy\u00e4 pystyss\u00e4, sill\u00e4 h\u00e4n on joutunut pulaan 300 metrin mittaisella uintimatkalla. Vesi on kylm\u00e4\u00e4, ja Nino kokee hypotermian oireita. H\u00e4n vaikuttaa lamaantuvan, joten j\u00e4\u00e4uimari  auttaa h\u00e4nt\u00e4.\u00a0<\/p>\n<p class=\"article-content article-content-width !bg-background\">Nino ei s\u00e4\u00e4sty kuitenkaan kouluttajien armottomilta sanoilta.<\/p>\n<p class=\"article-content article-content-width !bg-background\">\u2013 On paskaa ja vit*ttaa. Ei voi mit\u00e4\u00e4n. Normaali olotila,  toteaa kokelaalle teht\u00e4v\u00e4n lopussa.<\/p>\n<p class=\"article-content article-content-width !bg-background\">\u2013 Kasaa itsesi nyt. \u00c4l\u00e4 vi**u itke! Sinulta l\u00f6ytyy se, mit\u00e4 tarvitsee,  sanoo.<\/p>\n<p>        <a itemprop=\"url\" href=\"https:\/\/www.seiska.fi\/katso\/erikoisjoukoissa-vaaratilanne-laakari-paikalle\/1947441\" rel=\"nofollow noopener\" target=\"_blank\"><\/p>\n<p>\nErikoisjoukot\n<\/p>\n<p class=\"section-date\">\n        <strong class=\"article-section\" data-section=\"katso\"><br \/>\n            katso<br \/>\n        <\/strong><br \/>\n        1.10. 10:51\n    <\/p>\n<p>Erikoisjoukoissa vaaratilanne! L\u00e4\u00e4k\u00e4ri paikalle\n    <\/p>\n<p itemprop=\"description\" class=\"subtitle \">\n    Kaksi kokelasta joutuu keskeytt\u00e4m\u00e4\u00e4n teht\u00e4v\u00e4n Erikoisjoukot-kauden tuoreessa jaksossa.\n<\/p>\n<p>        <\/a><\/p>\n<p>Janne Lehtosen piinapenkiss\u00e4<\/p>\n<p class=\"article-content article-content-width !bg-background\">Nino haetaan kuulusteluun. H\u00e4n kertoo itkeneens\u00e4 ensimm\u00e4ist\u00e4 kertaa pitk\u00e4\u00e4n aikaan.<\/p>\n<p class=\"article-content article-content-width !bg-background\">Nino kertoo kyyneleit\u00e4\u00e4n niellen, ett\u00e4 on ensimm\u00e4ist\u00e4 kertaa pystynyt pys\u00e4htym\u00e4\u00e4n leirill\u00e4 ollessaan. H\u00e4n saanut tilaa ajatella, mit\u00e4 on lapsuudessaan ja edellisen\u00e4 kes\u00e4n\u00e4 k\u00e4ynyt l\u00e4pi.<\/p>\n<p class=\"article-content article-content-width !bg-background\">\u2013 Pysynyt turhan vahvana pitk\u00e4\u00e4n. T\u00e4\u00e4ll\u00e4 on pystynyt n\u00e4ytt\u00e4m\u00e4\u00e4n sen. Joutunut ajatella niit\u00e4 juttuja, Nino pohtii.<\/p>\n<p class=\"article-content article-content-width !bg-background\">\u2013 Niin k\u00e4y, kun vie fysiikan ja mielen \u00e4\u00e4rirajoille. Silloin kaikki tulevat eteen, p\u00e4\u00e4kouluttaja  tuumaa.<\/p>\n<p>                <img decoding=\"async\" src=\"https:\/\/www.europesays.com\/fi\/wp-content\/uploads\/2025\/10\/1947853.webp\" width=\"576\" height=\"274\" title=\"Nino lamaantui vedess\u00e4.\" alt=\"Erikoisjoukot: Elina M\u00e4kinen ja Nino \u00c4rling vedess\u00e4.\" loading=\"lazy\" \/>            <\/p>\n<p>\n            Nino lamaantui vedess\u00e4.<br \/>\n            Jere Hietala \/ Sanoma\n        <\/p>\n<p class=\"article-content article-content-width !bg-background\">Nino kertoo oppineensa leirin ensimm\u00e4isten p\u00e4ivien aikana tuntemaan itsens\u00e4 \u2013 tai pikemminkin saanut jotain, mit\u00e4 h\u00e4nell\u00e4 oli lapsena. H\u00e4n kertoo olleensa herkk\u00e4.<\/p>\n<p class=\"article-content article-content-width !bg-background\">\u2013 Nyt en ole varmaan 15 vuoteen uskaltanut itke\u00e4 tai pystynyt. Outoa, ett\u00e4 on n\u00e4in nopeasti yht\u00e4kki\u00e4, Nino sanoo.<\/p>\n<p class=\"article-content article-content-width !bg-background\">\u2013 Miksi olet hautonut jotain? Janne kysyy.<\/p>\n<p class=\"article-content article-content-width !bg-background\">Nino ottaa pitk\u00e4n sis\u00e4\u00e4nhengityksen, ennen kuin vastaa. H\u00e4n on halunnut pysy\u00e4 isoveljen\u00e4 pienemmille sisaruksilleen. H\u00e4n ei ole halunnut n\u00e4ytt\u00e4\u00e4 sit\u00e4, ett\u00e4 h\u00e4nt\u00e4 pelottaa, vaan n\u00e4ytt\u00e4nyt kovan puolensa.<\/p>\n<p>        <a itemprop=\"url\" href=\"https:\/\/www.seiska.fi\/katso\/nain-paljon-erikoisjoukot-kouluttajilla-on-valtaa\/1906082\" rel=\"nofollow noopener\" target=\"_blank\"><\/p>\n<p>\nErikoisjoukot\n<\/p>\n<p class=\"section-date\">\n        <strong class=\"article-section\" data-section=\"katso\"><br \/>\n            katso<br \/>\n        <\/strong><br \/>\n        21.8. 15:15\n    <\/p>\n<p>N\u00e4in paljon Erikoisjoukot-kouluttajilla on valtaa\n    <\/p>\n<p itemprop=\"description\" class=\"subtitle \">\n    Kouluttaja Jan Knutti kertoo, millainen on siviiliss\u00e4.\n<\/p>\n<p>        <\/a><\/p>\n<p>Nino murtuu<\/p>\n<p class=\"article-content article-content-width !bg-background\">Nino murtuu kyyneliin, kun kertoo edellisest\u00e4 kes\u00e4st\u00e4. Kes\u00e4 oli h\u00e4nen mukaansa rankka.<\/p>\n<p class=\"article-content article-content-width !bg-background\">\u2013 Sori, Nino sanoo.<\/p>\n<p class=\"article-content article-content-width !bg-background\">\u2013 Ei mit\u00e4\u00e4n, Janne sanoo.<\/p>\n<p class=\"article-content article-content-width !bg-background\">Nino kertoo, ett\u00e4 h\u00e4nen \u00e4itins\u00e4 on aina haaveillut talosta, jossa kaikki lapset voisivat olla. Viime kes\u00e4n\u00e4 haave toteutui, kun \u00e4iti osti uuden miehens\u00e4 kanssa talon.<\/p>\n<p class=\"article-content article-content-width !bg-background\">\u2013 Ehtiv\u00e4t asua siin\u00e4 alle viikon. Oli kes\u00e4n ensimm\u00e4inen ukkoskuuro. Salama osui taloon ja kaikki paloi. Ei ehditty ottaa vakuutusta. Siell\u00e4 meni kaikki muistot ja kaikki, Nino kertoo.<\/p>\n<p class=\"article-content article-content-width !bg-background\">\u2013 Koitin lohduttaa muita. N\u00e4in \u00e4idin ihan maassa. Halusin pysy\u00e4 vahvana, h\u00e4n jatkaa.<\/p>\n<p>                <img decoding=\"async\" src=\"https:\/\/www.europesays.com\/fi\/wp-content\/uploads\/2025\/10\/1891015.webp\" width=\"576\" height=\"274\" title=\"Nino \u00c4rling tunnetaan sis\u00e4ll\u00f6ntuottajana.\" alt=\"Nino \u00c4rling, Erikoisjoukot\" loading=\"lazy\" \/>            <\/p>\n<p>\n            Nino \u00c4rling tunnetaan sis\u00e4ll\u00f6ntuottajana.<br \/>\n            Sanoma\n        <\/p>\n<p class=\"article-content article-content-width !bg-background\">Ninon yst\u00e4v\u00e4 on erikoisjoukkosotilas t\u00e4ll\u00e4kin hetkell\u00e4. Yst\u00e4v\u00e4 tuli perheen avuksi pyyteett\u00e4. Yst\u00e4v\u00e4n teko innoitti Ninon Erikoisjoukot-ohjelmaan mukaan.<\/p>\n<p class=\"article-content article-content-width !bg-background\">\u2013 Siin\u00e4 tajusin, mik\u00e4 luonne teill\u00e4 on. Mit\u00e4 olette valmiita tekem\u00e4\u00e4n kavereiden takia, Nino summaa.<\/p>\n<p class=\"italic m-italic article-content article-content-width !bg-background\">Erikoisjoukot torstaisin Nelosella ja Ruudussa.<\/p>\n<p>        <a itemprop=\"url\" href=\"https:\/\/www.seiska.fi\/katso\/janne-lehtonen-paljastaa-tata-et-nae-erikoisjoukot-ohjelmassa\/1909131\" rel=\"nofollow noopener\" target=\"_blank\"><\/p>\n<p>\nJanne Lehtonen paljastaa Erikoisjoukoista\n<\/p>\n<p class=\"section-date\">\n        <strong class=\"article-section\" data-section=\"katso\"><br \/>\n            katso<br \/>\n        <\/strong><br \/>\n        25.8. 12:15\n    <\/p>\n<p>Janne Lehtonen paljastaa: T\u00e4t\u00e4 et n\u00e4e Erikoisjoukot-ohjelmassa\n    <\/p>\n<p itemprop=\"description\" class=\"subtitle \">\n    Janne Lehtonen on toiminut brutaalin tv-ohjelman p\u00e4\u00e4kouluttajana ensimm\u00e4isest\u00e4 kaudesta alkaen.\n<\/p>\n<p>        <\/a><\/p>\n","protected":false},"excerpt":{"rendered":"Kokelaat jaettiin kahteen tiimiin. Sanoma Kokelas kokee uudessa jaksossa kovaa simputusta Erikoisjoukot-kouluttajilta. Erikoisjoukot-kokelas joutuu kouluttajien kuulusteluun, sill\u00e4 h\u00e4n&hellip;\n","protected":false},"author":2,"featured_media":51108,"comment_status":"","ping_status":"","sticky":false,"template":"","format":"standard","meta":{"footnotes":""},"categories":[133],"tags":[10030,137,2159,33,31,30,2160,2155,2156,1758,2215,2158,32,206,1318,156,109],"class_list":{"0":"post-51107","1":"post","2":"type-post","3":"status-publish","4":"format-standard","5":"has-post-thumbnail","7":"category-televisiot","8":"tag-elina-makinen","9":"tag-entertainment","10":"tag-erikoisjoukot","11":"tag-fi","12":"tag-finland","13":"tag-finnish","14":"tag-jan-knutti","15":"tag-janne-lehtonen","16":"tag-matias-petaisto","17":"tag-nelonen","18":"tag-nino-arling","19":"tag-ruutu","20":"tag-suomi","21":"tag-televisiot","22":"tag-tv-ohjelma","23":"tag-tv","24":"tag-viihde"},"share_on_mastodon":{"url":"","error":""},"_links":{"self":[{"href":"https:\/\/www.europesays.com\/fi\/wp-json\/wp\/v2\/posts\/51107","targetHints":{"allow":["GET"]}}],"collection":[{"href":"https:\/\/www.europesays.com\/fi\/wp-json\/wp\/v2\/posts"}],"about":[{"href":"https:\/\/www.europesays.com\/fi\/wp-json\/wp\/v2\/types\/post"}],"author":[{"embeddable":true,"href":"https:\/\/www.europesays.com\/fi\/wp-json\/wp\/v2\/users\/2"}],"replies":[{"embeddable":true,"href":"https:\/\/www.europesays.com\/fi\/wp-json\/wp\/v2\/comments?post=51107"}],"version-history":[{"count":0,"href":"https:\/\/www.europesays.com\/fi\/wp-json\/wp\/v2\/posts\/51107\/revisions"}],"wp:featuredmedia":[{"embeddable":true,"href":"https:\/\/www.europesays.com\/fi\/wp-json\/wp\/v2\/media\/51108"}],"wp:attachment":[{"href":"https:\/\/www.europesays.com\/fi\/wp-json\/wp\/v2\/media?parent=51107"}],"wp:term":[{"taxonomy":"category","embeddable":true,"href":"https:\/\/www.europesays.com\/fi\/wp-json\/wp\/v2\/categories?post=51107"},{"taxonomy":"post_tag","embeddable":true,"href":"https:\/\/www.europesays.com\/fi\/wp-json\/wp\/v2\/tags?post=51107"}],"curies":[{"name":"wp","href":"https:\/\/api.w.org\/{rel}","templated":true}]}}