{"id":51121,"date":"2025-10-02T04:32:07","date_gmt":"2025-10-02T04:32:07","guid":{"rendered":"https:\/\/www.europesays.com\/fi\/51121\/"},"modified":"2025-10-02T04:32:07","modified_gmt":"2025-10-02T04:32:07","slug":"tanaan-tvssa-voittaja-kaikilla-osa-alueilla-viiden-tahden-rikoselokuva-vuodelta-2006","status":"publish","type":"post","link":"https:\/\/www.europesays.com\/fi\/51121\/","title":{"rendered":"T\u00e4n\u00e4\u00e4n tv:ss\u00e4: &#8221;Voittaja kaikilla osa-alueilla&#8221; \u2013 Viiden t\u00e4hden rikoselokuva vuodelta 2006"},"content":{"rendered":"<p><strong>Martin Scorseselle <\/strong>vihdoin ja viimein kauan kaivatun Oscarin parhaasta ohjauksesta tuonut sek\u00e4 parhaan elokuvan Oscarin voittanut The Departed (2006) on tekij\u00e4lleen ominainen mestariteos. Se on rautainen rikoselokuva, jonka tarinallinen pohja l\u00f6ytyy erinomaisesta Hongkong-elokuvasta Infernal Affairs (2002).<\/p>\n<p>The Departed sijoittuu irlantilaisen mafian hallitsemaan Etel\u00e4-Bostoniin ja kertoo kahdesta lain eri puolilla toimivasta nuoresta poliisista. Billy Costigan (<strong>Leonardo<\/strong> <strong>DiCaprio<\/strong>) houkutellaan rikollisen perhetaustansa vuoksi soluttautujaksi mafiapomo Frank Costellon (<strong>Jack<\/strong> <strong>Nicholson<\/strong>) organisaatioon. Nuhteeton Colin Sullivan (<strong>Matt<\/strong> <strong>Damon<\/strong>) on puolestaan pikkupojasta saakka Costellon taskussa kasvanut petturi, joka vuotaa tietoja \u201dkummised\u00e4lleen\u201d p\u00e4\u00e4sty\u00e4\u00e4n sis\u00e4\u00e4n j\u00e4rjest\u00e4ytynytt\u00e4 rikollisuutta tutkivaan yksikk\u00f6\u00f6n.<\/p>\n<p>L\u00e4ht\u00f6kohdan selvitty\u00e4 The Departedista muodostuu hurja kissa ja hiiri -leikki n\u00e4iden kahden myyr\u00e4nty\u00f6t\u00e4 vastapuolelle tekev\u00e4n soluttautujan v\u00e4lille. Keskell\u00e4 vaikuttaa tietenkin itse psykoottinen Costello, jonka tulkitsemisessa Jack Nicholson tekee tajunnanr\u00e4j\u00e4ytt\u00e4v\u00e4\u00e4 ty\u00f6t\u00e4. My\u00f6s Leonardo DiCaprio ja Matt Damon ovat enemm\u00e4n kuin vakuuttavia, joiden ohella sivuroolit pursuavat hienoja n\u00e4yttelij\u00e4kykyj\u00e4 aina <strong>Martin Sheenist\u00e4 Alec Baldwiniin.<\/strong><\/p>\n<p>Lue my\u00f6s: <a href=\"https:\/\/www.episodi.fi\/uutiset\/ohjaajalegenda-sekosi-leonardo-dicaprion-uudesta-leffasta-modernin-amerikkalaisen-elokuvan-merkkipaalu\/\" title=\"Ohjaajalegenda sekosi Leonardo DiCaprion uudesta leffasta \u2013 \u201dModernin amerikkalaisen elokuvan merkkipaalu\u201d\" class=\"underline-custom !font-montserrat !font-bold !underline-offset-4 !decoration-4 !decoration-episodi-blue !text-md\" rel=\"nofollow noopener\" target=\"_blank\">Ohjaajalegenda sekosi Leonardo DiCaprion uudesta leffasta \u2013 \u201dModernin amerikkalaisen elokuvan merkkipaalu\u201d<\/a><\/p>\n<p>N\u00e4yttelij\u00f6iden, Scorsesen ohjauksen, jo kolmannen Oscarin <strong>Thelma<\/strong> <strong>Schoonmakerille<\/strong> tuoneen leikkauksen ja ohjaajan hovikuvaajiin kuuluvan <strong>Michael<\/strong> <strong>Ballhausin<\/strong> (Mafiaveljet) kameraty\u00f6n ohella suurin kumarrus kuuluu k\u00e4sikirjoittaja <strong>William<\/strong> <strong>Monahanille<\/strong> (Kingdom of Heaven).<\/p>\n<p>Ehk\u00e4 selkeimmin Oscarinsa The Departedista ansainnut Monahan kirjoittaa polviaheikottavan t\u00e4ydellist\u00e4 dialogia, jonka sis\u00e4ll\u00f6llinen rikkaus ja rytmillinen taituruus muodostavat oman laatutasonsa, puhumattakaan tarinallisen kokonaisuuden mestarillisesta hallinnasta. Tiivistetysti ilmaistuna The Departed on voittaja elokuvantekemisen kaikilla osa-alueilla.<\/p>\n<p>The Departed esitet\u00e4\u00e4n nyt televisiossa kolmeen otteeseen:<\/p>\n<ul class=\"wp-block-list\">\n<li>To 2.10.2025 klo 21.00 \u00b7 TV5<\/li>\n<li>Ma 6.10.2025 klo 21.00 \u00b7 Kutonen<\/li>\n<li>Ti 7.10.2025 klo 23.20 \u00b7 TV5<\/li>\n<\/ul>\n<p>Elokuva kuuluu my\u00f6s Viaplayn valikoimaan. Katso traileri alta.<\/p>\n<p>Arvio: Tuomas Riskala<\/p>\n<p><img loading=\"lazy\" decoding=\"async\" alt=\"YouTube video\" width=\"480\" height=\"360\" data-pin-nopin=\"true\" nopin=\"nopin\" class=\"perfmatters-lazy\" src=\"https:\/\/www.europesays.com\/fi\/wp-content\/uploads\/2025\/10\/1759379527_797_hqdefault.jpg\"\/><\/p>\n<p>Lue my\u00f6s: <a href=\"https:\/\/www.episodi.fi\/uutiskirje\/?uutiskirjemainos=tekstilinkkimainos\" title=\"Tilaa Episodin uutiskirje ja voit voittaa leffalippuja! Nappaa tv-vinkit suoraan s\u00e4hk\u00f6postiin t\u00e4st\u00e4.\" class=\"underline-custom !font-montserrat !font-bold !underline-offset-4 !decoration-4 !decoration-episodi-blue !text-md\" rel=\"nofollow noopener\" target=\"_blank\">Tilaa Episodin uutiskirje ja voit voittaa leffalippuja! Nappaa katseluvinkit suoraan s\u00e4hk\u00f6postiin t\u00e4st\u00e4.<\/a><\/p>\n","protected":false},"excerpt":{"rendered":"Martin Scorseselle vihdoin ja viimein kauan kaivatun Oscarin parhaasta ohjauksesta tuonut sek\u00e4 parhaan elokuvan Oscarin voittanut The Departed&hellip;\n","protected":false},"author":2,"featured_media":51122,"comment_status":"","ping_status":"","sticky":false,"template":"","format":"standard","meta":{"footnotes":""},"categories":[133],"tags":[137,33,31,30,32,206,139,156,109],"class_list":{"0":"post-51121","1":"post","2":"type-post","3":"status-publish","4":"format-standard","5":"has-post-thumbnail","7":"category-televisiot","8":"tag-entertainment","9":"tag-fi","10":"tag-finland","11":"tag-finnish","12":"tag-suomi","13":"tag-televisiot","14":"tag-tv-ohjelmat","15":"tag-tv","16":"tag-viihde"},"share_on_mastodon":{"url":"","error":""},"_links":{"self":[{"href":"https:\/\/www.europesays.com\/fi\/wp-json\/wp\/v2\/posts\/51121","targetHints":{"allow":["GET"]}}],"collection":[{"href":"https:\/\/www.europesays.com\/fi\/wp-json\/wp\/v2\/posts"}],"about":[{"href":"https:\/\/www.europesays.com\/fi\/wp-json\/wp\/v2\/types\/post"}],"author":[{"embeddable":true,"href":"https:\/\/www.europesays.com\/fi\/wp-json\/wp\/v2\/users\/2"}],"replies":[{"embeddable":true,"href":"https:\/\/www.europesays.com\/fi\/wp-json\/wp\/v2\/comments?post=51121"}],"version-history":[{"count":0,"href":"https:\/\/www.europesays.com\/fi\/wp-json\/wp\/v2\/posts\/51121\/revisions"}],"wp:featuredmedia":[{"embeddable":true,"href":"https:\/\/www.europesays.com\/fi\/wp-json\/wp\/v2\/media\/51122"}],"wp:attachment":[{"href":"https:\/\/www.europesays.com\/fi\/wp-json\/wp\/v2\/media?parent=51121"}],"wp:term":[{"taxonomy":"category","embeddable":true,"href":"https:\/\/www.europesays.com\/fi\/wp-json\/wp\/v2\/categories?post=51121"},{"taxonomy":"post_tag","embeddable":true,"href":"https:\/\/www.europesays.com\/fi\/wp-json\/wp\/v2\/tags?post=51121"}],"curies":[{"name":"wp","href":"https:\/\/api.w.org\/{rel}","templated":true}]}}