{"id":51123,"date":"2025-10-02T04:33:09","date_gmt":"2025-10-02T04:33:09","guid":{"rendered":"https:\/\/www.europesays.com\/fi\/51123\/"},"modified":"2025-10-02T04:33:09","modified_gmt":"2025-10-02T04:33:09","slug":"manserock-orkesteri-solisteinaan-martti-syrja-pate-mustajarvi-mikko-alatalo-ja-heikki-hela-valloittaa-tampereen","status":"publish","type":"post","link":"https:\/\/www.europesays.com\/fi\/51123\/","title":{"rendered":"Manserock-orkesteri\u00a0solisteinaan\u00a0Martti Syrj\u00e4, Pate Mustaj\u00e4rvi, Mikko Alatalo\u00a0ja\u00a0Heikki Hela valloittaa Tampereen"},"content":{"rendered":"<p>Tampereen Tammelan stadionilla n\u00e4hd\u00e4\u00e4n tamperelaisen musiikin mestareita, kun siell\u00e4 j\u00e4rjestet\u00e4\u00e4n\u00a0Manserock stadionilla\u00a0-konsertti lauantaina 1.8.2026. <\/p>\n<p>Konsertissa esiintyy\u00a0Kaikkien aikojen Manserock-orkesteri\u00a0solisteinaan\u00a0<strong>Martti Syrj\u00e4, Pate Mustaj\u00e4rvi, Mikko Alatalo<\/strong>\u00a0ja\u00a0<strong>Heikki Hela<\/strong>. Orkesterin yksi lis\u00e4solisti julkaistaan joulukuussa. Kokoonpanossa soittavat rumpali\u00a0<strong>Aku Syrj\u00e4<\/strong>, basisti\u00a0<strong>Sami Ruusukallio<\/strong>, kosketinsoittaja\u00a0<strong>Kalle Ruusukallio<\/strong>\u00a0sek\u00e4 kitaristi ja orkesterin tuottaja\u00a0<strong>Juha Torvinen<\/strong>. Taustalaulajina toimivat\u00a0<strong>Toni L\u00e4hteenm\u00e4ki, Nelli Petro<\/strong>\u00a0ja Kalle Ruusukallio. Illan l\u00e4mmittelij\u00e4n\u00e4 n\u00e4hd\u00e4\u00e4n 13 vuoden tauon j\u00e4lkeen paluun lavoille tekev\u00e4 <strong>Negative<\/strong>.<\/p>\n<p>Lue my\u00f6s: <a href=\"https:\/\/www.rumba.fi\/uutiset\/legendaarinen-brittipunkin-veteraaniyhtye-saapuu-suomeen-kahdelle-keikalle\/\" title=\"Legendaarinen brittipunkin veteraaniyhtye saapuu Suomeen kahdelle keikalle\" class=\"underline-custom !font-montserrat !font-bold !underline-offset-4 !decoration-4 !decoration-tilt-light !text-md\" rel=\"nofollow noopener\" target=\"_blank\">Legendaarinen brittipunkin veteraaniyhtye saapuu Suomeen kahdelle keikalle<\/a><\/p>\n<p>Lue my\u00f6s: <a href=\"https:\/\/www.rumba.fi\/uutiset\/tampereen-nokia-areenalla-joulukuussa-vallan-mainio-keikka-kaikille-suomirockin-ystaville\/\" title=\"Tampereen Nokia-areenalla joulukuussa vallan mainio keikka kaikille suomirockin yst\u00e4ville\" class=\"underline-custom !font-montserrat !font-bold !underline-offset-4 !decoration-4 !decoration-tilt-light !text-md\" rel=\"nofollow noopener\" target=\"_blank\">Tampereen Nokia-areenalla joulukuussa vallan mainio keikka kaikille suomirockin yst\u00e4ville<\/a><\/p>\n<p>Tarkemmat tiedot alla. Tapahtuman ymp\u00e4rille on rakennettu paljon muutakin ohjelmaa. Tarkemmin ohjelmasta voit lukea <a href=\"http:\/\/www.lippu.fi\/manserock-stadionilla\" rel=\"nofollow noopener\" target=\"_blank\">t\u00e4\u00e4lt\u00e4<\/a>.<\/p>\n<p>Manserock stadionilla, Tammelan stadion, Tampere<br \/>Manserock-orkesteri ja NEGATIVE<br \/>La 1.8.2026<br \/>Portit klo 18.00<br \/>Liput:\u00a0alkaen 29,90e (juniorit), alkaen 59,90e (t\u00e4ysi-ik\u00e4iset), alkaen 150e (VIP)<br \/>Lipunmyynti: www.lippu.fi\/manserock-stadionilla<\/p>\n","protected":false},"excerpt":{"rendered":"Tampereen Tammelan stadionilla n\u00e4hd\u00e4\u00e4n tamperelaisen musiikin mestareita, kun siell\u00e4 j\u00e4rjestet\u00e4\u00e4n\u00a0Manserock stadionilla\u00a0-konsertti lauantaina 1.8.2026. Konsertissa esiintyy\u00a0Kaikkien aikojen Manserock-orkesteri\u00a0solisteinaan\u00a0Martti Syrj\u00e4,&hellip;\n","protected":false},"author":2,"featured_media":51124,"comment_status":"","ping_status":"","sticky":false,"template":"","format":"standard","meta":{"footnotes":""},"categories":[132],"tags":[137,33,31,30,195,47,32,109],"class_list":{"0":"post-51123","1":"post","2":"type-post","3":"status-publish","4":"format-standard","5":"has-post-thumbnail","7":"category-musiikki","8":"tag-entertainment","9":"tag-fi","10":"tag-finland","11":"tag-finnish","12":"tag-music","13":"tag-musiikki","14":"tag-suomi","15":"tag-viihde"},"share_on_mastodon":{"url":"","error":""},"_links":{"self":[{"href":"https:\/\/www.europesays.com\/fi\/wp-json\/wp\/v2\/posts\/51123","targetHints":{"allow":["GET"]}}],"collection":[{"href":"https:\/\/www.europesays.com\/fi\/wp-json\/wp\/v2\/posts"}],"about":[{"href":"https:\/\/www.europesays.com\/fi\/wp-json\/wp\/v2\/types\/post"}],"author":[{"embeddable":true,"href":"https:\/\/www.europesays.com\/fi\/wp-json\/wp\/v2\/users\/2"}],"replies":[{"embeddable":true,"href":"https:\/\/www.europesays.com\/fi\/wp-json\/wp\/v2\/comments?post=51123"}],"version-history":[{"count":0,"href":"https:\/\/www.europesays.com\/fi\/wp-json\/wp\/v2\/posts\/51123\/revisions"}],"wp:featuredmedia":[{"embeddable":true,"href":"https:\/\/www.europesays.com\/fi\/wp-json\/wp\/v2\/media\/51124"}],"wp:attachment":[{"href":"https:\/\/www.europesays.com\/fi\/wp-json\/wp\/v2\/media?parent=51123"}],"wp:term":[{"taxonomy":"category","embeddable":true,"href":"https:\/\/www.europesays.com\/fi\/wp-json\/wp\/v2\/categories?post=51123"},{"taxonomy":"post_tag","embeddable":true,"href":"https:\/\/www.europesays.com\/fi\/wp-json\/wp\/v2\/tags?post=51123"}],"curies":[{"name":"wp","href":"https:\/\/api.w.org\/{rel}","templated":true}]}}