{"id":51127,"date":"2025-10-02T04:37:09","date_gmt":"2025-10-02T04:37:09","guid":{"rendered":"https:\/\/www.europesays.com\/fi\/51127\/"},"modified":"2025-10-02T04:37:09","modified_gmt":"2025-10-02T04:37:09","slug":"yolla-tvssa-huippukomedia-sai-paljon-heikomman-jatko-osan-erikoisuutena-naistahti-sai-kuvauksissa-nimen-tissi","status":"publish","type":"post","link":"https:\/\/www.europesays.com\/fi\/51127\/","title":{"rendered":"Y\u00f6ll\u00e4 tv:ss\u00e4: Huippukomedia sai paljon heikomman jatko-osan &#8211; erikoisuutena naist\u00e4hti sai kuvauksissa nimen &#8221;Tissi&#8221;"},"content":{"rendered":"<p>Y\u00f6n tv-tarjonnassa on komedia Painajainen perheess\u00e4 (2004).<\/p>\n<p>Edellisen osan tapahtumat varjostavat yh\u00e4 hahmojen v\u00e4lej\u00e4. Ty\u00f6t\u00e4 riitt\u00e4\u00e4 erityisesti, kun morsiamen ja sulhasen perheet kohtaavat ensimm\u00e4ist\u00e4 kertaa. Vapaamieliset tavat ja kiusalliset paljastukset Gregin menneisyydest\u00e4 tuovat hankaluuksia.<\/p>\n<p>N\u00e4yttelij\u00f6in\u00e4 n\u00e4hd\u00e4\u00e4n <strong>Robert De Niron <\/strong>ja <strong>Dustin Hoffmanin <\/strong>lis\u00e4ksi <strong>Ben Stiller<\/strong>, <strong>Barbra Streisand<\/strong>, <strong>Blythe Danner<\/strong>, <strong>Teri Polo,<\/strong> <strong>Owen Wilson<\/strong>, <strong>Spencer Pickren<\/strong>, <strong>Bradley Pickren<\/strong> sek\u00e4\u00a0<strong>Alanna Ubach<\/strong>.<\/p>\n<p>Teri Polo kutsui vahingossa kuvauksissa Streisandia nimell\u00e4 Boob (Tissi). Sill\u00e4 nimell\u00e4 h\u00e4nt\u00e4 kuvausten loppuajan sitten leikkimielell\u00e4 kutsuttiinkin.<\/p>\n<p>Huolimatta melko heikoista arvosteluista, elokuva oli lippukassamenestys, ansaiten 522 miljoonaa dollaria maailmanlaajuisesti. Painajainen perheess\u00e4 nousi vuoden 2004 seitsem\u00e4nneksi tuottoisimmaksi elokuvaksi. Jatko-osa Pienin painajainen perheess\u00e4 ilmestyi vuonna 2010.<\/p>\n<p>Leffan kriitikkomittari Rotten Tomatoesissa on luvussa 38 ja yleis\u00f6mittari luvussa 58.<\/p>\n<p>Elokuva on my\u00f6s SkyShowtimessa. Alla traileri.<\/p>\n<p>Tulevat l\u00e4hetykset:<\/p>\n<ul class=\"wp-block-list\">\n<li>Pe 3.10.2025 klo 00.10 \u00b7 TV5<\/li>\n<li>La 4.10.2025 klo 22.50 \u00b7 Kutonen<\/li>\n<\/ul>\n<p>Lue my\u00f6s: <a href=\"https:\/\/www.episodi.fi\/uutiset\/nyt-suoratoistona-ethan-hawke-x-sukupolven-omassa-leffassa-vuodelta-1994-saavuttanut-nykyisin-kulttistatuksen\/\" title=\"Nyt suoratoistona: Ethan Hawke X-sukupolven ikiomassa leffassa vuodelta 1994 \u2013 saavuttanut nykyisin kulttistatuksen\" class=\"underline-custom !font-montserrat !font-bold !underline-offset-4 !decoration-4 !decoration-episodi-blue !text-md\" rel=\"nofollow noopener\" target=\"_blank\">Nyt suoratoistona: Ethan Hawke X-sukupolven ikiomassa leffassa vuodelta 1994 \u2013 saavuttanut nykyisin kulttistatuksen<\/a><\/p>\n<p>Lue my\u00f6s: <a href=\"https:\/\/www.episodi.fi\/uutiset\/robert-de-niron-ja-anne-hathawayn-tahdittama-komedia-saa-korealaisen-uusintaversion\/\" title=\"Robert De Niron ja Anne Hathawayn t\u00e4hditt\u00e4m\u00e4 komedia saa korealaisen uusintaversion\" class=\"underline-custom !font-montserrat !font-bold !underline-offset-4 !decoration-4 !decoration-episodi-blue !text-md\" rel=\"nofollow noopener\" target=\"_blank\">Robert De Niron ja Anne Hathawayn t\u00e4hditt\u00e4m\u00e4 komedia saa korealaisen uusintaversion<\/a><\/p>\n<p>Lue my\u00f6s: <a href=\"https:\/\/www.episodi.fi\/uutiset\/martin-scorsesen-elamasta-kertova-dokumenttisarja-esitetaan-usan-vanhimmalla-dokumenttielokuvafestivaalilla\/\" title=\"Martin Scorsesen el\u00e4m\u00e4st\u00e4 kertova dokumenttisarja esitet\u00e4\u00e4n USA:n vanhimmalla dokumenttielokuvafestivaalilla\" class=\"underline-custom !font-montserrat !font-bold !underline-offset-4 !decoration-4 !decoration-episodi-blue !text-md\" rel=\"nofollow noopener\" target=\"_blank\">Martin Scorsesen el\u00e4m\u00e4st\u00e4 kertova dokumenttisarja esitet\u00e4\u00e4n USA:n vanhimmalla dokumenttielokuvafestivaalilla<\/a><\/p>\n<p><img loading=\"lazy\" decoding=\"async\" alt=\"YouTube video\" width=\"480\" height=\"360\" data-pin-nopin=\"true\" nopin=\"nopin\" class=\"perfmatters-lazy\" src=\"https:\/\/www.europesays.com\/fi\/wp-content\/uploads\/2025\/10\/1759379829_897_hqdefault.jpg\"\/><\/p>\n<p>L\u00e4hde: IMDb, <a href=\"https:\/\/en.wikipedia.org\/wiki\/Meet_the_Fockers\" target=\"_blank\" rel=\"noreferrer noopener nofollow\">Wikipedia<\/a><\/p>\n<p>Lue my\u00f6s: <a href=\"https:\/\/www.episodi.fi\/uutiskirje\/?uutiskirjemainos=tekstilinkkimainos\" title=\"Tilaa Episodin uutiskirje ja voit voittaa leffalippuja! Nappaa tv-vinkit suoraan s\u00e4hk\u00f6postiin t\u00e4st\u00e4.\" class=\"underline-custom !font-montserrat !font-bold !underline-offset-4 !decoration-4 !decoration-episodi-blue !text-md\" rel=\"nofollow noopener\" target=\"_blank\">Tilaa Episodin uutiskirje ja voit voittaa leffalippuja! Nappaa katseluvinkit suoraan s\u00e4hk\u00f6postiin t\u00e4st\u00e4.<\/a><\/p>\n","protected":false},"excerpt":{"rendered":"Y\u00f6n tv-tarjonnassa on komedia Painajainen perheess\u00e4 (2004). Edellisen osan tapahtumat varjostavat yh\u00e4 hahmojen v\u00e4lej\u00e4. Ty\u00f6t\u00e4 riitt\u00e4\u00e4 erityisesti, kun&hellip;\n","protected":false},"author":2,"featured_media":51128,"comment_status":"","ping_status":"","sticky":false,"template":"","format":"standard","meta":{"footnotes":""},"categories":[130],"tags":[137,33,31,30,32,139,109],"class_list":{"0":"post-51127","1":"post","2":"type-post","3":"status-publish","4":"format-standard","5":"has-post-thumbnail","7":"category-viihde","8":"tag-entertainment","9":"tag-fi","10":"tag-finland","11":"tag-finnish","12":"tag-suomi","13":"tag-tv-ohjelmat","14":"tag-viihde"},"share_on_mastodon":{"url":"","error":""},"_links":{"self":[{"href":"https:\/\/www.europesays.com\/fi\/wp-json\/wp\/v2\/posts\/51127","targetHints":{"allow":["GET"]}}],"collection":[{"href":"https:\/\/www.europesays.com\/fi\/wp-json\/wp\/v2\/posts"}],"about":[{"href":"https:\/\/www.europesays.com\/fi\/wp-json\/wp\/v2\/types\/post"}],"author":[{"embeddable":true,"href":"https:\/\/www.europesays.com\/fi\/wp-json\/wp\/v2\/users\/2"}],"replies":[{"embeddable":true,"href":"https:\/\/www.europesays.com\/fi\/wp-json\/wp\/v2\/comments?post=51127"}],"version-history":[{"count":0,"href":"https:\/\/www.europesays.com\/fi\/wp-json\/wp\/v2\/posts\/51127\/revisions"}],"wp:featuredmedia":[{"embeddable":true,"href":"https:\/\/www.europesays.com\/fi\/wp-json\/wp\/v2\/media\/51128"}],"wp:attachment":[{"href":"https:\/\/www.europesays.com\/fi\/wp-json\/wp\/v2\/media?parent=51127"}],"wp:term":[{"taxonomy":"category","embeddable":true,"href":"https:\/\/www.europesays.com\/fi\/wp-json\/wp\/v2\/categories?post=51127"},{"taxonomy":"post_tag","embeddable":true,"href":"https:\/\/www.europesays.com\/fi\/wp-json\/wp\/v2\/tags?post=51127"}],"curies":[{"name":"wp","href":"https:\/\/api.w.org\/{rel}","templated":true}]}}