{"id":51194,"date":"2025-10-02T06:16:08","date_gmt":"2025-10-02T06:16:08","guid":{"rendered":"https:\/\/www.europesays.com\/fi\/51194\/"},"modified":"2025-10-02T06:16:08","modified_gmt":"2025-10-02T06:16:08","slug":"ensitreffit-pari-eroaa-en-ole-pystynyt-enaa-pitamaan-sormusta-mtvuutiset-fi","status":"publish","type":"post","link":"https:\/\/www.europesays.com\/fi\/51194\/","title":{"rendered":"Ensitreffit-pari eroaa: &quot;En ole pystynyt en\u00e4\u00e4 pit\u00e4m\u00e4\u00e4n sormusta&quot; &#8211; mtvuutiset.fi"},"content":{"rendered":"<ol>\n<li><a href=\"https:\/\/news.google.com\/rss\/articles\/CBMiqAFBVV95cUxPSEtFek44dHBJV2VmSWxsd0hzeXNSOGx3aHhKSzJZVEhUemoyZGpqYnlyUXFiTTBaaTJ4UmhlVl9ybWhsODZHUDZ3YU5SLURKNVdqQk12blFYbHp2Ml9VdG9Mek1UcE5wM2stNC1xSFlqY2ZZS0gteF8xWkttU0dyUEkwRlF4TWV0TDZWUjZTOGpyVENvazNmcGg0QzZUWlF5MzNYNS1EemQ?oc=5\" target=\"_blank\" rel=\"nofollow noopener\">Ensitreffit-pari eroaa: &#8221;En ole pystynyt en\u00e4\u00e4 pit\u00e4m\u00e4\u00e4n sormusta&#8221;<\/a>&nbsp;&nbsp;mtvuutiset.fi<\/li>\n<li><a href=\"https:\/\/news.google.com\/rss\/articles\/CBMiggFBVV95cUxNLVNlRnFWaUxkYmFoVEdjajNidm5ua3FfbWVqU3BXcDdDa2JWUERqVTl1NjA0MGptVjZmNFk1WjhsVml0X18wdUxWWWkwWkt2Ym5VTDRnMktrYjBJbll3a2JCVUJqMTdlZmtwb1k2YktONDI4MlhoSzQtcllvbHlvN3BB?oc=5\" target=\"_blank\" rel=\"nofollow noopener\">Yksi Ensitreffit-pari eroaa \u2013 \u201dEn koe, ett\u00e4 pystytt\u00e4isiin olla edes yst\u00e4vi\u00e4\u201d<\/a>&nbsp;&nbsp;Iltalehti<\/li>\n<li><a href=\"https:\/\/news.google.com\/rss\/articles\/CBMiZkFVX3lxTE03bmEtT2Nid0F1bEVCSUthSGlBSGRuNGs0NUdSZnpVakNtQl9peF91YUJ4TkhlcjFNNExCSnp0STJiNWFYa2NqcE1lNUlLRTlQdDdrVU9zWm5TWnhoU3pZa19ZYnU0QQ?oc=5\" target=\"_blank\" rel=\"nofollow noopener\">Ensitreffit-vaimo laittaa avioliiton poikki \u2013 \u201dEn halua jatkoa\u201d<\/a>&nbsp;&nbsp;Ilta-Sanomat<\/li>\n<li><a href=\"https:\/\/news.google.com\/rss\/articles\/CBMidkFVX3lxTE5NUWxjYVMtYVZLczZrQVJyR3pHc2hQWUY1QkNFd3Bjb2tiRDNGQ2s1TTdiWW91bEFKbmMxN1QxZTlJd2pfcGhQMjR6ZERidzU3Nkp4dkppeXVXU0NEdVdTMFBKdmNDUXZDd013OVI1SVhmM016Smc?oc=5\" target=\"_blank\" rel=\"nofollow noopener\">Ensitreffit alttarilla -pari: Ero!<\/a>&nbsp;&nbsp;Seiska.fi<\/li>\n<li><a href=\"https:\/\/news.google.com\/rss\/articles\/CBMixwFBVV95cUxNMGJYdDIzVmhBWVZZV3ZsLXBqc0dmbzBVWmpuWFFKZzd0X01WRWszVDZ4eVJPemNSZGU1Qi11T0JUQmJfWjQ0V1duR1Y3U2VBandNOXk1dUlpTHZKeW5aX1ZsaGZTckFTVS1hd1dFYkV5UGtNRmVpSWFOVWpmNlV1aVR4QmNvelVKblR1OHhsOWprc2cxaW55eVhac0VWekJwSW9HcVRLQlNFMW1yMnVCX2pPZkkwMFk4SWw3NWJhQXNHZWRtYUdF?oc=5\" target=\"_blank\" rel=\"nofollow noopener\">Ensitreffit alttarilla pariskunnan toiselta osapuolelta raju stoppi suhteelle: &#8221;En halua edes yritt\u00e4\u00e4&#8221;<\/a>&nbsp;&nbsp;Como.fi<\/li>\n<\/ol>\n","protected":false},"excerpt":{"rendered":"Ensitreffit-pari eroaa: &#8221;En ole pystynyt en\u00e4\u00e4 pit\u00e4m\u00e4\u00e4n sormusta&#8221;&nbsp;&nbsp;mtvuutiset.fi Yksi Ensitreffit-pari eroaa \u2013 \u201dEn koe, ett\u00e4 pystytt\u00e4isiin olla edes&hellip;\n","protected":false},"author":2,"featured_media":51195,"comment_status":"","ping_status":"","sticky":false,"template":"","format":"standard","meta":{"footnotes":""},"categories":[133],"tags":[137,33,31,30,32,206,156,109],"class_list":{"0":"post-51194","1":"post","2":"type-post","3":"status-publish","4":"format-standard","5":"has-post-thumbnail","7":"category-televisiot","8":"tag-entertainment","9":"tag-fi","10":"tag-finland","11":"tag-finnish","12":"tag-suomi","13":"tag-televisiot","14":"tag-tv","15":"tag-viihde"},"share_on_mastodon":{"url":"","error":""},"_links":{"self":[{"href":"https:\/\/www.europesays.com\/fi\/wp-json\/wp\/v2\/posts\/51194","targetHints":{"allow":["GET"]}}],"collection":[{"href":"https:\/\/www.europesays.com\/fi\/wp-json\/wp\/v2\/posts"}],"about":[{"href":"https:\/\/www.europesays.com\/fi\/wp-json\/wp\/v2\/types\/post"}],"author":[{"embeddable":true,"href":"https:\/\/www.europesays.com\/fi\/wp-json\/wp\/v2\/users\/2"}],"replies":[{"embeddable":true,"href":"https:\/\/www.europesays.com\/fi\/wp-json\/wp\/v2\/comments?post=51194"}],"version-history":[{"count":0,"href":"https:\/\/www.europesays.com\/fi\/wp-json\/wp\/v2\/posts\/51194\/revisions"}],"wp:featuredmedia":[{"embeddable":true,"href":"https:\/\/www.europesays.com\/fi\/wp-json\/wp\/v2\/media\/51195"}],"wp:attachment":[{"href":"https:\/\/www.europesays.com\/fi\/wp-json\/wp\/v2\/media?parent=51194"}],"wp:term":[{"taxonomy":"category","embeddable":true,"href":"https:\/\/www.europesays.com\/fi\/wp-json\/wp\/v2\/categories?post=51194"},{"taxonomy":"post_tag","embeddable":true,"href":"https:\/\/www.europesays.com\/fi\/wp-json\/wp\/v2\/tags?post=51194"}],"curies":[{"name":"wp","href":"https:\/\/api.w.org\/{rel}","templated":true}]}}