{"id":51212,"date":"2025-10-02T06:31:10","date_gmt":"2025-10-02T06:31:10","guid":{"rendered":"https:\/\/www.europesays.com\/fi\/51212\/"},"modified":"2025-10-02T06:31:10","modified_gmt":"2025-10-02T06:31:10","slug":"mykistavia-revontulia-katso-mtvn-lukijoiden-parhaat-otokset","status":"publish","type":"post","link":"https:\/\/www.europesays.com\/fi\/51212\/","title":{"rendered":"Mykist\u00e4vi\u00e4 revontulia! Katso MTV:n lukijoiden parhaat otokset"},"content":{"rendered":"<p><strong class=\"typography-bold\">Kuunvaihde on tarjonnut upeita revontulia ymp\u00e4ri Suomen.\u00a0<\/strong><\/p>\n<p>Avaruuss\u00e4\u00e4 on pysynyt aktiivisena viime p\u00e4ivin\u00e4 ja MTV Uutisten lukijat ovatkin taltioineet toinen toistaan hienompia revontulia.<\/p>\n<p>Siit\u00e4 huolimatta, ett\u00e4 upean luonnonilmi\u00f6n edellytt\u00e4m\u00e4 geomagneettinen aktiivisuus ei ole juuri t\u00e4ll\u00e4 hetkell\u00e4 erityisen korkealla, revontulia voi n\u00e4hd\u00e4 my\u00f6s ensi y\u00f6n\u00e4.<\/p>\n<p>\u2013 T\u00e4n\u00e4 iltana ja ensi y\u00f6n\u00e4 todenn\u00e4k\u00f6isyys revontulille ei ole aivan yht\u00e4 suuri kuin viime y\u00f6n\u00e4, mutta niit\u00e4 voi esiinty\u00e4 etenkin alkuy\u00f6st\u00e4 maan keski- ja pohjoisosassa. Varsinkin pohjoisessa todenn\u00e4k\u00f6isyytt\u00e4 mittaavat arvot ovat suhteellisen korkealla, sanoo MTV Uutisten meteorologi<strong class=\"typography-bold\"> Aleksi Jokela<\/strong>.<\/p>\n<p><strong class=\"typography-bold\">Katso yll\u00e4 olevalta videolta viime p\u00e4ivien parhaat otokset!<\/strong><\/p>\n<p>Lue my\u00f6s: <a class=\"underline\" data-testid=\"internal-link\" role=\"link\" data-sentry-element=\"Link\" data-sentry-component=\"InternalLink\" data-sentry-source-file=\"InternalLink.tsx\" href=\"https:\/\/www.mtvuutiset.fi\/artikkeli\/lapissa-oli-taas-ennatyslammin-syyskuu-ilmastonmuutos-nosti-keskilampotilaa-lahes-2-astetta\/9232548\" rel=\"nofollow noopener\" target=\"_blank\">Lapissa oli taas enn\u00e4tysl\u00e4mmin syyskuu<\/a><a class=\"underline\" data-testid=\"internal-link\" role=\"link\" data-sentry-element=\"Link\" data-sentry-component=\"InternalLink\" data-sentry-source-file=\"InternalLink.tsx\" href=\"https:\/\/www.mtvuutiset.fi\/artikkeli\/jenna-salminen-tarjoilee-tyrmaavaa-saata-tulee-alakoukulla-kylmaa\/9231176\" rel=\"nofollow noopener\" target=\"_blank\">Suomen s\u00e4\u00e4h\u00e4n j\u00e4\u00e4t\u00e4v\u00e4 isku: &#8221;Tulee alakoukulla kylm\u00e4\u00e4&#8221;<\/a><\/p>\n","protected":false},"excerpt":{"rendered":"Kuunvaihde on tarjonnut upeita revontulia ymp\u00e4ri Suomen.\u00a0 Avaruuss\u00e4\u00e4 on pysynyt aktiivisena viime p\u00e4ivin\u00e4 ja MTV Uutisten lukijat ovatkin&hellip;\n","protected":false},"author":2,"featured_media":51213,"comment_status":"","ping_status":"","sticky":false,"template":"","format":"standard","meta":{"footnotes":""},"categories":[114],"tags":[453,33,31,30,118,452,32,119],"class_list":{"0":"post-51212","1":"post","2":"type-post","3":"status-publish","4":"format-standard","5":"has-post-thumbnail","7":"category-avaruus","8":"tag-avaruus","9":"tag-fi","10":"tag-finland","11":"tag-finnish","12":"tag-science","13":"tag-space","14":"tag-suomi","15":"tag-tiede"},"share_on_mastodon":{"url":"","error":""},"_links":{"self":[{"href":"https:\/\/www.europesays.com\/fi\/wp-json\/wp\/v2\/posts\/51212","targetHints":{"allow":["GET"]}}],"collection":[{"href":"https:\/\/www.europesays.com\/fi\/wp-json\/wp\/v2\/posts"}],"about":[{"href":"https:\/\/www.europesays.com\/fi\/wp-json\/wp\/v2\/types\/post"}],"author":[{"embeddable":true,"href":"https:\/\/www.europesays.com\/fi\/wp-json\/wp\/v2\/users\/2"}],"replies":[{"embeddable":true,"href":"https:\/\/www.europesays.com\/fi\/wp-json\/wp\/v2\/comments?post=51212"}],"version-history":[{"count":0,"href":"https:\/\/www.europesays.com\/fi\/wp-json\/wp\/v2\/posts\/51212\/revisions"}],"wp:featuredmedia":[{"embeddable":true,"href":"https:\/\/www.europesays.com\/fi\/wp-json\/wp\/v2\/media\/51213"}],"wp:attachment":[{"href":"https:\/\/www.europesays.com\/fi\/wp-json\/wp\/v2\/media?parent=51212"}],"wp:term":[{"taxonomy":"category","embeddable":true,"href":"https:\/\/www.europesays.com\/fi\/wp-json\/wp\/v2\/categories?post=51212"},{"taxonomy":"post_tag","embeddable":true,"href":"https:\/\/www.europesays.com\/fi\/wp-json\/wp\/v2\/tags?post=51212"}],"curies":[{"name":"wp","href":"https:\/\/api.w.org\/{rel}","templated":true}]}}