{"id":51214,"date":"2025-10-02T06:39:15","date_gmt":"2025-10-02T06:39:15","guid":{"rendered":"https:\/\/www.europesays.com\/fi\/51214\/"},"modified":"2025-10-02T06:39:15","modified_gmt":"2025-10-02T06:39:15","slug":"milan-jaff-kohu-romahdutti-maria-veitolan","status":"publish","type":"post","link":"https:\/\/www.europesays.com\/fi\/51214\/","title":{"rendered":"Milan Jaff -kohu romahdutti Maria Veitolan"},"content":{"rendered":"<p>            Timo Korhonen\n        <\/p>\n<p class=\"subtitle \">Maria avautuu pelottavasta masennusjaksostaan.<\/p>\n<p class=\"article-content article-content-width !bg-background\">Juontaja-toimittaja , 52, on avautunut <a href=\"https:\/\/www.is.fi\/menaiset\/ihmiset-ja-suhteet\/art-2000011503873.html\" target=\"_blank\" rel=\"nofollow noopener\">Me Naiset &#8211; lehden tuoreessa artikkelissa<\/a> vaikeasta vuodestaan.<\/p>\n<p class=\"font-weight-bold m-font-weight-bold article-content article-content-width !bg-background\">Arkistovideolla Maria Veitola vierailee Joel Pohjanpalon luona:<\/p>\n<p class=\"article-content article-content-width !bg-background\">Maria Veitola joutui vuoden 2024 alkupuolella kohun keski\u00f6\u00f6n, kun h\u00e4nen kuvaamastaan dokumenttisarjasta julkaistiin tv-mainos.<\/p>\n<p class=\"article-content article-content-width !bg-background\">Mainoksesta k\u00e4vi ilmi, ett\u00e4 Marian tulevalla Veitola.doc-tuotantokaudella annettaisiin puheenvuoro lukuisista rikoksista tuomitulle .<\/p>\n<p>        <a itemprop=\"url\" href=\"https:\/\/www.seiska.fi\/kotimaa\/maria-veitola-jyrahtaa-saamistaan-torkykommenteista-sukupuoli-yhdistaa-useimpia-haukkujia-julmat-viestit-julki\/1322322\" rel=\"nofollow noopener\" target=\"_blank\"><\/p>\n<p class=\"section-date\">\n        <strong class=\"article-section\" data-section=\"kotimaa\"><br \/>\n            kotimaa<br \/>\n        <\/strong><br \/>\n        16.4.2024 10:22\n    <\/p>\n<p>Maria Veitola jyr\u00e4ht\u00e4\u00e4 saamistaan t\u00f6rkykommenteista \u2013 sukupuoli yhdist\u00e4\u00e4 useimpia haukkujia, julmat viestit julki\n    <\/p>\n<p itemprop=\"description\" class=\"subtitle \">\n    Maria j\u00e4rkyttyi huomatessaan vihakommenttien k\u00e4sittelev\u00e4n nyky\u00e4\u00e4n jopa h\u00e4nen ik\u00e4\u00e4ns\u00e4.\n<\/p>\n<p>        <\/a><\/p>\n<p class=\"article-content article-content-width !bg-background\">Katsojat tulistuivat tiedosta niin paljon, ett\u00e4 Veitola ja ohjelmaa esitt\u00e4v\u00e4 MTV3 alkoivat saada kiukkuisia viestej\u00e4 omille kanavilleen. Lopulta kanava p\u00e4\u00e4tti lyk\u00e4t\u00e4 jakson julkaisemista, mutta my\u00f6hemmin sit\u00e4 ei julkaistu ollenkaan.<\/p>\n<p class=\"article-content article-content-width !bg-background\"> \u2013 Niin kauan jaksaa, kun ymp\u00e4rill\u00e4 on luottamus ja kannattelevia ihmisi\u00e4. Kun matto vet\u00e4ist\u00e4\u00e4n jalkojen alta ja j\u00e4tet\u00e4\u00e4n yksin, tulee romahdus, Maria kertoo.<\/p>\n<p class=\"article-content article-content-width !bg-background\">H\u00e4n my\u00f6nt\u00e4\u00e4 menett\u00e4neens\u00e4 tilanteen johdosta uskon el\u00e4m\u00e4\u00e4ns\u00e4 ja muihin ihmisiin. Kohu oli Marialle ahdistava kokemus ja saamissaan vihaviesteiss\u00e4 Mariaa ja h\u00e4nen perhett\u00e4\u00e4n uhattiin jopa v\u00e4kivallalla.<\/p>\n<p>        <a itemprop=\"url\" href=\"https:\/\/www.seiska.fi\/terveys\/maria-veitola-avoimena-uupumuksestaan-nyyhkytin-mytyssa-vastaanoton-sohvalla\/1341162\" rel=\"nofollow noopener\" target=\"_blank\"><\/p>\n<p class=\"section-date\">\n        <strong class=\"article-section\" data-section=\"terveys\"><br \/>\n            terveys<br \/>\n        <\/strong><br \/>\n        5.5.2024 14:30\n    <\/p>\n<p>Maria Veitola avoimena uupumuksestaan: \u201dNyyhkytin mytyss\u00e4 vastaanoton sohvalla\u201d\n    <\/p>\n<p itemprop=\"description\" class=\"subtitle \">\n    Maria kertoi maaliskuussa j\u00e4tt\u00e4ytyv\u00e4ns\u00e4 pois ty\u00f6el\u00e4m\u00e4st\u00e4 uupumuksen vuoksi.\n<\/p>\n<p>        <\/a><\/p>\n<p>                <img decoding=\"async\" src=\"https:\/\/www.europesays.com\/fi\/wp-content\/uploads\/2025\/10\/1947244.webp\" width=\"576\" height=\"720\" alt=\"Maria Veitola on ollut kovan py\u00f6rityksen keskell\u00e4, mutta nyt el\u00e4m\u00e4 n\u00e4ytt\u00e4\u00e4 jo voittamisen merkkej\u00e4.\" loading=\"lazy\" \/>            <\/p>\n<p>\n            Maria Veitola on ollut kovan py\u00f6rityksen keskell\u00e4, mutta nyt el\u00e4m\u00e4 n\u00e4ytt\u00e4\u00e4 jo voittamisen merkkej\u00e4.<br \/>\n            Timo Korhonen\n        <\/p>\n<p>Hakeutui psykiatrin vastaanotolle<\/p>\n<p class=\"article-content article-content-width !bg-background\">Maria ei ole haastattelunsa perusteella tyytyv\u00e4inen siihen, miten kohu ja sen j\u00e4lkipyykki hoidettiin esimerkiksi kanavan taholta.<\/p>\n<p class=\"article-content article-content-width !bg-background\"> \u2013 Tein Veitola.docia huolella ja tosissani. Ihmisyyden ja yhteiskunnallisten aiheiden parissa ty\u00f6skenteleminen on intohimoni, ja dokumenttien tekeminen oli pitk\u00e4aikainen haaveeni. Olin tehnyt ty\u00f6ni erinomaisesti ja saanut siit\u00e4 kehut pomoiltani. Oli j\u00e4rkytys, ett\u00e4 uurastus mit\u00e4t\u00f6ityi hetkess\u00e4. <\/p>\n<p class=\"article-content article-content-width !bg-background\">Kaiken keskell\u00e4 Marian kunto romahti lopullisesti ja h\u00e4n p\u00e4\u00e4tyi terapeuttituttunsa suosituksesta psykiatrin vastaanotolle.<\/p>\n<p class=\"article-content article-content-width !bg-background\"> \u2013 Olin todella huonossa kunnossa, sairastuin masennukseen enk\u00e4 pystynyt nukkumaan kuin l\u00e4\u00e4kkeiden avulla, h\u00e4n paljastaa.<\/p>\n<p>        <a itemprop=\"url\" href=\"https:\/\/www.seiska.fi\/kotimaa\/talta-nayttaa-maria-veitolan-jotti-rakas-harvinainen-yhteiskuva\/1895451\" rel=\"nofollow noopener\" target=\"_blank\"><\/p>\n<p>\nHarvinainen yhteiskuva!\n<\/p>\n<p class=\"section-date\">\n        <strong class=\"article-section\" data-section=\"kotimaa\"><br \/>\n            kotimaa<br \/>\n        <\/strong><br \/>\n        11.8. 08:00\n    <\/p>\n<p>T\u00e4lt\u00e4 n\u00e4ytt\u00e4\u00e4 Maria Veitolan Jotti-rakas \u2013 harvinainen yhteiskuva\n    <\/p>\n<p itemprop=\"description\" class=\"subtitle \">\n    Maria Veitola harvinaisessa yhteiskuvassa miehens\u00e4 kanssa.\n<\/p>\n<p>        <\/a><\/p>\n<p class=\"article-content article-content-width !bg-background\">T\u00e4ll\u00e4 hetkell\u00e4 Maria voi jo huomattavasti paremmin. H\u00e4n on kiitollinen p\u00e4\u00e4sty\u00e4\u00e4n avun piiriin.<\/p>\n<p class=\"article-content article-content-width !bg-background\">Kev\u00e4\u00e4ll\u00e4 Maria palasi t\u00f6idens\u00e4 pariin t\u00e4yspainoisesti. H\u00e4n on kuvasi Y\u00f6kyl\u00e4ss\u00e4 Maria Veitola -ohjelman uutta tuotantokautta, joka esitet\u00e4\u00e4n alkuvuodesta 2026.<\/p>\n","protected":false},"excerpt":{"rendered":"Timo Korhonen Maria avautuu pelottavasta masennusjaksostaan. Juontaja-toimittaja , 52, on avautunut Me Naiset &#8211; lehden tuoreessa artikkelissa vaikeasta&hellip;\n","protected":false},"author":2,"featured_media":51215,"comment_status":"","ping_status":"","sticky":false,"template":"","format":"standard","meta":{"footnotes":""},"categories":[136],"tags":[407,4416,137,33,31,30,408,1082,7787,905,3496,32,167,6578,12640,109],"class_list":{"0":"post-51214","1":"post","2":"type-post","3":"status-publish","4":"format-standard","5":"has-post-thumbnail","7":"category-julkkikset","8":"tag-celebrities","9":"tag-dokumenttisarja","10":"tag-entertainment","11":"tag-fi","12":"tag-finland","13":"tag-finnish","14":"tag-julkkikset","15":"tag-maria-veitola","16":"tag-milan-jaff","17":"tag-mtv3","18":"tag-sairastuminen","19":"tag-suomi","20":"tag-terveys","21":"tag-uupumus","22":"tag-veitola-doc","23":"tag-viihde"},"share_on_mastodon":{"url":"","error":""},"_links":{"self":[{"href":"https:\/\/www.europesays.com\/fi\/wp-json\/wp\/v2\/posts\/51214","targetHints":{"allow":["GET"]}}],"collection":[{"href":"https:\/\/www.europesays.com\/fi\/wp-json\/wp\/v2\/posts"}],"about":[{"href":"https:\/\/www.europesays.com\/fi\/wp-json\/wp\/v2\/types\/post"}],"author":[{"embeddable":true,"href":"https:\/\/www.europesays.com\/fi\/wp-json\/wp\/v2\/users\/2"}],"replies":[{"embeddable":true,"href":"https:\/\/www.europesays.com\/fi\/wp-json\/wp\/v2\/comments?post=51214"}],"version-history":[{"count":0,"href":"https:\/\/www.europesays.com\/fi\/wp-json\/wp\/v2\/posts\/51214\/revisions"}],"wp:featuredmedia":[{"embeddable":true,"href":"https:\/\/www.europesays.com\/fi\/wp-json\/wp\/v2\/media\/51215"}],"wp:attachment":[{"href":"https:\/\/www.europesays.com\/fi\/wp-json\/wp\/v2\/media?parent=51214"}],"wp:term":[{"taxonomy":"category","embeddable":true,"href":"https:\/\/www.europesays.com\/fi\/wp-json\/wp\/v2\/categories?post=51214"},{"taxonomy":"post_tag","embeddable":true,"href":"https:\/\/www.europesays.com\/fi\/wp-json\/wp\/v2\/tags?post=51214"}],"curies":[{"name":"wp","href":"https:\/\/api.w.org\/{rel}","templated":true}]}}