{"id":51317,"date":"2025-10-02T09:27:08","date_gmt":"2025-10-02T09:27:08","guid":{"rendered":"https:\/\/www.europesays.com\/fi\/51317\/"},"modified":"2025-10-02T09:27:08","modified_gmt":"2025-10-02T09:27:08","slug":"kiina-sulkee-nokiaa-ulos-markkinoiltaan","status":"publish","type":"post","link":"https:\/\/www.europesays.com\/fi\/51317\/","title":{"rendered":"Kiina sulkee Nokiaa ulos markkinoiltaan"},"content":{"rendered":"<p>Aiheesta kertoo talouslehti Financial Times.<\/p>\n<p><img decoding=\"async\" class=\"image image-show image-preview\" src=\"https:\/\/www.europesays.com\/fi\/wp-content\/uploads\/2025\/10\/f3a21541308bc76c6846373ffca521cd785b2f96a5013694d5f9d9069060fe78.jpg\" alt=\"\"\/><img decoding=\"async\" class=\"image image-show\" src=\"https:\/\/www.europesays.com\/fi\/wp-content\/uploads\/2025\/10\/1759397228_810_f3a21541308bc76c6846373ffca521cd785b2f96a5013694d5f9d9069060fe78.jpg\" alt=\"\"\/><\/p>\n<p>Kuvituskuva. Outi J\u00e4rvinen<\/p>\n<p class=\"paragraph\">Kiina hillitsee Nokian ja Ericssonin k\u00e4ytt\u00f6\u00e4 verkkomarkkinoillaan. Asia liittyy siihen, ett\u00e4 presidentti <strong>Xi Jinping<\/strong> pyrkii irrottamaan maan teknisen infrastruktuurin l\u00e4nnest\u00e4, kertoo <a href=\"https:\/\/www.ft.com\/content\/7d08731c-189e-4835-8cfa-048fe68611bd?accessToken=zwAGQCn4vdhgkc99CHMcGJ5INdOM-gSP5oYRvQ.MEUCIQDf326EsZcJzIKDPUr7yXDzPoBd1YD9CM8akYq1cKMocwIgHGI_BMJzfuhKOlCjpt1zfBtPr-QBXunhcJsFYbSJexg&amp;sharetype=gift&amp;token=5b083951-1f63-401a-b9c1-fd18a578f22b\" rel=\"noopener nofollow\" target=\"_blank\">Financian Times<\/a>.<\/p>\n<p class=\"paragraph\">Vakuutusyhti\u00f6 Varman toimitusjohtaja <strong>Risto Murto<\/strong> kirjoittaa my\u00f6s aiheesta tuoreeltaan viestipalvelu X:ss\u00e4.<\/p>\n<p class=\"paragraph\">\u2013 FT vahvistaa mist\u00e4 Nokia kertonut jo aikaisemmin. Kiina l\u00e4hes t\u00e4ysin sulkenut verkkomarkkinat Nokialta ja Ericssonilta. Yhti\u00f6iden yhteenlaskettu markkinaosuus en\u00e4\u00e4 4 %.<\/p>\n<p class=\"paragraph\">Nokia ja Ericsson eiv\u00e4t ole kommentoineet asiaa Financial Timesille.<\/p>\n<p class=\"paragraph\">Uutinen p\u00e4ivittyy.<\/p>\n","protected":false},"excerpt":{"rendered":"Aiheesta kertoo talouslehti Financial Times. Kuvituskuva. Outi J\u00e4rvinen Kiina hillitsee Nokian ja Ericssonin k\u00e4ytt\u00f6\u00e4 verkkomarkkinoillaan. Asia liittyy siihen,&hellip;\n","protected":false},"author":2,"featured_media":51318,"comment_status":"","ping_status":"","sticky":false,"template":"","format":"standard","meta":{"footnotes":""},"categories":[14],"tags":[35,22,23,26,27,33,31,30,17,24,25,720,28,29,1616,15,18,21,32,78,487,538,149,19,20,56,16,59,60,61],"class_list":{"0":"post-51317","1":"post","2":"type-post","3":"status-publish","4":"format-standard","5":"has-post-thumbnail","7":"category-ulkomaat","8":"tag-24h","9":"tag-breaking-news","10":"tag-breakingnews","11":"tag-featured-news","12":"tag-featurednews","13":"tag-fi","14":"tag-finland","15":"tag-finnish","16":"tag-headlines","17":"tag-latest-news","18":"tag-latestnews","19":"tag-liiketoiminta-ja-rahoitus","20":"tag-main-news","21":"tag-mainnews","22":"tag-media-viestinta","23":"tag-news","24":"tag-otsikot","25":"tag-paauutiset","26":"tag-suomi","27":"tag-talous","28":"tag-teknologia-yleista","29":"tag-tiede-ja-tekniikka","30":"tag-tietojenkasittely-ja-informaatioteknologia","31":"tag-top-stories","32":"tag-topstories","33":"tag-ulkomaat","34":"tag-uutiset","35":"tag-world","36":"tag-world-news","37":"tag-worldnews"},"share_on_mastodon":{"url":"","error":""},"_links":{"self":[{"href":"https:\/\/www.europesays.com\/fi\/wp-json\/wp\/v2\/posts\/51317","targetHints":{"allow":["GET"]}}],"collection":[{"href":"https:\/\/www.europesays.com\/fi\/wp-json\/wp\/v2\/posts"}],"about":[{"href":"https:\/\/www.europesays.com\/fi\/wp-json\/wp\/v2\/types\/post"}],"author":[{"embeddable":true,"href":"https:\/\/www.europesays.com\/fi\/wp-json\/wp\/v2\/users\/2"}],"replies":[{"embeddable":true,"href":"https:\/\/www.europesays.com\/fi\/wp-json\/wp\/v2\/comments?post=51317"}],"version-history":[{"count":0,"href":"https:\/\/www.europesays.com\/fi\/wp-json\/wp\/v2\/posts\/51317\/revisions"}],"wp:featuredmedia":[{"embeddable":true,"href":"https:\/\/www.europesays.com\/fi\/wp-json\/wp\/v2\/media\/51318"}],"wp:attachment":[{"href":"https:\/\/www.europesays.com\/fi\/wp-json\/wp\/v2\/media?parent=51317"}],"wp:term":[{"taxonomy":"category","embeddable":true,"href":"https:\/\/www.europesays.com\/fi\/wp-json\/wp\/v2\/categories?post=51317"},{"taxonomy":"post_tag","embeddable":true,"href":"https:\/\/www.europesays.com\/fi\/wp-json\/wp\/v2\/tags?post=51317"}],"curies":[{"name":"wp","href":"https:\/\/api.w.org\/{rel}","templated":true}]}}