{"id":51321,"date":"2025-10-02T09:29:08","date_gmt":"2025-10-02T09:29:08","guid":{"rendered":"https:\/\/www.europesays.com\/fi\/51321\/"},"modified":"2025-10-02T09:29:08","modified_gmt":"2025-10-02T09:29:08","slug":"liikemiesta-syytetaan-ihmiskaupasta-ja-seksuaalirikoksista-seksikartanossa-kirkkonummella-ja-espoossa-uusimaa","status":"publish","type":"post","link":"https:\/\/www.europesays.com\/fi\/51321\/","title":{"rendered":"\u201dLiikemiest\u00e4\u201d syytet\u00e4\u00e4n ihmiskaupasta ja seksuaalirikoksista seksikartanossa Kirkkonummella ja Espoossa | Uusimaa"},"content":{"rendered":"<p class=\"aw-1gybjub aw-5vja16 cmIuaG zKETg yle__article__paragraph\">44-vuotiaan miehen ep\u00e4ill\u00e4\u00e4n k\u00e4ytt\u00e4neen naisia seksuaalisesti hyv\u00e4kseen ja puoli-ilmaisena ty\u00f6voimana. <\/p>\n<p><img decoding=\"async\" alt=\"Espoon Oikeustalo.\" src=\"https:\/\/www.europesays.com\/fi\/wp-content\/uploads\/2025\/10\/39-106014963c6730c8923c.jpeg\" class=\"aw-1l9m598 hKVVvP\"\/><\/p>\n<p>Avaa kuvien katselu<\/p>\n<p>P\u00e4\u00e4ep\u00e4ilty\u00e4 syytet\u00e4\u00e4n lukuisista ihmiskauppa-, talous- ja seksuaalirikoksista L\u00e4nsi-Uudenmaan k\u00e4r\u00e4j\u00e4oikeudessa. Kuva: Ronnie Holmberg \/ Yle<\/p>\n<p>Juttu tiivistettyn\u00e4<\/p>\n<ul class=\"aw-1jjocuh iJTSwP yle__article__list yle__article__list--ul\">\n<li class=\"aw-1j7gwms kUeLji\">L\u00e4nsi-Uudenmaan k\u00e4r\u00e4j\u00e4oikeus k\u00e4sittelee laajaa ihmiskauppajuttua, jossa p\u00e4\u00e4syytetty on 44-vuotiasta mies.<\/li>\n<li class=\"aw-1j7gwms kUeLji\">Miest\u00e4 ep\u00e4ill\u00e4\u00e4n t\u00f6rkeist\u00e4 ihmiskauppa-, talous- ja seksuaalirikoksista vuosina 2019\u20132024 Espoossa ja Kirkkonummella.<\/li>\n<li class=\"aw-1j7gwms kUeLji\">Yhteens\u00e4 15 henkil\u00f6\u00e4 on ep\u00e4iltyn\u00e4. Osa rikoksista on tapahtunut kirkkonummelaisen seksikartanon tiloissa.<\/li>\n<li class=\"aw-1j7gwms kUeLji\">Oikeusk\u00e4sittelyn arvioidaan kest\u00e4v\u00e4n noin kahdeksan kuukautta, ja tuomio voi tulla kes\u00e4ll\u00e4 2026.<\/li>\n<\/ul>\n<p class=\"aw-1gybjub aw-1p7kakr cmIuaG fmSRng yle__article__paragraph\">T\u00e4m\u00e4 on teko\u00e4lyn avulla tuotettu, toimittajan tarkistama tiivistelm\u00e4.<\/p>\n<p class=\"aw-1gybjub aw-1p7kakr cmIuaG fmSRng yle__article__paragraph\">L\u00e4nsi-Uudenmaan k\u00e4r\u00e4j\u00e4oikeus on t\u00e4n\u00e4\u00e4n alkanut k\u00e4sitell\u00e4 poikkeuksellisen laajaa ihmiskauppatapausta.<\/p>\n<p class=\"aw-1gybjub aw-1p7kakr cmIuaG fmSRng yle__article__paragraph\">44-vuotiasta miest\u00e4 syytet\u00e4\u00e4n lukuisista ihmiskauppa-, talous- ja seksuaalirikoksista. Joukossa on t\u00f6rkeit\u00e4 ihmiskaupparikoksia ja t\u00f6rke\u00e4 raiskaus.<\/p>\n<p class=\"aw-1gybjub aw-1p7kakr cmIuaG fmSRng yle__article__paragraph\">Ep\u00e4illyt rikokset tapahtuivat Espoossa ja Kirkkonummella vuosien 2019\u20132024 aikana.<\/p>\n<p class=\"aw-1gybjub aw-1p7kakr cmIuaG fmSRng yle__article__paragraph\">Kaikkiaan rikoksista ep\u00e4ill\u00e4\u00e4n 15 henkil\u00f6\u00e4. T\u00f6rke\u00e4st\u00e4 raiskauksesta ja t\u00f6rke\u00e4st\u00e4 ihmiskaupasta syytet\u00e4\u00e4n p\u00e4\u00e4ep\u00e4illyn lis\u00e4ksi muun muassa 44-vuotiasta naista ja 49-vuotiasta miest\u00e4.<\/p>\n<p>Seksikartanon vastuuhenkil\u00f6 syytettyn\u00e4 rikoksista<\/p>\n<p class=\"aw-1gybjub aw-1p7kakr cmIuaG fmSRng yle__article__paragraph\">Osa seksuaalirikoksista on tapahtunut seksitapahtumia j\u00e4rjest\u00e4v\u00e4n yrityksen kartanossa Kirkkonummella. Asiasta kertoi ensin <a class=\"aw-iao6s4 iHOxEa yle__article__link\" href=\"https:\/\/www.hs.fi\/tutkiva\/art-2000011532101.html\" role=\"link\" rel=\"nofollow noopener\" target=\"_blank\">Helsingin Sanomat<\/a>.<\/p>\n<p class=\"aw-1gybjub aw-1p7kakr cmIuaG fmSRng yle__article__paragraph\">Ylen vahvistamien tietojen mukaan 49-vuotias syytetty on niin sanotun seksikartanon hallituksen varaj\u00e4sen. Yle ei tavoittanut yrityksest\u00e4 ket\u00e4\u00e4n kommentoimaan asiaa torstaina.<\/p>\n<p class=\"aw-1gybjub aw-1p7kakr cmIuaG fmSRng yle__article__paragraph\">Tapauksen tutkinnanjohtaja, rikosylikomisario <strong class=\"aw-ak79eh KyCXm yle__article__strong\">Hannu Kortelainen<\/strong> kertoo, ett\u00e4 ep\u00e4illyt rikokset ovat tapahtuneet kartanon tiloissa j\u00e4rjestetyiss\u00e4 yksityistilaisuuksissa, eiv\u00e4t yleisiss\u00e4 tapahtumissa.<\/p>\n<p class=\"aw-1gybjub aw-1p7kakr cmIuaG fmSRng yle__article__paragraph\">\u2013 N\u00e4m\u00e4 ovat olleet aika pienen piirin juttuja. Yksi ep\u00e4ilty on ollut kartanon toiminnassa mukana, ja h\u00e4nell\u00e4 on ollut p\u00e4\u00e4sy sinne. Sit\u00e4 kautta niit\u00e4 tiloja on hy\u00f6dynnetty.<\/p>\n<p class=\"aw-1gybjub aw-1p7kakr cmIuaG fmSRng yle__article__paragraph\">Kortelaisen mukaan rikoksia on tapahtunut my\u00f6s p\u00e4\u00e4syytetyn kotona Espoossa ja ulkomailla.<\/p>\n<p class=\"aw-1gybjub aw-1p7kakr cmIuaG fmSRng yle__article__paragraph\">Oikeusk\u00e4sittelyn arvioidaan kest\u00e4v\u00e4n noin kahdeksan kuukautta. T\u00e4m\u00e4nhetkisen arvion mukaan tuomio annetaan aikaisintaan kes\u00e4ll\u00e4 2026.<\/p>\n<p class=\"aw-1gybjub aw-1p7kakr cmIuaG fmSRng yle__article__paragraph\">Oikeudenk\u00e4ynnin kuvaaminen on kielletty uhrien suojaamiseksi. Asianosaiset ovat pyyt\u00e4neet k\u00e4sittely\u00e4 ja asiakirjoja salaisiksi tietyin osin.<\/p>\n<p>Poliisi: Ep\u00e4ilty esitti varakasta liikemiest\u00e4<\/p>\n<p class=\"aw-1gybjub aw-1p7kakr cmIuaG fmSRng yle__article__paragraph\">Poliisin valtakunnallinen ihmiskauppatutkintaryhm\u00e4 sai poikkeukselliseksi kuvaamansa tapauksen esitutkinnan valmiiksi viime kev\u00e4\u00e4n\u00e4.<\/p>\n<p class=\"aw-1gybjub aw-1p7kakr cmIuaG fmSRng yle__article__paragraph\">Esitutkinnan mukaan p\u00e4\u00e4ep\u00e4ilty haki seuraa ulkomaalaisista naisista esimerkiksi Tinderiss\u00e4 ja Facebookissa. Ep\u00e4ilty esitti olevansa varakas ja menestyv\u00e4 liikemies, joka etsii parisuhdetta.<\/p>\n<p class=\"aw-1gybjub aw-1p7kakr cmIuaG fmSRng yle__article__paragraph\">H\u00e4n houkutteli naisia Suomeen puhumalla heille avioliitosta ja perheen perustamisesta. H\u00e4n tarjosi heille ty\u00f6paikkaa yrityksess\u00e4\u00e4n ja oleskelulupaa Suomessa.<\/p>\n<p class=\"aw-1gybjub aw-1p7kakr cmIuaG fmSRng yle__article__paragraph\">Miehen ep\u00e4ill\u00e4\u00e4n k\u00e4ytt\u00e4neen naisia seksuaalisesti hyv\u00e4ksi ja puoli-ilmaisena ty\u00f6voimana. Uhreja on 16. He ovat p\u00e4\u00e4osin kotoisin Afrikasta ja Etel\u00e4-Amerikasta.<\/p>\n<p class=\"aw-1gybjub aw-1p7kakr cmIuaG fmSRng yle__article__paragraph\">Poliisin esitutkinnan mukaan ep\u00e4ilty painosti naisia seksitapahtumiin, joihin h\u00e4n osallistui tuttaviensa kanssa. Naiset joutuivat tekem\u00e4\u00e4n seksuaalisia tekoja ilman suostumusta. Ep\u00e4illyt videokuvasivat tapahtumia.<\/p>\n<p class=\"aw-1gybjub aw-1p7kakr cmIuaG fmSRng yle__article__paragraph\">Ep\u00e4ilty painosti naisia muun muassa ty\u00f6sopimuksilla ja oleskeluluvilla. H\u00e4n oli tehnyt ty\u00f6sopimuksia my\u00f6s naisten sukulaisten kanssa.<\/p>\n<p class=\"aw-1gybjub aw-1p7kakr cmIuaG fmSRng yle__article__paragraph\">Poliisi ep\u00e4ilee, ett\u00e4 p\u00e4\u00e4ep\u00e4ilty harjoitti pientalorakennusta Espoossa vuosien ajan, vaikka h\u00e4n oli liiketoimintakiellossa vuoteen 2021 saakka rikostuomioiden takia.<\/p>\n<p class=\"aw-1gybjub aw-1p7kakr cmIuaG fmSRng yle__article__paragraph\">Miehen ep\u00e4ill\u00e4\u00e4n hakeneen ty\u00f6tt\u00f6myyskassasta ty\u00f6tt\u00f6myyskorvauksia kymmeni\u00e4 tuhansia euroja, vaikka h\u00e4n py\u00f6ritti samaan aikaan talonrakennusprojekteja.<\/p>\n<p class=\"aw-1gybjub aw-1p7kakr cmIuaG fmSRng yle__article__paragraph\">Toimittaja Wali Hashi haastatteli projektip\u00e4\u00e4llikk\u00f6 Terhi Tafaria Ihmiskaupan uhrien auttamisj\u00e4rjestelm\u00e4st\u00e4 elokuussa 2024. Haastattelussa pohditaan uhrien asemaa Suomessa.<\/p>\n<p><img decoding=\"async\" alt=\"\" src=\"https:\/\/www.europesays.com\/fi\/wp-content\/uploads\/2025\/10\/39-133622466c5bfe9711a5.jpeg\" class=\"aw-1l9m598 hKVVvP\"\/><\/p>\n","protected":false},"excerpt":{"rendered":"44-vuotiaan miehen ep\u00e4ill\u00e4\u00e4n k\u00e4ytt\u00e4neen naisia seksuaalisesti hyv\u00e4kseen ja puoli-ilmaisena ty\u00f6voimana. Avaa kuvien katselu P\u00e4\u00e4ep\u00e4ilty\u00e4 syytet\u00e4\u00e4n lukuisista ihmiskauppa-, talous-&hellip;\n","protected":false},"author":2,"featured_media":51322,"comment_status":"","ping_status":"","sticky":false,"template":"","format":"standard","meta":{"footnotes":""},"categories":[5],"tags":[22,23,400,26,27,33,31,30,17,7542,3349,71,24,25,28,29,15,2098,18,952,21,581,32,19,20,1168,16],"class_list":{"0":"post-51321","1":"post","2":"type-post","3":"status-publish","4":"format-standard","5":"has-post-thumbnail","7":"category-otsikot","8":"tag-breaking-news","9":"tag-breakingnews","10":"tag-espoo","11":"tag-featured-news","12":"tag-featurednews","13":"tag-fi","14":"tag-finland","15":"tag-finnish","16":"tag-headlines","17":"tag-ihmiskauppa","18":"tag-kirkkonummi","19":"tag-kotimaa","20":"tag-latest-news","21":"tag-latestnews","22":"tag-main-news","23":"tag-mainnews","24":"tag-news","25":"tag-oikeudenkaynnit","26":"tag-otsikot","27":"tag-oulu","28":"tag-paauutiset","29":"tag-rikokset","30":"tag-suomi","31":"tag-top-stories","32":"tag-topstories","33":"tag-uusimaa","34":"tag-uutiset"},"share_on_mastodon":{"url":"","error":""},"_links":{"self":[{"href":"https:\/\/www.europesays.com\/fi\/wp-json\/wp\/v2\/posts\/51321","targetHints":{"allow":["GET"]}}],"collection":[{"href":"https:\/\/www.europesays.com\/fi\/wp-json\/wp\/v2\/posts"}],"about":[{"href":"https:\/\/www.europesays.com\/fi\/wp-json\/wp\/v2\/types\/post"}],"author":[{"embeddable":true,"href":"https:\/\/www.europesays.com\/fi\/wp-json\/wp\/v2\/users\/2"}],"replies":[{"embeddable":true,"href":"https:\/\/www.europesays.com\/fi\/wp-json\/wp\/v2\/comments?post=51321"}],"version-history":[{"count":0,"href":"https:\/\/www.europesays.com\/fi\/wp-json\/wp\/v2\/posts\/51321\/revisions"}],"wp:featuredmedia":[{"embeddable":true,"href":"https:\/\/www.europesays.com\/fi\/wp-json\/wp\/v2\/media\/51322"}],"wp:attachment":[{"href":"https:\/\/www.europesays.com\/fi\/wp-json\/wp\/v2\/media?parent=51321"}],"wp:term":[{"taxonomy":"category","embeddable":true,"href":"https:\/\/www.europesays.com\/fi\/wp-json\/wp\/v2\/categories?post=51321"},{"taxonomy":"post_tag","embeddable":true,"href":"https:\/\/www.europesays.com\/fi\/wp-json\/wp\/v2\/tags?post=51321"}],"curies":[{"name":"wp","href":"https:\/\/api.w.org\/{rel}","templated":true}]}}