{"id":51327,"date":"2025-10-02T09:41:08","date_gmt":"2025-10-02T09:41:08","guid":{"rendered":"https:\/\/www.europesays.com\/fi\/51327\/"},"modified":"2025-10-02T09:41:08","modified_gmt":"2025-10-02T09:41:08","slug":"kauramiljonaari-jp-kukkonen-suuri-uutinen-pariisista","status":"publish","type":"post","link":"https:\/\/www.europesays.com\/fi\/51327\/","title":{"rendered":"Kauramiljon\u00e4\u00e4ri JP Kukkonen: suuri uutinen Pariisista"},"content":{"rendered":"<p>            Panu H\u00f6rkk\u00f6\n        <\/p>\n<p class=\"subtitle \">Suomen v\u00e4rikk\u00e4in miljon\u00e4\u00e4ri yltyy kiroamaan somekommenteista puhuessaan.<\/p>\n<p class=\"article-content article-content-width !bg-background\"> on Suomen v\u00e4rikk\u00e4in multimiljon\u00e4\u00e4ri. J\u00e4ttiomaisuuden yhten\u00e4 juurena olleet kauramaitobisnekset ovat tuoneet kauramiljon\u00e4\u00e4ri-lis\u00e4nimen, ja entinen puoliso toi enemm\u00e4n viihdejulkisuutta kuin JP olisi halunnut.<\/p>\n<p class=\"font-weight-bold m-font-weight-bold article-content article-content-width !bg-background\">Arkistovideo: JP ja nyt jo taakse j\u00e4\u00e4nyt Netta-rakas olivat vuonna 2024 Seiskan kansien vakiovierailijoita<\/p>\n<p class=\"article-content article-content-width !bg-background\">JP on tehnyt ensi vuonna 25 vuotta vakavaa bisnest\u00e4.\u00a0Silti h\u00e4net tunnetaan Suomessa mediajuttujen lukum\u00e4\u00e4r\u00e4n perusteella ennen kaikkea seurustelusuhteistaan.<\/p>\n<p class=\"article-content article-content-width !bg-background\">V\u00e4rikk\u00e4\u00e4t vaiheet esimerkiksi  kanssa olivatkin kuin saaga. Silti ne t\u00e4rke\u00e4t ansiot ovat JP:n pitk\u00e4ll\u00e4 bisnesuralla.<\/p>\n<p>        <a itemprop=\"url\" href=\"https:\/\/www.seiska.fi\/kotimaa\/podcast-jp-kukkonen-avoimena-surkuhupaisasta-avioliitosta-paljastaa-lemmenlomien-taustat-netan-kanssa\/1345411\" rel=\"nofollow noopener\" target=\"_blank\"><\/p>\n<p class=\"section-date\">\n        <strong class=\"article-section\" data-section=\"kotimaa\"><br \/>\n            kotimaa<br \/>\n        <\/strong><br \/>\n        9.5.2024 20:30\n    <\/p>\n<p>Podcast: JP Kukkonen avoimena &#8221;surkuhupaisasta&#8221; avioliitosta &#8211; paljastaa lemmenlomien taustat Netan kanssa\n    <\/p>\n<p itemprop=\"description\" class=\"subtitle \">\n    Kauramaitomiljon\u00e4\u00e4ri kertoo Nanna Karalahdelle, miksi suhde Netta Kukkosen kanssa n\u00e4ytt\u00e4\u00e4 jojottelulta.\n<\/p>\n<p>        <\/a><\/p>\n<p class=\"article-content article-content-width !bg-background\">Tuorein saavutus on Pariisin muotiviikkojen aikaan my\u00f6nnetty merkkipalkinto Blank&amp;-kosmetiikkasarjalle.<\/p>\n<p>Eettist\u00e4 liukkaria ja ihonhoitoa<\/p>\n<p class=\"article-content article-content-width !bg-background\">Luonnonkosmetiikkasarja Blank&amp; on tosissaan panostanut kest\u00e4vyyteen. Kaikki tuotteet on tehty vailla el\u00e4inper\u00e4isi\u00e4 aineita ja pakkauksia my\u00f6ten ekologisesti.<\/p>\n<p class=\"article-content article-content-width !bg-background\">Tuotteissa \u2013 joita on liukuvoiteista kasvosuihkeisiin \u2013 on kannabiskasvista saatavaa ei-huumaavaa CBD:t\u00e4.<\/p>\n<p>        <a itemprop=\"url\" href=\"https:\/\/www.seiska.fi\/vain-seiskassa\/liiketila-okyalueella-kauramaitomies-jp-kukkosen-uusi-aluevaltaus\/1845069\" rel=\"nofollow noopener\" target=\"_blank\"><\/p>\n<p>\nUusi aluevaltaus!\n<\/p>\n<p class=\"section-date\">\n        <strong class=\"article-section\" data-section=\"vain seiskassa\"><br \/>\n            vain seiskassa<br \/>\n        <\/strong><br \/>\n        24.6. 07:00\n    <\/p>\n<p>Liiketila \u00f6kyalueella! Kauramaitomies JP Kukkosen uusi aluevaltaus\n    <\/p>\n<p itemprop=\"description\" class=\"subtitle \">\n    Kohujulkkis panostaa nyt nautinnollisempaan seksiin.\n<\/p>\n<p>        <\/a><\/p>\n<p class=\"article-content article-content-width !bg-background\">Firman tuotanto on alusta asti suunnattu laajemmalle kuin koto-Suomeen, kansainv\u00e4lisille markkinoille.<\/p>\n<p>Makea voitto<\/p>\n<p class=\"article-content article-content-width !bg-background\">JP:n firman tuore tuotemerkki nappasi Vuoden uusi br\u00e4ndi -palkinnon European Natural Beauty Awardseissa. Lis\u00e4ksi kaikki Blank&amp;:in ehdolle laittamat tuotteet saivat tunnustuksen erinomaisesta laadustaan l\u00e4hes t\u00e4ysin pistein.<\/p>\n<p>        <a itemprop=\"url\" href=\"https:\/\/www.seiska.fi\/vain-seiskassa\/jp-kukkonen-avoimena-rakkaudesta-suhdepaljastus\/1941073\" rel=\"nofollow noopener\" target=\"_blank\"><\/p>\n<p>\nKaurakunkku avoimena rakkaudesta\n<\/p>\n<p class=\"section-date\">\n        <strong class=\"article-section\" data-section=\"vain seiskassa\"><br \/>\n            vain seiskassa<br \/>\n        <\/strong><br \/>\n        28.9. 07:00\n    <\/p>\n<p>JP Kukkonen avoimena rakkaudesta \u2013 suhdepaljastus!\n    <\/p>\n<p itemprop=\"description\" class=\"subtitle \">\n    JP ihmettelee, miksi monet kuvittelevat h\u00e4nen olevan edelleen tekemisiss\u00e4 ex-rakkaansa Netan kanssa.\n<\/p>\n<p>        <\/a><\/p>\n<p class=\"article-content article-content-width !bg-background\">Firman yhten\u00e4 kolmesta perustajasta ja hallituksen j\u00e4senen\u00e4 JP p\u00e4\u00e4sikin riemuitsemaan Instagram-tilill\u00e4\u00e4n.<\/p>\n<p class=\"article-content article-content-width !bg-background\">\u2013\u00a0Suomessa ei muka osata rakentaa br\u00e4ndej\u00e4?\u00a0No t\u00e4n\u00e4\u00e4n voitettiin Euroopan parhaan uuden kosmetiikkabr\u00e4ndin palkinto<br \/>\nPariisin muotiviikoilla. Saa toistaa per\u00e4ss\u00e4, h\u00e4n kirjoitti Instagramista jo poistuneessa tarinassaan.<\/p>\n<p>Kommentoi Rempse\u00e4sti Seiskalle\u00a0<\/p>\n<p class=\"article-content article-content-width !bg-background\">JP ei k\u00e4tke kynttil\u00e4\u00e4ns\u00e4 vakan alle. Puhe tuoreesta voitosta on rempse\u00e4\u00e4.<\/p>\n<p class=\"article-content article-content-width !bg-background\">\u2013 Pariisin y\u00f6ss\u00e4 juhlittiin kunnolla. Matingnon Paris -luksusklubilla railakas illanvietto jatkui pikkutunneille.<\/p>\n<p>        <a itemprop=\"url\" href=\"https:\/\/www.seiska.fi\/vain-seiskassa\/jp-kukkonen-heratti-hammennysta-helsingissa-paljonpuhuva-video\/1937826\" rel=\"nofollow noopener\" target=\"_blank\"><\/p>\n<p>\nPaljonpuhuva video!\n<\/p>\n<p class=\"section-date\">\n        <strong class=\"article-section\" data-section=\"vain seiskassa\"><br \/>\n            vain seiskassa<br \/>\n        <\/strong><br \/>\n        25.9. 05:30\n    <\/p>\n<p>JP Kukkonen her\u00e4tti h\u00e4mmennyst\u00e4 Helsingiss\u00e4 \u2013 paljonpuhuva video!\n    <\/p>\n<p itemprop=\"description\" class=\"subtitle \">\n    Kohuliikemiehen mukaan h\u00e4n oli viett\u00e4m\u00e4ss\u00e4 &#8221;oikein mukavaa iltaa&#8221; yst\u00e4viens\u00e4 kanssa.\n<\/p>\n<p>        <\/a><\/p>\n<p class=\"article-content article-content-width !bg-background\">Tunnelmaa kohotti se, ettei juhlimassa ollut ainoastaan Blank&amp;:in v\u00e4ki, vaan mukana oli suomalaisen kosmetiikkatuotannon kerma.<\/p>\n<p class=\"article-content article-content-width !bg-background\">\u2013 Iltahan oli koko Suomelle voittoisa! Meik\u00e4l\u00e4inen kosmetiikka sai k\u00e4sitt\u00e4m\u00e4tt\u00f6m\u00e4sti tunnustusta.<\/p>\n<p class=\"article-content article-content-width !bg-background\">Oman br\u00e4ndins\u00e4 tulokasvoitosta puhuessaan JP:n sanoissa sek\u00e4 ylpeytt\u00e4 saavutuksista ett\u00e4 n\u00f6yryytt\u00e4 koko tiimi\u00e4 kohtaan.<\/p>\n<p class=\"article-content article-content-width !bg-background\">\u2013 Meill\u00e4 on maailman paras tiimi, jolla on rakennettu huikea br\u00e4ndi, JP kehuu.<\/p>\n<p class=\"article-content article-content-width !bg-background\">\u2013 Kertokaa toinen suomalaisbr\u00e4ndi, joka on valittu vuoden tulokkaaksi Pariisin muotiviikolla! Kunpa t\u00e4m\u00e4 esimerkki auttaisi muitakin uskomaan, ett\u00e4 t\u00e4\u00e4ll\u00e4 Per\u00e4-Pohjolassa voi tehd\u00e4 mit\u00e4 vain. Yht\u00e4 hyvin tai paremmin kuin Ruotsissa.<\/p>\n<p>&#8221;Turha tulla selitt\u00e4m\u00e4\u00e4n&#8221;<\/p>\n<p class=\"article-content article-content-width !bg-background\">Nyrpe\u00e4mpi\u00e4 sanoja sijoittaja ja yritt\u00e4j\u00e4 jakaa somekommentoijille.<\/p>\n<p class=\"article-content article-content-width !bg-background\">\u2013 Turha en\u00e4\u00e4 tulla selitt\u00e4m\u00e4\u00e4n, ett\u00e4 en olisi koskaan tehnyt t\u00f6it\u00e4 tai el\u00e4m\u00e4ni olisi vain laiskottelua. Vittu, kun jengi tiet\u00e4isi, mit\u00e4 kaikkea p\u00e4iv\u00e4ss\u00e4 teen.<\/p>\n<p>        <a itemprop=\"url\" href=\"https:\/\/www.seiska.fi\/vain-seiskassa\/jp-kukkonen-avoimena-saamastaan-vihasta-perinteisen-kaduntallaajan-voi-olla-vaikea-ymmartaa\/1940666\" rel=\"nofollow noopener\" target=\"_blank\"><\/p>\n<p>\nJP Kukkosen tilitys\n<\/p>\n<p class=\"section-date\">\n        <strong class=\"article-section\" data-section=\"vain seiskassa\"><br \/>\n            vain seiskassa<br \/>\n        <\/strong><br \/>\n        26.9. 16:00\n    <\/p>\n<p>JP Kukkonen avoimena saamastaan vihasta: &#8221;Perinteisen kaduntallaajan voi olla vaikea ymm\u00e4rt\u00e4\u00e4&#8221;\n    <\/p>\n<p itemprop=\"description\" class=\"subtitle \">\n    &#8221;Kaurakunkulla&#8221; on rahaa ja kallis el\u00e4m\u00e4ntyyli, joka her\u00e4tt\u00e4\u00e4 ihmisiss\u00e4 tunteita.\n<\/p>\n<p>        <\/a><\/p>\n<p class=\"article-content article-content-width !bg-background\">Mit\u00e4 JP sitten tekee?<\/p>\n<p class=\"article-content article-content-width !bg-background\">\u2013 Joka p\u00e4iv\u00e4 tapahtuu niin paljon ja ihan \u00e4lytt\u00f6mi\u00e4 asioita, ett\u00e4 iso osa ihmisist\u00e4 ei koe sellaista koskaan.<\/p>\n<p>                <img decoding=\"async\" src=\"https:\/\/www.europesays.com\/fi\/wp-content\/uploads\/2025\/10\/1948539.webp\" width=\"576\" height=\"274\" alt=\"JP ei k\u00e4tke omaisuuttaan vakan alle. H\u00e4n toivoo Blank&amp;:in saavutusten olevan esimerkkin\u00e4 muillekin. \u2013 Meill\u00e4 voi tehd\u00e4 parempaa kuin Ruotsissa!\" loading=\"lazy\" \/>            <\/p>\n<p>\n            JP ei k\u00e4tke omaisuuttaan vakan alle. H\u00e4n toivoo Blank&amp;:in saavutusten olevan esimerkkin\u00e4 muillekin. \u2013 Meill\u00e4 voi tehd\u00e4 parempaa kuin Ruotsissa!<br \/>\n            Panu H\u00f6rkk\u00f6\n        <\/p>\n<p class=\"article-content article-content-width !bg-background\">Tarkemmin JP on ollut t\u00e4ss\u00e4kin firmassa perustaja, projektin aloittaja ja on nyt hallituksen j\u00e4sen. H\u00e4n kertoo olevansa hallitusrooliltaan usein auttaja.<\/p>\n<p class=\"article-content article-content-width !bg-background\">Ominta aluetta on kontakteissa auttaminen.<\/p>\n<p class=\"article-content article-content-width !bg-background\">\u2013 Poikkeuksellisen avoimena persoonana kontaktiverkosto finanssialan piireiss\u00e4 on suuri. Minua pyydet\u00e4\u00e4n mukaan tosi monenlaisiin projekteihin.<\/p>\n<p>        <a itemprop=\"url\" href=\"https:\/\/www.seiska.fi\/vain-seiskassa\/jp-kukkonen-oli-kuolla-menetin-tajuntani\/1938171\" rel=\"nofollow noopener\" target=\"_blank\"><\/p>\n<p>\nSekunneista kiinni!\n<\/p>\n<p class=\"section-date\">\n        <strong class=\"article-section\" data-section=\"vain seiskassa\"><br \/>\n            vain seiskassa<br \/>\n        <\/strong><br \/>\n        24.9. 06:00\n    <\/p>\n<p>JP Kukkonen oli kuolla: \u201dMenetin tajuntani \u201d\n    <\/p>\n<p itemprop=\"description\" class=\"subtitle \">\n    Kauramiljon\u00e4\u00e4ri joutui onnettomuuteen, jollainen on koitunut erityisesti vanhusten kohtaloksi.\n<\/p>\n<p>        <\/a><\/p>\n","protected":false},"excerpt":{"rendered":"Panu H\u00f6rkk\u00f6 Suomen v\u00e4rikk\u00e4in miljon\u00e4\u00e4ri yltyy kiroamaan somekommenteista puhuessaan. on Suomen v\u00e4rikk\u00e4in multimiljon\u00e4\u00e4ri. J\u00e4ttiomaisuuden yhten\u00e4 juurena olleet kauramaitobisnekset&hellip;\n","protected":false},"author":2,"featured_media":51328,"comment_status":"","ping_status":"","sticky":false,"template":"","format":"standard","meta":{"footnotes":""},"categories":[136],"tags":[12680,12679,407,12678,137,33,31,30,11530,408,2682,12673,12676,5869,12675,12674,12677,12396,1240,32,109],"class_list":{"0":"post-51327","1":"post","2":"type-post","3":"status-publish","4":"format-standard","5":"has-post-thumbnail","7":"category-julkkikset","8":"tag-blank","9":"tag-blanket","10":"tag-celebrities","11":"tag-enkelisijoittaja","12":"tag-entertainment","13":"tag-fi","14":"tag-finland","15":"tag-finnish","16":"tag-jp-kukkonen","17":"tag-julkkikset","18":"tag-kauneus","19":"tag-kauramiljonaari","20":"tag-kosmetiikka","21":"tag-miljonaari","22":"tag-multimiljonaari","23":"tag-palkinto","24":"tag-pariisin-muotiviikko","25":"tag-pariisin-muotiviikot","26":"tag-raha","27":"tag-suomi","28":"tag-viihde"},"share_on_mastodon":{"url":"","error":""},"_links":{"self":[{"href":"https:\/\/www.europesays.com\/fi\/wp-json\/wp\/v2\/posts\/51327","targetHints":{"allow":["GET"]}}],"collection":[{"href":"https:\/\/www.europesays.com\/fi\/wp-json\/wp\/v2\/posts"}],"about":[{"href":"https:\/\/www.europesays.com\/fi\/wp-json\/wp\/v2\/types\/post"}],"author":[{"embeddable":true,"href":"https:\/\/www.europesays.com\/fi\/wp-json\/wp\/v2\/users\/2"}],"replies":[{"embeddable":true,"href":"https:\/\/www.europesays.com\/fi\/wp-json\/wp\/v2\/comments?post=51327"}],"version-history":[{"count":0,"href":"https:\/\/www.europesays.com\/fi\/wp-json\/wp\/v2\/posts\/51327\/revisions"}],"wp:featuredmedia":[{"embeddable":true,"href":"https:\/\/www.europesays.com\/fi\/wp-json\/wp\/v2\/media\/51328"}],"wp:attachment":[{"href":"https:\/\/www.europesays.com\/fi\/wp-json\/wp\/v2\/media?parent=51327"}],"wp:term":[{"taxonomy":"category","embeddable":true,"href":"https:\/\/www.europesays.com\/fi\/wp-json\/wp\/v2\/categories?post=51327"},{"taxonomy":"post_tag","embeddable":true,"href":"https:\/\/www.europesays.com\/fi\/wp-json\/wp\/v2\/tags?post=51327"}],"curies":[{"name":"wp","href":"https:\/\/api.w.org\/{rel}","templated":true}]}}