{"id":51331,"date":"2025-10-02T09:48:08","date_gmt":"2025-10-02T09:48:08","guid":{"rendered":"https:\/\/www.europesays.com\/fi\/51331\/"},"modified":"2025-10-02T09:48:08","modified_gmt":"2025-10-02T09:48:08","slug":"entinen-huippujaakiekkoilija-jere-karalahti-on-vangittu-epailtyna-huumerikoksesta-kotimaa","status":"publish","type":"post","link":"https:\/\/www.europesays.com\/fi\/51331\/","title":{"rendered":"Entinen huippuj\u00e4\u00e4kiekkoilija Jere Karalahti on vangittu ep\u00e4iltyn\u00e4 huumerikoksesta | Kotimaa"},"content":{"rendered":"<p class=\"aw-1gybjub aw-5vja16 cmIuaG zKETg yle__article__paragraph\">Ylen tietojen mukaan Jere Karalahti vangittiin t\u00e4n\u00e4\u00e4n aamup\u00e4iv\u00e4ll\u00e4 Helsingin k\u00e4r\u00e4j\u00e4oikeudessa. Karalahtea ep\u00e4ill\u00e4\u00e4n t\u00f6rke\u00e4st\u00e4 huumerikoksesta.<\/p>\n<p><img decoding=\"async\" alt=\"Jere Karalahti\" src=\"https:\/\/www.europesays.com\/fi\/wp-content\/uploads\/2025\/10\/39-7604735ff95624a239a.jpeg\" class=\"aw-1l9m598 hKVVvP\"\/><\/p>\n<p>Avaa kuvien katselu<\/p>\n<p>Jere Karalahti kuvattuna 2021 Lauttasaaressa. Kuva: Tiina Jutila \/ Yle<\/p>\n<p>12:18\u2022P\u00e4ivitetty 12:43<\/p>\n<p class=\"aw-1gybjub aw-1p7kakr cmIuaG fmSRng yle__article__paragraph\">Entinen huippuj\u00e4\u00e4kiekkoilija <strong class=\"aw-ak79eh KyCXm yle__article__strong\">Jere Karalahti<\/strong> on vangittu t\u00e4n\u00e4\u00e4n aamup\u00e4iv\u00e4ll\u00e4 ep\u00e4iltyn\u00e4 t\u00f6rke\u00e4st\u00e4 huumerikosep\u00e4ilyst\u00e4.<\/p>\n<p class=\"aw-1gybjub aw-1p7kakr cmIuaG fmSRng yle__article__paragraph\">Yle tavoitti puhelimitse Karalahden asianajajan <strong class=\"aw-ak79eh KyCXm yle__article__strong\">Mikko Ruuttusen<\/strong>.<\/p>\n<p class=\"aw-1gybjub aw-1p7kakr cmIuaG fmSRng yle__article__paragraph\">H\u00e4n kommentoi ep\u00e4ily\u00e4 Ylelle n\u00e4in.<\/p>\n<p class=\"aw-1gybjub aw-1p7kakr cmIuaG fmSRng yle__article__paragraph\">\u2013 P\u00e4\u00e4mieheni kiist\u00e4\u00e4 t\u00e4m\u00e4n rikosep\u00e4ilyn kokonaisuudessaan.<\/p>\n<p class=\"aw-1gybjub aw-1p7kakr cmIuaG fmSRng yle__article__paragraph\"><strong class=\"aw-ak79eh KyCXm yle__article__strong\">Millaisesta rikosep\u00e4ilyst\u00e4 t\u00e4ss\u00e4 on kyse?<\/strong><\/p>\n<p class=\"aw-1gybjub aw-1p7kakr cmIuaG fmSRng yle__article__paragraph\">\u2013 Sit\u00e4 en voi avata, koska t\u00e4m\u00e4 on salainen [t\u00e4ss\u00e4 vaiheessa], Ruuttunen vastaa.<\/p>\n<p class=\"aw-1gybjub aw-1p7kakr cmIuaG fmSRng yle__article__paragraph\">Ylen tietojen mukaan Karalahtea ep\u00e4ill\u00e4\u00e4n t\u00f6rke\u00e4st\u00e4 huumerikoksesta.<\/p>\n<p class=\"aw-1gybjub aw-1p7kakr cmIuaG fmSRng yle__article__paragraph\">K\u00e4r\u00e4j\u00e4oikeuden tiedoista k\u00e4y ilmi, ett\u00e4 Karalahden ep\u00e4ill\u00e4\u00e4n syyllistyneen t\u00f6rke\u00e4\u00e4n huumerikokseen Helsinginss\u00e4 1.6.\u201329.9.2025.<\/p>\n<p class=\"aw-1gybjub aw-1p7kakr cmIuaG fmSRng yle__article__paragraph\">Jere Karalahti on uransa lopettanut suomalainen j\u00e4\u00e4kiekkopuolustaja. Karalahti pelasi Suomen maajoukkueessa, KHL:ss\u00e4, SM-liigassa ja NHL:ss\u00e4.<\/p>\n<p class=\"aw-1gybjub aw-1p7kakr cmIuaG fmSRng yle__article__paragraph\">Karalahti oli edellisen kerran julkisuudessa, kun h\u00e4n osallistui nyrkkeilyotteluun Helsingin j\u00e4\u00e4hallissa viime lauantaina.<\/p>\n<p class=\"aw-1gybjub aw-1p7kakr cmIuaG fmSRng yle__article__paragraph\">Karalahti nyrkkeili ex-kehonrakentaja ja somepersoona Matias Nieme\u00e4 vastaan. Karalahti h\u00e4visi ottelun.<\/p>\n<p class=\"aw-1gybjub aw-1p7kakr cmIuaG fmSRng yle__article__paragraph\">Uutinen p\u00e4ivittyy<\/p>\n","protected":false},"excerpt":{"rendered":"Ylen tietojen mukaan Jere Karalahti vangittiin t\u00e4n\u00e4\u00e4n aamup\u00e4iv\u00e4ll\u00e4 Helsingin k\u00e4r\u00e4j\u00e4oikeudessa. Karalahtea ep\u00e4ill\u00e4\u00e4n t\u00f6rke\u00e4st\u00e4 huumerikoksesta. Avaa kuvien katselu Jere&hellip;\n","protected":false},"author":2,"featured_media":51332,"comment_status":"","ping_status":"","sticky":false,"template":"","format":"standard","meta":{"footnotes":""},"categories":[158],"tags":[33,31,30,71,581,159,32,160],"class_list":{"0":"post-51331","1":"post","2":"type-post","3":"status-publish","4":"format-standard","5":"has-post-thumbnail","7":"category-urheilu","8":"tag-fi","9":"tag-finland","10":"tag-finnish","11":"tag-kotimaa","12":"tag-rikokset","13":"tag-sports","14":"tag-suomi","15":"tag-urheilu"},"share_on_mastodon":{"url":"","error":""},"_links":{"self":[{"href":"https:\/\/www.europesays.com\/fi\/wp-json\/wp\/v2\/posts\/51331","targetHints":{"allow":["GET"]}}],"collection":[{"href":"https:\/\/www.europesays.com\/fi\/wp-json\/wp\/v2\/posts"}],"about":[{"href":"https:\/\/www.europesays.com\/fi\/wp-json\/wp\/v2\/types\/post"}],"author":[{"embeddable":true,"href":"https:\/\/www.europesays.com\/fi\/wp-json\/wp\/v2\/users\/2"}],"replies":[{"embeddable":true,"href":"https:\/\/www.europesays.com\/fi\/wp-json\/wp\/v2\/comments?post=51331"}],"version-history":[{"count":0,"href":"https:\/\/www.europesays.com\/fi\/wp-json\/wp\/v2\/posts\/51331\/revisions"}],"wp:featuredmedia":[{"embeddable":true,"href":"https:\/\/www.europesays.com\/fi\/wp-json\/wp\/v2\/media\/51332"}],"wp:attachment":[{"href":"https:\/\/www.europesays.com\/fi\/wp-json\/wp\/v2\/media?parent=51331"}],"wp:term":[{"taxonomy":"category","embeddable":true,"href":"https:\/\/www.europesays.com\/fi\/wp-json\/wp\/v2\/categories?post=51331"},{"taxonomy":"post_tag","embeddable":true,"href":"https:\/\/www.europesays.com\/fi\/wp-json\/wp\/v2\/tags?post=51331"}],"curies":[{"name":"wp","href":"https:\/\/api.w.org\/{rel}","templated":true}]}}